{"id":12262,"date":"2024-06-04T15:35:09","date_gmt":"2024-06-04T18:35:09","guid":{"rendered":"https:\/\/www.caritasne2.org.br\/site\/?p=12262"},"modified":"2024-06-04T15:35:09","modified_gmt":"2024-06-04T18:35:09","slug":"empreende-migrante-comite-avalia-planos-de-negocio-e-seleciona-empreendimentos-de-migrantes-com-fundo-de-credito-solidario","status":"publish","type":"post","link":"https:\/\/www.caritasne2.org.br\/site\/empreende-migrante-comite-avalia-planos-de-negocio-e-seleciona-empreendimentos-de-migrantes-com-fundo-de-credito-solidario\/","title":{"rendered":"Empreende Migrante Comit\u00ea avalia planos de neg\u00f3cio e seleciona empreendimentos de migrantes com Fundo de Cr\u00e9dito Solid\u00e1rio"},"content":{"rendered":"<p>Nos dias 23 e 28 de maio,\u00a0o Empreende Migrante Comit\u00ea (EMC) e equipe do Programa de Migra\u00e7\u00e3o e Ref\u00fagio da C\u00e1ritas Regional Nordeste 2 (CBNE2) se reuniram de forma virtual e presencial, na\u00a0Casa de Direitos de Pernambuco, para avalia\u00e7\u00e3o dos planos de neg\u00f3cio e sele\u00e7\u00e3o dos empreendimentos\u00a0de migrantes\u00a0que ser\u00e3o assessorados pelo EMC com o Fundo de Cr\u00e9dito Solid\u00e1rio.<\/p>\n<p>Os integrantes do comit\u00ea ser\u00e3o respons\u00e1veis pela gest\u00e3o do Fundo de Cr\u00e9dito Solid\u00e1rio destinado ao fortalecimento de empreendimentos de migrantes venezuelanos no territ\u00f3rio que abrange os estados de Alagoas, Pernambuco, Para\u00edba e Rio Grande do Norte.<\/p>\n<p>No primeiro encontro aconteceu de forma h\u00edbrida e foram avaliados tr\u00eas empreendimentos de migrantes. J\u00e1 no segundo encontro presencial na Casa de Direitos teve\u00a0in\u00edcio com um momento de chegan\u00e7a e m\u00edstica conduzido pela assessora regional do programa, Mona Mirella, seguido da apresenta\u00e7\u00e3o dos planos de neg\u00f3cio dos empreendimentos, leitura e assinatura do termo ades\u00e3o para os volunt\u00e1rios que comp\u00f5em o comit\u00ea,\u00a0e assinatura do termo de ades\u00e3o ao\u00a0C\u00f3digo de Conduta e \u00c9tica da C\u00e1ritas Brasileira.<\/p>\n<p><img decoding=\"async\" loading=\"lazy\" class=\" wp-image-12265 aligncenter\" src=\"https:\/\/www.caritasne2.org.br\/site\/wp-content\/uploads\/2024\/06\/WhatsApp-Image-2024-05-29-at-09.20.39-300x225.jpeg\" alt=\"\" width=\"448\" height=\"336\" srcset=\"https:\/\/www.caritasne2.org.br\/site\/wp-content\/uploads\/2024\/06\/WhatsApp-Image-2024-05-29-at-09.20.39-300x225.jpeg 300w, https:\/\/www.caritasne2.org.br\/site\/wp-content\/uploads\/2024\/06\/WhatsApp-Image-2024-05-29-at-09.20.39-1024x768.jpeg 1024w, https:\/\/www.caritasne2.org.br\/site\/wp-content\/uploads\/2024\/06\/WhatsApp-Image-2024-05-29-at-09.20.39-768x576.jpeg 768w, https:\/\/www.caritasne2.org.br\/site\/wp-content\/uploads\/2024\/06\/WhatsApp-Image-2024-05-29-at-09.20.39-1536x1152.jpeg 1536w, https:\/\/www.caritasne2.org.br\/site\/wp-content\/uploads\/2024\/06\/WhatsApp-Image-2024-05-29-at-09.20.39.jpeg 1600w\" sizes=\"(max-width: 448px) 100vw, 448px\" \/><\/p>\n<p><img decoding=\"async\" loading=\"lazy\" class=\" wp-image-12264 aligncenter\" src=\"https:\/\/www.caritasne2.org.br\/site\/wp-content\/uploads\/2024\/06\/WhatsApp-Image-2024-05-28-at-18.18.54-225x300.jpeg\" alt=\"\" width=\"370\" height=\"493\" srcset=\"https:\/\/www.caritasne2.org.br\/site\/wp-content\/uploads\/2024\/06\/WhatsApp-Image-2024-05-28-at-18.18.54-225x300.jpeg 225w, https:\/\/www.caritasne2.org.br\/site\/wp-content\/uploads\/2024\/06\/WhatsApp-Image-2024-05-28-at-18.18.54-768x1024.jpeg 768w, https:\/\/www.caritasne2.org.br\/site\/wp-content\/uploads\/2024\/06\/WhatsApp-Image-2024-05-28-at-18.18.54.jpeg 960w\" sizes=\"(max-width: 370px) 100vw, 370px\" \/><\/p>\n<p>Os membros do EMC participar\u00e3o das atividades pelo per\u00edodo de um ano, com atividades de avalia\u00e7\u00e3o dos planos de neg\u00f3cios, sele\u00e7\u00e3o das propostas, e gest\u00e3o dos recursos financeiros e n\u00e3o financeiros do fundo, seguindo as diretrizes estabelecidas no regimento interno. A cria\u00e7\u00e3o do EMC fortalece a estrat\u00e9gia de prote\u00e7\u00e3o do programa de Migra\u00e7\u00e3o e Ref\u00fagio que\u00a0promove a defesa dos direitos inalien\u00e1veis, e garantia da liberdade fundamental e o respeito pela sua dignidade humana dos migrantes.<\/p>\n<p>Oito empreendimentos foram contemplados para receberem o\u00a0Fundo de Cr\u00e9dito Solid\u00e1rio\u00a0e\u00a0assessoria do comit\u00ea. Desses, cinco s\u00e3o de Pernambuco, dois da Para\u00edba, e\u00a0um de Alagoas: Tequenhos do\u00a0Rey\u00a0\u2013 Macei\u00f3 (AL), Dona\u00a0Emelis\u00a0&#8211; Campina Grande (PB), Barbearia Ele Venezuelano &#8211; Campina Grande (PB), Empreendedores no Brasil \u2013 Igarassu (PE), Minha Esperanza \u2013 Igarassu (PE), Francy Beth Tran\u00e7as e Penteados \u2013 Recife (PE), Cambalache Cultural \u2013 Olinda (PE), \u00a0e La Embajada Latina Dbv \u2013 Recife (PE).<\/p>\n<p><img decoding=\"async\" loading=\"lazy\" class=\" wp-image-12267 aligncenter\" src=\"https:\/\/www.caritasne2.org.br\/site\/wp-content\/uploads\/2024\/06\/WhatsApp-Image-2024-05-29-at-09.20.37-300x225.jpeg\" alt=\"\" width=\"450\" height=\"337\" srcset=\"https:\/\/www.caritasne2.org.br\/site\/wp-content\/uploads\/2024\/06\/WhatsApp-Image-2024-05-29-at-09.20.37-300x225.jpeg 300w, https:\/\/www.caritasne2.org.br\/site\/wp-content\/uploads\/2024\/06\/WhatsApp-Image-2024-05-29-at-09.20.37-1024x768.jpeg 1024w, https:\/\/www.caritasne2.org.br\/site\/wp-content\/uploads\/2024\/06\/WhatsApp-Image-2024-05-29-at-09.20.37-768x576.jpeg 768w, https:\/\/www.caritasne2.org.br\/site\/wp-content\/uploads\/2024\/06\/WhatsApp-Image-2024-05-29-at-09.20.37-1536x1152.jpeg 1536w, https:\/\/www.caritasne2.org.br\/site\/wp-content\/uploads\/2024\/06\/WhatsApp-Image-2024-05-29-at-09.20.37.jpeg 1600w\" sizes=\"(max-width: 450px) 100vw, 450px\" \/><\/p>\n<p><img decoding=\"async\" loading=\"lazy\" class=\" wp-image-12266 aligncenter\" src=\"https:\/\/www.caritasne2.org.br\/site\/wp-content\/uploads\/2024\/06\/WhatsApp-Image-2024-05-28-at-18.19.03-225x300.jpeg\" alt=\"\" width=\"359\" height=\"479\" srcset=\"https:\/\/www.caritasne2.org.br\/site\/wp-content\/uploads\/2024\/06\/WhatsApp-Image-2024-05-28-at-18.19.03-225x300.jpeg 225w, https:\/\/www.caritasne2.org.br\/site\/wp-content\/uploads\/2024\/06\/WhatsApp-Image-2024-05-28-at-18.19.03-768x1024.jpeg 768w, https:\/\/www.caritasne2.org.br\/site\/wp-content\/uploads\/2024\/06\/WhatsApp-Image-2024-05-28-at-18.19.03.jpeg 960w\" sizes=\"(max-width: 359px) 100vw, 359px\" \/><\/p>\n<ul class=\"ssb_list_wrapper\"><li class=\"fb2\" style=\"width:135px\"><iframe src=\"\/\/www.facebook.com\/plugins\/like.php?href=https%3A%2F%2Fwww.caritasne2.org.br%2Fsite%2Fempreende-migrante-comite-avalia-planos-de-negocio-e-seleciona-empreendimentos-de-migrantes-com-fundo-de-credito-solidario%2F&amp;layout=button_count&amp;action=like&amp;show_faces=false&amp;share=true&amp;width=135&amp;height=21&amp;appId=307091639398582\" scrolling=\"no\" frameborder=\"0\" style=\"border:none; overflow:hidden;  width:150px; height:21px;\" allowTransparency=\"true\"><\/iframe><\/li><li class=\"twtr\" style=\"width:90px\"><a href=\"https:\/\/twitter.com\/share\" class=\"twitter-share-button\" data-url=\"https:\/\/www.caritasne2.org.br\/site\/empreende-migrante-comite-avalia-planos-de-negocio-e-seleciona-empreendimentos-de-migrantes-com-fundo-de-credito-solidario\/\">&nbsp;<\/a><script>!function(d,s,id){var js,fjs=d.getElementsByTagName(s)[0],p=\/^http:\/.test(d.location)?'http':'https';if(!d.getElementById(id)){js=d.createElement(s);js.id=id;js.src=p+':\/\/platform.twitter.com\/widgets.js';fjs.parentNode.insertBefore(js,fjs);}}(document, 'script', 'twitter-wjs');<\/script><\/li><li class=\"gplus\" style=\"width:68px\"><div class=\"g-plusone\" data-size=\"medium\" data-href=\"https:\/\/www.caritasne2.org.br\/site\/empreende-migrante-comite-avalia-planos-de-negocio-e-seleciona-empreendimentos-de-migrantes-com-fundo-de-credito-solidario\/\"><\/div><\/li><li class=\"ssb_linkedin\" style=\"width:64px\"><script src=\"\/\/platform.linkedin.com\/in.js\" type=\"text\/javascript\">lang: en_US<\/script><script type=\"IN\/Share\" data-url=\"https:\/\/www.caritasne2.org.br\/site\/empreende-migrante-comite-avalia-planos-de-negocio-e-seleciona-empreendimentos-de-migrantes-com-fundo-de-credito-solidario\/\" data-counter=\"right\"><\/script><\/li><\/ul>","protected":false},"excerpt":{"rendered":"<p>Nos dias 23 e 28 de maio,\u00a0o Empreende Migrante Comit\u00ea (EMC) e equipe do Programa de Migra\u00e7\u00e3o e Ref\u00fagio da C\u00e1ritas Regional Nordeste 2 (CBNE2) se reuniram de forma virtual e presencial, na\u00a0Casa de Direitos de Pernambuco, para avalia\u00e7\u00e3o dos planos de neg\u00f3cio e sele\u00e7\u00e3o dos empreendimentos\u00a0de migrantes\u00a0que ser\u00e3o assessorados pelo EMC com o Fundo de Cr\u00e9dito Solid\u00e1rio. Os integrantes do comit\u00ea ser\u00e3o respons\u00e1veis pela [&hellip;]<\/p>\n<ul class=\"ssb_list_wrapper\"><li class=\"fb2\" style=\"width:135px\"><iframe src=\"\/\/www.facebook.com\/plugins\/like.php?href=https%3A%2F%2Fwww.caritasne2.org.br%2Fsite%2Fempreende-migrante-comite-avalia-planos-de-negocio-e-seleciona-empreendimentos-de-migrantes-com-fundo-de-credito-solidario%2F&amp;layout=button_count&amp;action=like&amp;show_faces=false&amp;share=true&amp;width=135&amp;height=21&amp;appId=307091639398582\" scrolling=\"no\" frameborder=\"0\" style=\"border:none; overflow:hidden;  width:150px; height:21px;\" allowTransparency=\"true\"><\/iframe><\/li><li class=\"twtr\" style=\"width:90px\"><a href=\"https:\/\/twitter.com\/share\" class=\"twitter-share-button\" data-url=\"https:\/\/www.caritasne2.org.br\/site\/empreende-migrante-comite-avalia-planos-de-negocio-e-seleciona-empreendimentos-de-migrantes-com-fundo-de-credito-solidario\/\">&nbsp;<\/a><script>!function(d,s,id){var js,fjs=d.getElementsByTagName(s)[0],p=\/^http:\/.test(d.location)?'http':'https';if(!d.getElementById(id)){js=d.createElement(s);js.id=id;js.src=p+':\/\/platform.twitter.com\/widgets.js';fjs.parentNode.insertBefore(js,fjs);}}(document, 'script', 'twitter-wjs');<\/script><\/li><li class=\"gplus\" style=\"width:68px\"><div class=\"g-plusone\" data-size=\"medium\" data-href=\"https:\/\/www.caritasne2.org.br\/site\/empreende-migrante-comite-avalia-planos-de-negocio-e-seleciona-empreendimentos-de-migrantes-com-fundo-de-credito-solidario\/\"><\/div><\/li><li class=\"ssb_linkedin\" style=\"width:64px\"><script src=\"\/\/platform.linkedin.com\/in.js\" type=\"text\/javascript\">lang: en_US<\/script><script type=\"IN\/Share\" data-url=\"https:\/\/www.caritasne2.org.br\/site\/empreende-migrante-comite-avalia-planos-de-negocio-e-seleciona-empreendimentos-de-migrantes-com-fundo-de-credito-solidario\/\" data-counter=\"right\"><\/script><\/li><\/ul>","protected":false},"author":4,"featured_media":12263,"comment_status":"open","ping_status":"open","sticky":false,"template":"","format":"standard","meta":[],"categories":[21,20],"tags":[],"_links":{"self":[{"href":"https:\/\/www.caritasne2.org.br\/site\/wp-json\/wp\/v2\/posts\/12262"}],"collection":[{"href":"https:\/\/www.caritasne2.org.br\/site\/wp-json\/wp\/v2\/posts"}],"about":[{"href":"https:\/\/www.caritasne2.org.br\/site\/wp-json\/wp\/v2\/types\/post"}],"author":[{"embeddable":true,"href":"https:\/\/www.caritasne2.org.br\/site\/wp-json\/wp\/v2\/users\/4"}],"replies":[{"embeddable":true,"href":"https:\/\/www.caritasne2.org.br\/site\/wp-json\/wp\/v2\/comments?post=12262"}],"version-history":[{"count":1,"href":"https:\/\/www.caritasne2.org.br\/site\/wp-json\/wp\/v2\/posts\/12262\/revisions"}],"predecessor-version":[{"id":12268,"href":"https:\/\/www.caritasne2.org.br\/site\/wp-json\/wp\/v2\/posts\/12262\/revisions\/12268"}],"wp:featuredmedia":[{"embeddable":true,"href":"https:\/\/www.caritasne2.org.br\/site\/wp-json\/wp\/v2\/media\/12263"}],"wp:attachment":[{"href":"https:\/\/www.caritasne2.org.br\/site\/wp-json\/wp\/v2\/media?parent=12262"}],"wp:term":[{"taxonomy":"category","embeddable":true,"href":"https:\/\/www.caritasne2.org.br\/site\/wp-json\/wp\/v2\/categories?post=12262"},{"taxonomy":"post_tag","embeddable":true,"href":"https:\/\/www.caritasne2.org.br\/site\/wp-json\/wp\/v2\/tags?post=12262"}],"curies":[{"name":"wp","href":"https:\/\/api.w.org\/{rel}","templated":true}]}}