{"id":12246,"date":"2024-05-28T15:17:00","date_gmt":"2024-05-28T18:17:00","guid":{"rendered":"https:\/\/www.caritasne2.org.br\/site\/?p=12246"},"modified":"2024-05-28T15:17:00","modified_gmt":"2024-05-28T18:17:00","slug":"voluntarios-participam-de-formacao-para-ajuda-humanitaria-as-familias-atingidas-pelo-crime-socioambiental-da-braskem-al","status":"publish","type":"post","link":"https:\/\/www.caritasne2.org.br\/site\/voluntarios-participam-de-formacao-para-ajuda-humanitaria-as-familias-atingidas-pelo-crime-socioambiental-da-braskem-al\/","title":{"rendered":"Volunt\u00e1rios participam de forma\u00e7\u00e3o para ajuda humanit\u00e1ria \u00e0s fam\u00edlias atingidas pelo crime socioambiental da Braskem (AL)"},"content":{"rendered":"<p style=\"text-align: justify;\">A\u00a0Comiss\u00e3o de escuta para os atingidos(as) pela Mineradora Braskem (AL) \u00e9 o resultado da agenda realizada pela C\u00e1ritas Brasileira Nordeste 2, Comiss\u00e3o para A\u00e7\u00e3o Sociotransformadora da CNBB NE2, institui\u00e7\u00e3o Cat\u00f3lica Alem\u00e3, Adveniat, e representantes de organismos, pastorais e movimentos da Arquidiocese de Macei\u00f3, em mar\u00e7o de 2024, que teve como objetivo propor a\u00e7\u00f5es de incid\u00eancia, e solu\u00e7\u00f5es estruturantes para a mitiga\u00e7\u00e3o dos impactos junto \u00e0s fam\u00edlias atingidas pelo crime ambiental da Braskem.<\/p>\n<p style=\"text-align: justify;\">No \u00faltimo dia, 21 de maio, representantes da Arquidiocese de Macei\u00f3, da\u00a0C\u00e1ritas Arquidiocesana de Macei\u00f3, da federa\u00e7\u00e3o de pescadores(as), dos organismos, movimentos e pastorais sociais, al\u00e9m de docentes, leigos e leigas, estudantes e religiosas participaram da Forma\u00e7\u00e3o de Volunt\u00e1rios(as) para ajuda humanit\u00e1ria e Cadastramento em Macei\u00f3,\u00a0na sede da ADUFAL (Associa\u00e7\u00e3o dos Docentes da Universidade Federal de Alagoas).<\/p>\n<p style=\"text-align: justify;\">A forma\u00e7\u00e3o teve como objetivo favorecer o conhecimento sobre ajuda humanit\u00e1ria e a apresenta\u00e7\u00e3o do sistema de cadastramento dos pescadores(as) para os(as) volunt\u00e1rios(as) da Arquidiocese de Macei\u00f3.\u00a0 A C\u00e1ritas Arquidiocesana de Macei\u00f3, acolheu os presentes nos dois momentos da forma\u00e7\u00e3o, manh\u00e3 e tarde, resgatando o papel e objetivo da Comiss\u00e3o de Escuta aos Atingidos(as) pela Mineradora Braskem (AL) e finalidade do encontro.<\/p>\n<p><img decoding=\"async\" loading=\"lazy\" class=\" wp-image-12254 aligncenter\" src=\"https:\/\/www.caritasne2.org.br\/site\/wp-content\/uploads\/2024\/05\/FormacaoComissaoEscutaBraskem-8-300x225.jpeg\" alt=\"\" width=\"432\" height=\"324\" srcset=\"https:\/\/www.caritasne2.org.br\/site\/wp-content\/uploads\/2024\/05\/FormacaoComissaoEscutaBraskem-8-300x225.jpeg 300w, https:\/\/www.caritasne2.org.br\/site\/wp-content\/uploads\/2024\/05\/FormacaoComissaoEscutaBraskem-8-1024x768.jpeg 1024w, https:\/\/www.caritasne2.org.br\/site\/wp-content\/uploads\/2024\/05\/FormacaoComissaoEscutaBraskem-8-768x576.jpeg 768w, https:\/\/www.caritasne2.org.br\/site\/wp-content\/uploads\/2024\/05\/FormacaoComissaoEscutaBraskem-8.jpeg 1280w\" sizes=\"(max-width: 432px) 100vw, 432px\" \/><\/p>\n<p style=\"text-align: justify;\">A C\u00e1ritas NE2 atrav\u00e9s da assessoria regional do MAGRE (Meio Ambiente, Gest\u00e3o de Riscos e Emerg\u00eancias) apresentou no\u00e7\u00f5es b\u00e1sicas para atua\u00e7\u00e3o em \u00a0Ajuda Humanit\u00e1ria, a Comiss\u00e3o para A\u00e7\u00e3o Sociotransformadora da CNBB NE2 \u00a0mostrou como fazer uma escuta ativa e emp\u00e1tica em momentos de ajuda humanit\u00e1ria \u00e0s fam\u00edlias afetadas , e por fim, advogada e volunt\u00e1ria,<strong>\u00a0<\/strong>Patr\u00edcia Guedes<strong>,<\/strong>\u00a0facilitou a capacita\u00e7\u00e3o para cadastro dos pescadores(as) no PesqBrasil, apresentando a plataforma do governo federal<em>\u00a0<\/em> respons\u00e1vel pelo registro do(a) pescador(a) para legalizar a atividade, e encaminhar o\u00a0processo de registro para emiss\u00e3o das carteiras profissionais\u00a0dos pescadores(as). \u201cEstou totalmente \u00e0 disposi\u00e7\u00e3o para constru\u00e7\u00e3o desse processo. Uma experi\u00eancia que vivenciei em PE, e quero trazer para Macei\u00f3, uma vez que os respons\u00e1veis n\u00e3o tem menor interesse na solu\u00e7\u00e3o dos mais atingidos \u00e0s fam\u00edlias e pescadores(as)\u201d, comentou Patr\u00edcia.<\/p>\n<p><img decoding=\"async\" loading=\"lazy\" class=\"wp-image-12251 aligncenter\" src=\"https:\/\/www.caritasne2.org.br\/site\/wp-content\/uploads\/2024\/05\/FormacaoComissaoEscutaBraskem-5-300x225.jpeg\" alt=\"\" width=\"435\" height=\"326\" srcset=\"https:\/\/www.caritasne2.org.br\/site\/wp-content\/uploads\/2024\/05\/FormacaoComissaoEscutaBraskem-5-300x225.jpeg 300w, https:\/\/www.caritasne2.org.br\/site\/wp-content\/uploads\/2024\/05\/FormacaoComissaoEscutaBraskem-5-1024x768.jpeg 1024w, https:\/\/www.caritasne2.org.br\/site\/wp-content\/uploads\/2024\/05\/FormacaoComissaoEscutaBraskem-5-768x576.jpeg 768w, https:\/\/www.caritasne2.org.br\/site\/wp-content\/uploads\/2024\/05\/FormacaoComissaoEscutaBraskem-5-1536x1152.jpeg 1536w, https:\/\/www.caritasne2.org.br\/site\/wp-content\/uploads\/2024\/05\/FormacaoComissaoEscutaBraskem-5.jpeg 1600w\" sizes=\"(max-width: 435px) 100vw, 435px\" \/><\/p>\n<p style=\"text-align: justify;\">Para Jaciara da Paz, volunt\u00e1ria da C\u00e1ritas Arquidiocesana de Macei\u00f3, \u201cprimeiro n\u00e3o podemos esquecer nosso papel na sociedade e Igreja para olharmos os nossos irm\u00e3os e irm\u00e3s em caso de cat\u00e1strofes. Segundo participar da forma\u00e7\u00e3o me fez ver um novo formato para ajudar nossos irm\u00e3os, \u00e0s vezes a ajuda n\u00e3o \u00e9 s\u00f3 com doa\u00e7\u00f5es, \u00e9 \u00a0saber ouvir, acolher, tamb\u00e9m\u201d, comenta.<\/p>\n<p style=\"text-align: justify;\">A forma\u00e7\u00e3o provocou junto a Comiss\u00e3o de Escuta alguns encaminhamentos como levantamento das demandas e log\u00edstica para cadastramentos com a Federa\u00e7\u00e3o dos Pescadores(as),\u00a0promover a\u00e7\u00f5es pilotos ainda no primeiro semestre do ano, ampliar a \u00a0representa\u00e7\u00e3o da Comiss\u00e3o com integrantes da UFAL (AL), organiza\u00e7\u00e3o de materiais metodol\u00f3gicos e \u00a0de log\u00edstica para as pr\u00f3ximas forma\u00e7\u00f5es\/ atividades.<\/p>\n<p style=\"text-align: justify;\">O crime ambiental causado pela mineradora Braskem\u00a0\u00e9 resultado da explora\u00e7\u00e3o da petroqu\u00edmica Braskem desde os anos 70 na cidade com a extra\u00e7\u00e3o de sal-gema.\u00a0\u00a0O desastre j\u00e1 era anunciado ap\u00f3s um tremor de terra em mar\u00e7o de 2018, provocando rachaduras nos im\u00f3veis, fendas nas ruas, afundamentos de solo e crateras que transformaram para sempre a vida dos moradores. Milhares de pessoas foram for\u00e7adas a deixar suas casas, enquanto outras, sem ter para onde ir, passaram a conviver com cortes de energia, precariedades de servi\u00e7os p\u00fablicos, descaso e lentid\u00e3o do Poder e Justi\u00e7a.<\/p>\n<p>\u00a0<img decoding=\"async\" loading=\"lazy\" class=\" wp-image-12253 aligncenter\" src=\"https:\/\/www.caritasne2.org.br\/site\/wp-content\/uploads\/2024\/05\/FormacaoComissaoEscutaBraskem-7-300x225.jpeg\" alt=\"\" width=\"399\" height=\"299\" srcset=\"https:\/\/www.caritasne2.org.br\/site\/wp-content\/uploads\/2024\/05\/FormacaoComissaoEscutaBraskem-7-300x225.jpeg 300w, https:\/\/www.caritasne2.org.br\/site\/wp-content\/uploads\/2024\/05\/FormacaoComissaoEscutaBraskem-7-1024x768.jpeg 1024w, https:\/\/www.caritasne2.org.br\/site\/wp-content\/uploads\/2024\/05\/FormacaoComissaoEscutaBraskem-7-768x576.jpeg 768w, https:\/\/www.caritasne2.org.br\/site\/wp-content\/uploads\/2024\/05\/FormacaoComissaoEscutaBraskem-7.jpeg 1280w\" sizes=\"(max-width: 399px) 100vw, 399px\" \/><\/p>\n<p><img decoding=\"async\" loading=\"lazy\" class=\" wp-image-12248 aligncenter\" src=\"https:\/\/www.caritasne2.org.br\/site\/wp-content\/uploads\/2024\/05\/FormacaoComissaoEscutaBraskem-2-300x225.jpeg\" alt=\"\" width=\"381\" height=\"286\" srcset=\"https:\/\/www.caritasne2.org.br\/site\/wp-content\/uploads\/2024\/05\/FormacaoComissaoEscutaBraskem-2-300x225.jpeg 300w, https:\/\/www.caritasne2.org.br\/site\/wp-content\/uploads\/2024\/05\/FormacaoComissaoEscutaBraskem-2-1024x768.jpeg 1024w, https:\/\/www.caritasne2.org.br\/site\/wp-content\/uploads\/2024\/05\/FormacaoComissaoEscutaBraskem-2-768x576.jpeg 768w, https:\/\/www.caritasne2.org.br\/site\/wp-content\/uploads\/2024\/05\/FormacaoComissaoEscutaBraskem-2-1536x1152.jpeg 1536w, https:\/\/www.caritasne2.org.br\/site\/wp-content\/uploads\/2024\/05\/FormacaoComissaoEscutaBraskem-2.jpeg 1600w\" sizes=\"(max-width: 381px) 100vw, 381px\" \/><\/p>\n<p><img decoding=\"async\" loading=\"lazy\" class=\" wp-image-12255 aligncenter\" src=\"https:\/\/www.caritasne2.org.br\/site\/wp-content\/uploads\/2024\/05\/WhatsApp-Image-2024-05-24-at-12.20.08-300x225.jpeg\" alt=\"\" width=\"412\" height=\"309\" srcset=\"https:\/\/www.caritasne2.org.br\/site\/wp-content\/uploads\/2024\/05\/WhatsApp-Image-2024-05-24-at-12.20.08-300x225.jpeg 300w, https:\/\/www.caritasne2.org.br\/site\/wp-content\/uploads\/2024\/05\/WhatsApp-Image-2024-05-24-at-12.20.08-1024x768.jpeg 1024w, https:\/\/www.caritasne2.org.br\/site\/wp-content\/uploads\/2024\/05\/WhatsApp-Image-2024-05-24-at-12.20.08-768x576.jpeg 768w, https:\/\/www.caritasne2.org.br\/site\/wp-content\/uploads\/2024\/05\/WhatsApp-Image-2024-05-24-at-12.20.08-1536x1152.jpeg 1536w, https:\/\/www.caritasne2.org.br\/site\/wp-content\/uploads\/2024\/05\/WhatsApp-Image-2024-05-24-at-12.20.08.jpeg 1600w\" sizes=\"(max-width: 412px) 100vw, 412px\" \/><\/p>\n<ul class=\"ssb_list_wrapper\"><li class=\"fb2\" style=\"width:135px\"><iframe src=\"\/\/www.facebook.com\/plugins\/like.php?href=https%3A%2F%2Fwww.caritasne2.org.br%2Fsite%2Fvoluntarios-participam-de-formacao-para-ajuda-humanitaria-as-familias-atingidas-pelo-crime-socioambiental-da-braskem-al%2F&amp;layout=button_count&amp;action=like&amp;show_faces=false&amp;share=true&amp;width=135&amp;height=21&amp;appId=307091639398582\" scrolling=\"no\" frameborder=\"0\" style=\"border:none; overflow:hidden;  width:150px; height:21px;\" allowTransparency=\"true\"><\/iframe><\/li><li class=\"twtr\" style=\"width:90px\"><a href=\"https:\/\/twitter.com\/share\" class=\"twitter-share-button\" data-url=\"https:\/\/www.caritasne2.org.br\/site\/voluntarios-participam-de-formacao-para-ajuda-humanitaria-as-familias-atingidas-pelo-crime-socioambiental-da-braskem-al\/\">&nbsp;<\/a><script>!function(d,s,id){var js,fjs=d.getElementsByTagName(s)[0],p=\/^http:\/.test(d.location)?'http':'https';if(!d.getElementById(id)){js=d.createElement(s);js.id=id;js.src=p+':\/\/platform.twitter.com\/widgets.js';fjs.parentNode.insertBefore(js,fjs);}}(document, 'script', 'twitter-wjs');<\/script><\/li><li class=\"gplus\" style=\"width:68px\"><div class=\"g-plusone\" data-size=\"medium\" data-href=\"https:\/\/www.caritasne2.org.br\/site\/voluntarios-participam-de-formacao-para-ajuda-humanitaria-as-familias-atingidas-pelo-crime-socioambiental-da-braskem-al\/\"><\/div><\/li><li class=\"ssb_linkedin\" style=\"width:64px\"><script src=\"\/\/platform.linkedin.com\/in.js\" type=\"text\/javascript\">lang: en_US<\/script><script type=\"IN\/Share\" data-url=\"https:\/\/www.caritasne2.org.br\/site\/voluntarios-participam-de-formacao-para-ajuda-humanitaria-as-familias-atingidas-pelo-crime-socioambiental-da-braskem-al\/\" data-counter=\"right\"><\/script><\/li><\/ul>","protected":false},"excerpt":{"rendered":"<p>A\u00a0Comiss\u00e3o de escuta para os atingidos(as) pela Mineradora Braskem (AL) \u00e9 o resultado da agenda realizada pela C\u00e1ritas Brasileira Nordeste 2, Comiss\u00e3o para A\u00e7\u00e3o Sociotransformadora da CNBB NE2, institui\u00e7\u00e3o Cat\u00f3lica Alem\u00e3, Adveniat, e representantes de organismos, pastorais e movimentos da Arquidiocese de Macei\u00f3, em mar\u00e7o de 2024, que teve como objetivo propor a\u00e7\u00f5es de incid\u00eancia, e solu\u00e7\u00f5es estruturantes para a mitiga\u00e7\u00e3o dos impactos junto \u00e0s [&hellip;]<\/p>\n<ul class=\"ssb_list_wrapper\"><li class=\"fb2\" style=\"width:135px\"><iframe src=\"\/\/www.facebook.com\/plugins\/like.php?href=https%3A%2F%2Fwww.caritasne2.org.br%2Fsite%2Fvoluntarios-participam-de-formacao-para-ajuda-humanitaria-as-familias-atingidas-pelo-crime-socioambiental-da-braskem-al%2F&amp;layout=button_count&amp;action=like&amp;show_faces=false&amp;share=true&amp;width=135&amp;height=21&amp;appId=307091639398582\" scrolling=\"no\" frameborder=\"0\" style=\"border:none; overflow:hidden;  width:150px; height:21px;\" allowTransparency=\"true\"><\/iframe><\/li><li class=\"twtr\" style=\"width:90px\"><a href=\"https:\/\/twitter.com\/share\" class=\"twitter-share-button\" data-url=\"https:\/\/www.caritasne2.org.br\/site\/voluntarios-participam-de-formacao-para-ajuda-humanitaria-as-familias-atingidas-pelo-crime-socioambiental-da-braskem-al\/\">&nbsp;<\/a><script>!function(d,s,id){var js,fjs=d.getElementsByTagName(s)[0],p=\/^http:\/.test(d.location)?'http':'https';if(!d.getElementById(id)){js=d.createElement(s);js.id=id;js.src=p+':\/\/platform.twitter.com\/widgets.js';fjs.parentNode.insertBefore(js,fjs);}}(document, 'script', 'twitter-wjs');<\/script><\/li><li class=\"gplus\" style=\"width:68px\"><div class=\"g-plusone\" data-size=\"medium\" data-href=\"https:\/\/www.caritasne2.org.br\/site\/voluntarios-participam-de-formacao-para-ajuda-humanitaria-as-familias-atingidas-pelo-crime-socioambiental-da-braskem-al\/\"><\/div><\/li><li class=\"ssb_linkedin\" style=\"width:64px\"><script src=\"\/\/platform.linkedin.com\/in.js\" type=\"text\/javascript\">lang: en_US<\/script><script type=\"IN\/Share\" data-url=\"https:\/\/www.caritasne2.org.br\/site\/voluntarios-participam-de-formacao-para-ajuda-humanitaria-as-familias-atingidas-pelo-crime-socioambiental-da-braskem-al\/\" data-counter=\"right\"><\/script><\/li><\/ul>","protected":false},"author":4,"featured_media":12250,"comment_status":"open","ping_status":"open","sticky":false,"template":"","format":"standard","meta":[],"categories":[21,20],"tags":[],"_links":{"self":[{"href":"https:\/\/www.caritasne2.org.br\/site\/wp-json\/wp\/v2\/posts\/12246"}],"collection":[{"href":"https:\/\/www.caritasne2.org.br\/site\/wp-json\/wp\/v2\/posts"}],"about":[{"href":"https:\/\/www.caritasne2.org.br\/site\/wp-json\/wp\/v2\/types\/post"}],"author":[{"embeddable":true,"href":"https:\/\/www.caritasne2.org.br\/site\/wp-json\/wp\/v2\/users\/4"}],"replies":[{"embeddable":true,"href":"https:\/\/www.caritasne2.org.br\/site\/wp-json\/wp\/v2\/comments?post=12246"}],"version-history":[{"count":2,"href":"https:\/\/www.caritasne2.org.br\/site\/wp-json\/wp\/v2\/posts\/12246\/revisions"}],"predecessor-version":[{"id":12257,"href":"https:\/\/www.caritasne2.org.br\/site\/wp-json\/wp\/v2\/posts\/12246\/revisions\/12257"}],"wp:featuredmedia":[{"embeddable":true,"href":"https:\/\/www.caritasne2.org.br\/site\/wp-json\/wp\/v2\/media\/12250"}],"wp:attachment":[{"href":"https:\/\/www.caritasne2.org.br\/site\/wp-json\/wp\/v2\/media?parent=12246"}],"wp:term":[{"taxonomy":"category","embeddable":true,"href":"https:\/\/www.caritasne2.org.br\/site\/wp-json\/wp\/v2\/categories?post=12246"},{"taxonomy":"post_tag","embeddable":true,"href":"https:\/\/www.caritasne2.org.br\/site\/wp-json\/wp\/v2\/tags?post=12246"}],"curies":[{"name":"wp","href":"https:\/\/api.w.org\/{rel}","templated":true}]}}