{"id":12235,"date":"2024-05-24T10:07:06","date_gmt":"2024-05-24T13:07:06","guid":{"rendered":"https:\/\/www.caritasne2.org.br\/site\/?p=12235"},"modified":"2024-05-24T10:07:06","modified_gmt":"2024-05-24T13:07:06","slug":"implementacao-do-sistema-agroflorestal-marca-inicio-dos-safs-do-aguas-do-algodoais","status":"publish","type":"post","link":"https:\/\/www.caritasne2.org.br\/site\/implementacao-do-sistema-agroflorestal-marca-inicio-dos-safs-do-aguas-do-algodoais\/","title":{"rendered":"Implementa\u00e7\u00e3o do Sistema Agroflorestal marca in\u00edcio dos SAFs do \u00c1guas do Algodoais"},"content":{"rendered":"<p>As florestas e os rios tem sido os mais afetados nos \u00faltimos anos atrav\u00e9s da polui\u00e7\u00e3o, queimadas e utiliza\u00e7\u00e3o de agrot\u00f3xicos.\u00a0 Qualquer perda de \u00e1rea e recursos naturais significa uma trag\u00e9dia em termos de conserva\u00e7\u00e3o da biodiversidade e manuten\u00e7\u00e3o de processos naturais vitais, como ciclo das \u00e1guas, regula\u00e7\u00e3o do clima local e regional, forma\u00e7\u00e3o e preserva\u00e7\u00e3o de solos, e equil\u00edbrio de processos ecol\u00f3gicos.<\/p>\n<p>Diante desse cen\u00e1rio, na \u00faltima quarta-feira, dia 22, foi realizada a primeira implementa\u00e7\u00e3o do sistema agroflorestal (SAFs) no s\u00edtio do agricultor Jos\u00e9 Luiz da Silva, no Engenho Serraria, localizado na zona rural da cidade do Cabo de Santo Agostinho (PE).<\/p>\n<p><img decoding=\"async\" loading=\"lazy\" class=\" wp-image-12237 aligncenter\" src=\"https:\/\/www.caritasne2.org.br\/site\/wp-content\/uploads\/2024\/05\/WhatsApp-Image-2024-05-22-at-13.55.08-300x225.jpeg\" alt=\"\" width=\"387\" height=\"290\" srcset=\"https:\/\/www.caritasne2.org.br\/site\/wp-content\/uploads\/2024\/05\/WhatsApp-Image-2024-05-22-at-13.55.08-300x225.jpeg 300w, https:\/\/www.caritasne2.org.br\/site\/wp-content\/uploads\/2024\/05\/WhatsApp-Image-2024-05-22-at-13.55.08-1024x768.jpeg 1024w, https:\/\/www.caritasne2.org.br\/site\/wp-content\/uploads\/2024\/05\/WhatsApp-Image-2024-05-22-at-13.55.08-768x576.jpeg 768w, https:\/\/www.caritasne2.org.br\/site\/wp-content\/uploads\/2024\/05\/WhatsApp-Image-2024-05-22-at-13.55.08.jpeg 1280w\" sizes=\"(max-width: 387px) 100vw, 387px\" \/><\/p>\n<p>Herdado pelo av\u00f4, o s\u00edtio de Z\u00e9 Luiz, como \u00e9 conhecido na regi\u00e3o, tem em sua hist\u00f3ria a planta\u00e7\u00e3o de cana de a\u00e7\u00facar durante muitos anos. Esse tipo de planta\u00e7\u00e3o se caracteriza pelo monocultivo que\u00a0provoca diversos problemas ambientais. O cultivo de um \u00fanico produto \u00e9 extremamente\u00a0prejudicial ao solo, visto que uma \u00fanica esp\u00e9cie cultivada sempre em uma mesma \u00e1rea acaba esgotando todos os nutrientes presentes no solo, levando-o \u00e0\u00a0exaust\u00e3o\u00a0e ao empobrecimento nutricional.<\/p>\n<p>O Engenho Serraria recebeu um mutir\u00e3o de agricultores e agricultoras para a implementa\u00e7\u00e3o dos SAFs, que contou com a planta\u00e7\u00e3o de mudas frut\u00edferas, ra\u00edzes e vegeta\u00e7\u00e3o que servir\u00e3o para recupera\u00e7\u00e3o das nascentes, \u00a0do retorno das \u00e1guas nos c\u00f3rregos, e preserva\u00e7\u00e3o do Rio Algodoais.<\/p>\n<p><img decoding=\"async\" loading=\"lazy\" class=\" wp-image-12238 alignleft\" src=\"https:\/\/www.caritasne2.org.br\/site\/wp-content\/uploads\/2024\/05\/WhatsApp-Image-2024-05-22-at-13.54.57-225x300.jpeg\" alt=\"\" width=\"191\" height=\"255\" srcset=\"https:\/\/www.caritasne2.org.br\/site\/wp-content\/uploads\/2024\/05\/WhatsApp-Image-2024-05-22-at-13.54.57-225x300.jpeg 225w, https:\/\/www.caritasne2.org.br\/site\/wp-content\/uploads\/2024\/05\/WhatsApp-Image-2024-05-22-at-13.54.57-768x1024.jpeg 768w, https:\/\/www.caritasne2.org.br\/site\/wp-content\/uploads\/2024\/05\/WhatsApp-Image-2024-05-22-at-13.54.57-1152x1536.jpeg 1152w, https:\/\/www.caritasne2.org.br\/site\/wp-content\/uploads\/2024\/05\/WhatsApp-Image-2024-05-22-at-13.54.57.jpeg 1200w\" sizes=\"(max-width: 191px) 100vw, 191px\" \/><\/p>\n<p>\u201cTenho muita satisfa\u00e7\u00e3o de participar de um mutir\u00e3o como esse porque sei que estou contribuindo para que essa \u00e1rea seja reconstru\u00edda com o reflorestamento. Sou agricultor e aprendo cada vez mais quando participo de atividades como essa\u201d, disse \u00d3sias Batista, morador do Engenho Ros\u00e1rio.<\/p>\n<p>Esta \u00e9 a primeira implanta\u00e7\u00e3o \u00a0dos sistemas agroflorestais do Projeto \u00c1guas do Algodoais, executado pela C\u00e1ritas Brasileira Regional NE2 (CBNE2) em parceria com a Coca Cola Brasil , Solar Coca Cola e \u00a0Complexo de Suape. O \u00c1gua dos Algodoais visa promover a participa\u00e7\u00e3o social e contribuir com a conserva\u00e7\u00e3o ambiental atrav\u00e9s da implementa\u00e7\u00e3o de a\u00e7\u00f5es de Educa\u00e7\u00e3o, Governan\u00e7a e Sustentabilidade H\u00eddrica do Rio Algodoais. Uma das estrat\u00e9gias \u00e9 a implementa\u00e7\u00e3o de sistemas agroflorestais em \u00e1reas rurais que\u00a0foram degradadas devido \u00e0 interfer\u00eancia humana.<\/p>\n<p>Os SAFs s\u00e3o uma jun\u00e7\u00e3o de pr\u00e1ticas agr\u00edcolas com florestais, atuando na recupera\u00e7\u00e3o de \u00e1reas degradadas e florestas, permitindo um cultivo agr\u00edcola com desenvolvimento sustent\u00e1vel.<\/p>\n<p><img decoding=\"async\" loading=\"lazy\" class=\" wp-image-12240 aligncenter\" src=\"https:\/\/www.caritasne2.org.br\/site\/wp-content\/uploads\/2024\/05\/WhatsApp-Image-2024-05-22-at-13.54.50-300x225.jpeg\" alt=\"\" width=\"446\" height=\"334\" srcset=\"https:\/\/www.caritasne2.org.br\/site\/wp-content\/uploads\/2024\/05\/WhatsApp-Image-2024-05-22-at-13.54.50-300x225.jpeg 300w, https:\/\/www.caritasne2.org.br\/site\/wp-content\/uploads\/2024\/05\/WhatsApp-Image-2024-05-22-at-13.54.50-1024x768.jpeg 1024w, https:\/\/www.caritasne2.org.br\/site\/wp-content\/uploads\/2024\/05\/WhatsApp-Image-2024-05-22-at-13.54.50-768x576.jpeg 768w, https:\/\/www.caritasne2.org.br\/site\/wp-content\/uploads\/2024\/05\/WhatsApp-Image-2024-05-22-at-13.54.50-1536x1152.jpeg 1536w, https:\/\/www.caritasne2.org.br\/site\/wp-content\/uploads\/2024\/05\/WhatsApp-Image-2024-05-22-at-13.54.50.jpeg 1600w\" sizes=\"(max-width: 446px) 100vw, 446px\" \/><\/p>\n<p><img decoding=\"async\" loading=\"lazy\" class=\" wp-image-12241 aligncenter\" src=\"https:\/\/www.caritasne2.org.br\/site\/wp-content\/uploads\/2024\/05\/WhatsApp-Image-2024-05-22-at-13.54.52-300x225.jpeg\" alt=\"\" width=\"459\" height=\"344\" srcset=\"https:\/\/www.caritasne2.org.br\/site\/wp-content\/uploads\/2024\/05\/WhatsApp-Image-2024-05-22-at-13.54.52-300x225.jpeg 300w, https:\/\/www.caritasne2.org.br\/site\/wp-content\/uploads\/2024\/05\/WhatsApp-Image-2024-05-22-at-13.54.52-1024x768.jpeg 1024w, https:\/\/www.caritasne2.org.br\/site\/wp-content\/uploads\/2024\/05\/WhatsApp-Image-2024-05-22-at-13.54.52-768x576.jpeg 768w, https:\/\/www.caritasne2.org.br\/site\/wp-content\/uploads\/2024\/05\/WhatsApp-Image-2024-05-22-at-13.54.52-1536x1152.jpeg 1536w, https:\/\/www.caritasne2.org.br\/site\/wp-content\/uploads\/2024\/05\/WhatsApp-Image-2024-05-22-at-13.54.52.jpeg 1600w\" sizes=\"(max-width: 459px) 100vw, 459px\" \/><\/p>\n<p><img decoding=\"async\" loading=\"lazy\" class=\" wp-image-12242 aligncenter\" src=\"https:\/\/www.caritasne2.org.br\/site\/wp-content\/uploads\/2024\/05\/WhatsApp-Image-2024-05-22-at-13.55.08-1-225x300.jpeg\" alt=\"\" width=\"345\" height=\"460\" srcset=\"https:\/\/www.caritasne2.org.br\/site\/wp-content\/uploads\/2024\/05\/WhatsApp-Image-2024-05-22-at-13.55.08-1-225x300.jpeg 225w, https:\/\/www.caritasne2.org.br\/site\/wp-content\/uploads\/2024\/05\/WhatsApp-Image-2024-05-22-at-13.55.08-1-768x1024.jpeg 768w, https:\/\/www.caritasne2.org.br\/site\/wp-content\/uploads\/2024\/05\/WhatsApp-Image-2024-05-22-at-13.55.08-1.jpeg 960w\" sizes=\"(max-width: 345px) 100vw, 345px\" \/><\/p>\n<p><img decoding=\"async\" loading=\"lazy\" class=\" wp-image-12243 aligncenter\" src=\"https:\/\/www.caritasne2.org.br\/site\/wp-content\/uploads\/2024\/05\/WhatsApp-Image-2024-05-22-at-13.55.13-300x225.jpeg\" alt=\"\" width=\"399\" height=\"299\" srcset=\"https:\/\/www.caritasne2.org.br\/site\/wp-content\/uploads\/2024\/05\/WhatsApp-Image-2024-05-22-at-13.55.13-300x225.jpeg 300w, https:\/\/www.caritasne2.org.br\/site\/wp-content\/uploads\/2024\/05\/WhatsApp-Image-2024-05-22-at-13.55.13-1024x768.jpeg 1024w, https:\/\/www.caritasne2.org.br\/site\/wp-content\/uploads\/2024\/05\/WhatsApp-Image-2024-05-22-at-13.55.13-768x576.jpeg 768w, https:\/\/www.caritasne2.org.br\/site\/wp-content\/uploads\/2024\/05\/WhatsApp-Image-2024-05-22-at-13.55.13.jpeg 1280w\" sizes=\"(max-width: 399px) 100vw, 399px\" \/><\/p>\n<p>&nbsp;<\/p>\n<ul class=\"ssb_list_wrapper\"><li class=\"fb2\" style=\"width:135px\"><iframe src=\"\/\/www.facebook.com\/plugins\/like.php?href=https%3A%2F%2Fwww.caritasne2.org.br%2Fsite%2Fimplementacao-do-sistema-agroflorestal-marca-inicio-dos-safs-do-aguas-do-algodoais%2F&amp;layout=button_count&amp;action=like&amp;show_faces=false&amp;share=true&amp;width=135&amp;height=21&amp;appId=307091639398582\" scrolling=\"no\" frameborder=\"0\" style=\"border:none; overflow:hidden;  width:150px; height:21px;\" allowTransparency=\"true\"><\/iframe><\/li><li class=\"twtr\" style=\"width:90px\"><a href=\"https:\/\/twitter.com\/share\" class=\"twitter-share-button\" data-url=\"https:\/\/www.caritasne2.org.br\/site\/implementacao-do-sistema-agroflorestal-marca-inicio-dos-safs-do-aguas-do-algodoais\/\">&nbsp;<\/a><script>!function(d,s,id){var js,fjs=d.getElementsByTagName(s)[0],p=\/^http:\/.test(d.location)?'http':'https';if(!d.getElementById(id)){js=d.createElement(s);js.id=id;js.src=p+':\/\/platform.twitter.com\/widgets.js';fjs.parentNode.insertBefore(js,fjs);}}(document, 'script', 'twitter-wjs');<\/script><\/li><li class=\"gplus\" style=\"width:68px\"><div class=\"g-plusone\" data-size=\"medium\" data-href=\"https:\/\/www.caritasne2.org.br\/site\/implementacao-do-sistema-agroflorestal-marca-inicio-dos-safs-do-aguas-do-algodoais\/\"><\/div><\/li><li class=\"ssb_linkedin\" style=\"width:64px\"><script src=\"\/\/platform.linkedin.com\/in.js\" type=\"text\/javascript\">lang: en_US<\/script><script type=\"IN\/Share\" data-url=\"https:\/\/www.caritasne2.org.br\/site\/implementacao-do-sistema-agroflorestal-marca-inicio-dos-safs-do-aguas-do-algodoais\/\" data-counter=\"right\"><\/script><\/li><\/ul>","protected":false},"excerpt":{"rendered":"<p>As florestas e os rios tem sido os mais afetados nos \u00faltimos anos atrav\u00e9s da polui\u00e7\u00e3o, queimadas e utiliza\u00e7\u00e3o de agrot\u00f3xicos.\u00a0 Qualquer perda de \u00e1rea e recursos naturais significa uma trag\u00e9dia em termos de conserva\u00e7\u00e3o da biodiversidade e manuten\u00e7\u00e3o de processos naturais vitais, como ciclo das \u00e1guas, regula\u00e7\u00e3o do clima local e regional, forma\u00e7\u00e3o e preserva\u00e7\u00e3o de solos, e equil\u00edbrio de processos ecol\u00f3gicos. Diante desse [&hellip;]<\/p>\n<ul class=\"ssb_list_wrapper\"><li class=\"fb2\" style=\"width:135px\"><iframe src=\"\/\/www.facebook.com\/plugins\/like.php?href=https%3A%2F%2Fwww.caritasne2.org.br%2Fsite%2Fimplementacao-do-sistema-agroflorestal-marca-inicio-dos-safs-do-aguas-do-algodoais%2F&amp;layout=button_count&amp;action=like&amp;show_faces=false&amp;share=true&amp;width=135&amp;height=21&amp;appId=307091639398582\" scrolling=\"no\" frameborder=\"0\" style=\"border:none; overflow:hidden;  width:150px; height:21px;\" allowTransparency=\"true\"><\/iframe><\/li><li class=\"twtr\" style=\"width:90px\"><a href=\"https:\/\/twitter.com\/share\" class=\"twitter-share-button\" data-url=\"https:\/\/www.caritasne2.org.br\/site\/implementacao-do-sistema-agroflorestal-marca-inicio-dos-safs-do-aguas-do-algodoais\/\">&nbsp;<\/a><script>!function(d,s,id){var js,fjs=d.getElementsByTagName(s)[0],p=\/^http:\/.test(d.location)?'http':'https';if(!d.getElementById(id)){js=d.createElement(s);js.id=id;js.src=p+':\/\/platform.twitter.com\/widgets.js';fjs.parentNode.insertBefore(js,fjs);}}(document, 'script', 'twitter-wjs');<\/script><\/li><li class=\"gplus\" style=\"width:68px\"><div class=\"g-plusone\" data-size=\"medium\" data-href=\"https:\/\/www.caritasne2.org.br\/site\/implementacao-do-sistema-agroflorestal-marca-inicio-dos-safs-do-aguas-do-algodoais\/\"><\/div><\/li><li class=\"ssb_linkedin\" style=\"width:64px\"><script src=\"\/\/platform.linkedin.com\/in.js\" type=\"text\/javascript\">lang: en_US<\/script><script type=\"IN\/Share\" data-url=\"https:\/\/www.caritasne2.org.br\/site\/implementacao-do-sistema-agroflorestal-marca-inicio-dos-safs-do-aguas-do-algodoais\/\" data-counter=\"right\"><\/script><\/li><\/ul>","protected":false},"author":4,"featured_media":12236,"comment_status":"open","ping_status":"open","sticky":false,"template":"","format":"standard","meta":[],"categories":[21,20],"tags":[],"_links":{"self":[{"href":"https:\/\/www.caritasne2.org.br\/site\/wp-json\/wp\/v2\/posts\/12235"}],"collection":[{"href":"https:\/\/www.caritasne2.org.br\/site\/wp-json\/wp\/v2\/posts"}],"about":[{"href":"https:\/\/www.caritasne2.org.br\/site\/wp-json\/wp\/v2\/types\/post"}],"author":[{"embeddable":true,"href":"https:\/\/www.caritasne2.org.br\/site\/wp-json\/wp\/v2\/users\/4"}],"replies":[{"embeddable":true,"href":"https:\/\/www.caritasne2.org.br\/site\/wp-json\/wp\/v2\/comments?post=12235"}],"version-history":[{"count":3,"href":"https:\/\/www.caritasne2.org.br\/site\/wp-json\/wp\/v2\/posts\/12235\/revisions"}],"predecessor-version":[{"id":12245,"href":"https:\/\/www.caritasne2.org.br\/site\/wp-json\/wp\/v2\/posts\/12235\/revisions\/12245"}],"wp:featuredmedia":[{"embeddable":true,"href":"https:\/\/www.caritasne2.org.br\/site\/wp-json\/wp\/v2\/media\/12236"}],"wp:attachment":[{"href":"https:\/\/www.caritasne2.org.br\/site\/wp-json\/wp\/v2\/media?parent=12235"}],"wp:term":[{"taxonomy":"category","embeddable":true,"href":"https:\/\/www.caritasne2.org.br\/site\/wp-json\/wp\/v2\/categories?post=12235"},{"taxonomy":"post_tag","embeddable":true,"href":"https:\/\/www.caritasne2.org.br\/site\/wp-json\/wp\/v2\/tags?post=12235"}],"curies":[{"name":"wp","href":"https:\/\/api.w.org\/{rel}","templated":true}]}}