{"id":1223,"date":"2013-07-29T14:04:05","date_gmt":"2013-07-29T17:04:05","guid":{"rendered":"http:\/\/ne2.caritas.org.br.s174889.gridserver.com\/?p=1223"},"modified":"2017-07-11T15:24:00","modified_gmt":"2017-07-11T18:24:00","slug":"al-caritas-de-palmeira-dos-indios-assina-convenio-seagri-para-execucao-p12","status":"publish","type":"post","link":"https:\/\/www.caritasne2.org.br\/site\/al-caritas-de-palmeira-dos-indios-assina-convenio-seagri-para-execucao-p12\/","title":{"rendered":"AL: C\u00e1ritas de Palmeira dos \u00cdndios assina conv\u00eanio com a Seagri para execu\u00e7\u00e3o do P1+2"},"content":{"rendered":"<p style=\"text-align: center;\"><em>A presidente da C\u00e1ritas Diocesana de Palmeira dos \u00cdndios, Maria do Carmo Silva, assina conv\u00eanio para execu\u00e7\u00e3o\u00a0de v\u00e1rias<\/em> obras de capta\u00e7\u00e3o e armazenamento de \u00e1gua para a produ\u00e7\u00e3o, bem como a\u00e7\u00f5es de forma\u00e7\u00e3o, capacita\u00e7\u00e3o e assist\u00eancia t\u00e9cnica<\/p>\n<p style=\"text-align: justify;\">A C\u00e1ritas Diocesana de Palmeira dos \u00cdndios assinou conv\u00eanio com a Secretaria de Estado da Agricultura e do Desenvolvimento Agr\u00e1rio (Seagri). O conv\u00eanio para implementa\u00e7\u00e3o do \u201cPrograma \u00c1gua para Todos\u201d atrav\u00e9s da execu\u00e7\u00e3o do projeto \u201cUma Terra e Duas \u00c1gua (P1+2)\u201d foi assinado no dia 23 de julho.<\/p>\n<p style=\"text-align: justify;\">O P1+2 ser\u00e1 implementado na zona rural do munic\u00edpio de Palmeira dos \u00cdndios e beneficiar\u00e1 276 fam\u00edlias de agricultores familiares com diversas obras de capta\u00e7\u00e3o e armazenamento de \u00e1gua para a produ\u00e7\u00e3o, forma\u00e7\u00e3o, capacita\u00e7\u00e3o e assist\u00eancia t\u00e9cnica.<\/p>\n<p style=\"text-align: justify;\">O projeto prev\u00ea a constru\u00e7\u00e3o de 276 cisternas de placas de 52 mil litros, conhecidas como cisterna cal\u00e7ad\u00e3o, 20 barragens subterr\u00e2neas, 40 tanques de pedras e 300 n\u00facleos produtivos compostos por horta e cria\u00e7\u00e3o de pequenos animais.<\/p>\n<p style=\"text-align: justify;\">Na linha da forma\u00e7\u00e3o e capacita\u00e7\u00e3o ser\u00e3o realizadas junto \u00e0s fam\u00edlias 336 capacita\u00e7\u00f5es em gest\u00e3o de \u00e1gua para produ\u00e7\u00e3o; 296 capacita\u00e7\u00f5es em sistemas simplificados de \u00e1gua tamb\u00e9m para produ\u00e7\u00e3o; 01 capacita\u00e7\u00e3o da Comiss\u00e3o Municipal; 02 capacita\u00e7\u00f5es de pedreiros e a realiza\u00e7\u00e3o de 02 interc\u00e2mbios de agricultores familiares para multiplica\u00e7\u00e3o de experi\u00eancias em gest\u00e3o de \u00e1gua para a produ\u00e7\u00e3o.<\/p>\n<p style=\"text-align: justify;\">Para execu\u00e7\u00e3o dessas atividades a C\u00e1ritas Diocesana contratar\u00e1 uma equipe t\u00e9cnica formada por 09 profissionais: coordenador, gerente financeiro, auxiliar administrativo e agentes de campo.<\/p>\n<p style=\"text-align: justify;\">Os agentes de campo ser\u00e3o os respons\u00e1veis pela mobiliza\u00e7\u00e3o e acompanhamento \u00e0s fam\u00edlias, comunidades, comiss\u00e3o Municipal e pedreiros. Para Contrata\u00e7\u00e3o da equipe a C\u00e1ritas publicar\u00e1 edital de sele\u00e7\u00e3o simplificado na primeira semana de agosto, pois precisar\u00e1 iniciar imediatamente os trabalhos. Vale ressaltar que a C\u00e1ritas est\u00e1 cadastrando pedreiros com ou sem experi\u00eancia para trabalhar no projeto. Para se cadastrar os interessados devem comparecer \u00e0 sede da C\u00e1ritas Diocesana em Palmeira dos \u00cdndios, munidos dos seguintes documentos: CPF, RG e comprovante de resid\u00eancia.<\/p>\n<p style=\"text-align: justify;\"><strong>Iniciativa:<\/strong> Esse conv\u00eanio \u00e9 uma parceria do Governo de Alagoas com o Minist\u00e9rio de Desenvolvimento Social e Combate \u00e0 Fome (MDS) e visa reduzir a inseguran\u00e7a h\u00eddrica e nutricional das fam\u00edlias que residem na regi\u00e3o semi\u00e1rida de Alagoas, como parte do Plano Brasil Sem Mis\u00e9ria do Governo Federal. O Edital para credenciamento das Entidades &#8220;Edital 002\/2012&#8221; previa a assinatura de conv\u00eanios com as Institui\u00e7\u00f5es da Sociedade Civil com experi\u00eancia na constru\u00e7\u00e3o de cisternas de Placas objeto do Edital. Na ocasi\u00e3o, 08 entidades membro da ASA-AL foram credenciadas para execu\u00e7\u00e3o do projeto, entre elas a C\u00e1ritas Diocesana de Palmeira dos \u00cdndios<\/p>\n<p style=\"text-align: justify;\">Com esta a\u00e7\u00e3o a C\u00e1ritas espera contribuir para minimizar os efeitos da estiagem junto \u00e0s fam\u00edlias que sofrem a cada seca por falta de estruturas que captem e armazenem \u00e1gua para consumo humano e produ\u00e7\u00e3o.<\/p>\n<p style=\"text-align: justify;\">De acordo com a diretoria da C\u00e1ritas de Palmeira dos \u00cdndios, \u00e9 vis\u00edvel que durante este \u00faltimo per\u00edodo de estiagem, as fam\u00edlias que j\u00e1 possuem tecnologias para capta\u00e7\u00e3o de \u00e1gua, se comparadas com as que ainda n\u00e3o t\u00eam, tiveram menos dificuldades para enfrentar a estiagem prolongada.<\/p>\n<p style=\"text-align: justify;\">Para a C\u00e1ritas essas iniciativas s\u00e3o a\u00e7\u00f5es estruturadoras que visam \u00e0 manuten\u00e7\u00e3o e continuidade da vida no Semi\u00e1rido, e que precisam ser massificadas e universalizadas, pois assim ser\u00e1 poss\u00edvel uma conviv\u00eancia digna na regi\u00e3o semi\u00e1rida.<\/p>\n<p style=\"text-align: justify;\">por Maria Aparecida Mafra | Articuladora Estadual da C\u00e1ritas Brasileira NE2<\/p>\n<ul class=\"ssb_list_wrapper\"><li class=\"fb2\" style=\"width:135px\"><iframe src=\"\/\/www.facebook.com\/plugins\/like.php?href=https%3A%2F%2Fwww.caritasne2.org.br%2Fsite%2Fal-caritas-de-palmeira-dos-indios-assina-convenio-seagri-para-execucao-p12%2F&amp;layout=button_count&amp;action=like&amp;show_faces=false&amp;share=true&amp;width=135&amp;height=21&amp;appId=307091639398582\" scrolling=\"no\" frameborder=\"0\" style=\"border:none; overflow:hidden;  width:150px; height:21px;\" allowTransparency=\"true\"><\/iframe><\/li><li class=\"twtr\" style=\"width:90px\"><a href=\"https:\/\/twitter.com\/share\" class=\"twitter-share-button\" data-url=\"https:\/\/www.caritasne2.org.br\/site\/al-caritas-de-palmeira-dos-indios-assina-convenio-seagri-para-execucao-p12\/\">&nbsp;<\/a><script>!function(d,s,id){var js,fjs=d.getElementsByTagName(s)[0],p=\/^http:\/.test(d.location)?'http':'https';if(!d.getElementById(id)){js=d.createElement(s);js.id=id;js.src=p+':\/\/platform.twitter.com\/widgets.js';fjs.parentNode.insertBefore(js,fjs);}}(document, 'script', 'twitter-wjs');<\/script><\/li><li class=\"gplus\" style=\"width:68px\"><div class=\"g-plusone\" data-size=\"medium\" data-href=\"https:\/\/www.caritasne2.org.br\/site\/al-caritas-de-palmeira-dos-indios-assina-convenio-seagri-para-execucao-p12\/\"><\/div><\/li><li class=\"ssb_linkedin\" style=\"width:64px\"><script src=\"\/\/platform.linkedin.com\/in.js\" type=\"text\/javascript\">lang: en_US<\/script><script type=\"IN\/Share\" data-url=\"https:\/\/www.caritasne2.org.br\/site\/al-caritas-de-palmeira-dos-indios-assina-convenio-seagri-para-execucao-p12\/\" data-counter=\"right\"><\/script><\/li><\/ul>","protected":false},"excerpt":{"rendered":"<p>A presidente da C\u00e1ritas Diocesana de Palmeira dos \u00cdndios, Maria do Carmo Silva, assina conv\u00eanio para execu\u00e7\u00e3o\u00a0de v\u00e1rias obras de capta\u00e7\u00e3o e armazenamento de \u00e1gua para a produ\u00e7\u00e3o, bem como a\u00e7\u00f5es de forma\u00e7\u00e3o, capacita\u00e7\u00e3o e assist\u00eancia t\u00e9cnica A C\u00e1ritas Diocesana de Palmeira dos \u00cdndios assinou conv\u00eanio com a Secretaria de Estado da Agricultura e do Desenvolvimento Agr\u00e1rio (Seagri). O conv\u00eanio para implementa\u00e7\u00e3o do \u201cPrograma \u00c1gua [&hellip;]<\/p>\n<ul class=\"ssb_list_wrapper\"><li class=\"fb2\" style=\"width:135px\"><iframe src=\"\/\/www.facebook.com\/plugins\/like.php?href=https%3A%2F%2Fwww.caritasne2.org.br%2Fsite%2Fal-caritas-de-palmeira-dos-indios-assina-convenio-seagri-para-execucao-p12%2F&amp;layout=button_count&amp;action=like&amp;show_faces=false&amp;share=true&amp;width=135&amp;height=21&amp;appId=307091639398582\" scrolling=\"no\" frameborder=\"0\" style=\"border:none; overflow:hidden;  width:150px; height:21px;\" allowTransparency=\"true\"><\/iframe><\/li><li class=\"twtr\" style=\"width:90px\"><a href=\"https:\/\/twitter.com\/share\" class=\"twitter-share-button\" data-url=\"https:\/\/www.caritasne2.org.br\/site\/al-caritas-de-palmeira-dos-indios-assina-convenio-seagri-para-execucao-p12\/\">&nbsp;<\/a><script>!function(d,s,id){var js,fjs=d.getElementsByTagName(s)[0],p=\/^http:\/.test(d.location)?'http':'https';if(!d.getElementById(id)){js=d.createElement(s);js.id=id;js.src=p+':\/\/platform.twitter.com\/widgets.js';fjs.parentNode.insertBefore(js,fjs);}}(document, 'script', 'twitter-wjs');<\/script><\/li><li class=\"gplus\" style=\"width:68px\"><div class=\"g-plusone\" data-size=\"medium\" data-href=\"https:\/\/www.caritasne2.org.br\/site\/al-caritas-de-palmeira-dos-indios-assina-convenio-seagri-para-execucao-p12\/\"><\/div><\/li><li class=\"ssb_linkedin\" style=\"width:64px\"><script src=\"\/\/platform.linkedin.com\/in.js\" type=\"text\/javascript\">lang: en_US<\/script><script type=\"IN\/Share\" data-url=\"https:\/\/www.caritasne2.org.br\/site\/al-caritas-de-palmeira-dos-indios-assina-convenio-seagri-para-execucao-p12\/\" data-counter=\"right\"><\/script><\/li><\/ul>","protected":false},"author":4,"featured_media":1224,"comment_status":"open","ping_status":"open","sticky":false,"template":"","format":"standard","meta":[],"categories":[20,224],"tags":[270,67,271,160,74,272],"_links":{"self":[{"href":"https:\/\/www.caritasne2.org.br\/site\/wp-json\/wp\/v2\/posts\/1223"}],"collection":[{"href":"https:\/\/www.caritasne2.org.br\/site\/wp-json\/wp\/v2\/posts"}],"about":[{"href":"https:\/\/www.caritasne2.org.br\/site\/wp-json\/wp\/v2\/types\/post"}],"author":[{"embeddable":true,"href":"https:\/\/www.caritasne2.org.br\/site\/wp-json\/wp\/v2\/users\/4"}],"replies":[{"embeddable":true,"href":"https:\/\/www.caritasne2.org.br\/site\/wp-json\/wp\/v2\/comments?post=1223"}],"version-history":[{"count":0,"href":"https:\/\/www.caritasne2.org.br\/site\/wp-json\/wp\/v2\/posts\/1223\/revisions"}],"wp:featuredmedia":[{"embeddable":true,"href":"https:\/\/www.caritasne2.org.br\/site\/wp-json\/wp\/v2\/media\/1224"}],"wp:attachment":[{"href":"https:\/\/www.caritasne2.org.br\/site\/wp-json\/wp\/v2\/media?parent=1223"}],"wp:term":[{"taxonomy":"category","embeddable":true,"href":"https:\/\/www.caritasne2.org.br\/site\/wp-json\/wp\/v2\/categories?post=1223"},{"taxonomy":"post_tag","embeddable":true,"href":"https:\/\/www.caritasne2.org.br\/site\/wp-json\/wp\/v2\/tags?post=1223"}],"curies":[{"name":"wp","href":"https:\/\/api.w.org\/{rel}","templated":true}]}}