{"id":12224,"date":"2024-05-23T16:24:31","date_gmt":"2024-05-23T19:24:31","guid":{"rendered":"https:\/\/www.caritasne2.org.br\/site\/?p=12224"},"modified":"2024-05-23T16:28:34","modified_gmt":"2024-05-23T19:28:34","slug":"divulgacao-de-selecionadoas-para-etapa-entrevistas-do-edital-de-selecao-no005-2024","status":"publish","type":"post","link":"https:\/\/www.caritasne2.org.br\/site\/divulgacao-de-selecionadoas-para-etapa-entrevistas-do-edital-de-selecao-no005-2024\/","title":{"rendered":"CBNE2 divulga selecionado(as) para etapa entrevistas do edital de sele\u00e7\u00e3o N\u00ba005\/2024"},"content":{"rendered":"<p style=\"text-align: justify;\">A C\u00e1ritas Brasileira Regional NE2, organismo da Confer\u00eancia Nacional dos Bispos do Brasil (CNBB), no uso de suas atribui\u00e7\u00f5es legais, torna p\u00fablico resultado dos(as) selecionados(as) para etapa Entrevista do processo seletivo simplificado \u2013 Edital N\u00ba 005\/2024 para vaga de estagi\u00e1rio(a) para estudantes a partir do 4\u00ba per\u00edodo do Curso Superior em Administra\u00e7\u00e3o e em Ci\u00eancias Cont\u00e1beis.<\/p>\n<p style=\"text-align: justify;\">Os selecionados(as) para as vagas para estagi\u00e1rios(as) s\u00e3o:<\/p>\n<p style=\"text-align: justify;\"><strong>Curso Administra\u00e7\u00e3o<\/strong><br \/>\n\u2022 Jo\u00e3o Lucas Lima Vilela<br \/>\n\u2022 Karoline Vanessa Melo Gomes<br \/>\n\u2022 Keven Henrique Paulino da Silva<br \/>\n\u2022 Maria Clara Ernesto dos Santos<br \/>\n\u2022 Victor Penna Milet de Oliveira<\/p>\n<p style=\"text-align: justify;\"><strong>Curso Ci\u00eancias Cont\u00e1beis<\/strong><br \/>\n\u2022 Juarez Queiroz Pereira<br \/>\n\u2022 Maria do Carmo<\/p>\n<p style=\"text-align: justify;\">Os candidatos(as) devem comparecer as entrevistas na sede da C\u00e1ritas Brasileira Regional NE2, localizada na Rua Monte Castelo, 176, Boa Vista, Recife (PE), no dia e hor\u00e1rio previamente agendado e informados pela Comiss\u00e3o de Sele\u00e7\u00e3o.<\/p>\n<p style=\"text-align: justify;\">Atenciosamente<br \/>\nComiss\u00e3o de Sele\u00e7\u00e3o<\/p>\n<ul class=\"ssb_list_wrapper\"><li class=\"fb2\" style=\"width:135px\"><iframe src=\"\/\/www.facebook.com\/plugins\/like.php?href=https%3A%2F%2Fwww.caritasne2.org.br%2Fsite%2Fdivulgacao-de-selecionadoas-para-etapa-entrevistas-do-edital-de-selecao-no005-2024%2F&amp;layout=button_count&amp;action=like&amp;show_faces=false&amp;share=true&amp;width=135&amp;height=21&amp;appId=307091639398582\" scrolling=\"no\" frameborder=\"0\" style=\"border:none; overflow:hidden;  width:150px; height:21px;\" allowTransparency=\"true\"><\/iframe><\/li><li class=\"twtr\" style=\"width:90px\"><a href=\"https:\/\/twitter.com\/share\" class=\"twitter-share-button\" data-url=\"https:\/\/www.caritasne2.org.br\/site\/divulgacao-de-selecionadoas-para-etapa-entrevistas-do-edital-de-selecao-no005-2024\/\">&nbsp;<\/a><script>!function(d,s,id){var js,fjs=d.getElementsByTagName(s)[0],p=\/^http:\/.test(d.location)?'http':'https';if(!d.getElementById(id)){js=d.createElement(s);js.id=id;js.src=p+':\/\/platform.twitter.com\/widgets.js';fjs.parentNode.insertBefore(js,fjs);}}(document, 'script', 'twitter-wjs');<\/script><\/li><li class=\"gplus\" style=\"width:68px\"><div class=\"g-plusone\" data-size=\"medium\" data-href=\"https:\/\/www.caritasne2.org.br\/site\/divulgacao-de-selecionadoas-para-etapa-entrevistas-do-edital-de-selecao-no005-2024\/\"><\/div><\/li><li class=\"ssb_linkedin\" style=\"width:64px\"><script src=\"\/\/platform.linkedin.com\/in.js\" type=\"text\/javascript\">lang: en_US<\/script><script type=\"IN\/Share\" data-url=\"https:\/\/www.caritasne2.org.br\/site\/divulgacao-de-selecionadoas-para-etapa-entrevistas-do-edital-de-selecao-no005-2024\/\" data-counter=\"right\"><\/script><\/li><\/ul>","protected":false},"excerpt":{"rendered":"<p>A C\u00e1ritas Brasileira Regional NE2, organismo da Confer\u00eancia Nacional dos Bispos do Brasil (CNBB), no uso de suas atribui\u00e7\u00f5es legais, torna p\u00fablico resultado dos(as) selecionados(as) para etapa Entrevista do processo seletivo simplificado \u2013 Edital N\u00ba 005\/2024 para vaga de estagi\u00e1rio(a) para estudantes a partir do 4\u00ba per\u00edodo do Curso Superior em Administra\u00e7\u00e3o e em Ci\u00eancias Cont\u00e1beis. Os selecionados(as) para as vagas para estagi\u00e1rios(as) s\u00e3o: Curso [&hellip;]<\/p>\n<ul class=\"ssb_list_wrapper\"><li class=\"fb2\" style=\"width:135px\"><iframe src=\"\/\/www.facebook.com\/plugins\/like.php?href=https%3A%2F%2Fwww.caritasne2.org.br%2Fsite%2Fdivulgacao-de-selecionadoas-para-etapa-entrevistas-do-edital-de-selecao-no005-2024%2F&amp;layout=button_count&amp;action=like&amp;show_faces=false&amp;share=true&amp;width=135&amp;height=21&amp;appId=307091639398582\" scrolling=\"no\" frameborder=\"0\" style=\"border:none; overflow:hidden;  width:150px; height:21px;\" allowTransparency=\"true\"><\/iframe><\/li><li class=\"twtr\" style=\"width:90px\"><a href=\"https:\/\/twitter.com\/share\" class=\"twitter-share-button\" data-url=\"https:\/\/www.caritasne2.org.br\/site\/divulgacao-de-selecionadoas-para-etapa-entrevistas-do-edital-de-selecao-no005-2024\/\">&nbsp;<\/a><script>!function(d,s,id){var js,fjs=d.getElementsByTagName(s)[0],p=\/^http:\/.test(d.location)?'http':'https';if(!d.getElementById(id)){js=d.createElement(s);js.id=id;js.src=p+':\/\/platform.twitter.com\/widgets.js';fjs.parentNode.insertBefore(js,fjs);}}(document, 'script', 'twitter-wjs');<\/script><\/li><li class=\"gplus\" style=\"width:68px\"><div class=\"g-plusone\" data-size=\"medium\" data-href=\"https:\/\/www.caritasne2.org.br\/site\/divulgacao-de-selecionadoas-para-etapa-entrevistas-do-edital-de-selecao-no005-2024\/\"><\/div><\/li><li class=\"ssb_linkedin\" style=\"width:64px\"><script src=\"\/\/platform.linkedin.com\/in.js\" type=\"text\/javascript\">lang: en_US<\/script><script type=\"IN\/Share\" data-url=\"https:\/\/www.caritasne2.org.br\/site\/divulgacao-de-selecionadoas-para-etapa-entrevistas-do-edital-de-selecao-no005-2024\/\" data-counter=\"right\"><\/script><\/li><\/ul>","protected":false},"author":4,"featured_media":12225,"comment_status":"open","ping_status":"open","sticky":false,"template":"","format":"standard","meta":[],"categories":[21,20],"tags":[],"_links":{"self":[{"href":"https:\/\/www.caritasne2.org.br\/site\/wp-json\/wp\/v2\/posts\/12224"}],"collection":[{"href":"https:\/\/www.caritasne2.org.br\/site\/wp-json\/wp\/v2\/posts"}],"about":[{"href":"https:\/\/www.caritasne2.org.br\/site\/wp-json\/wp\/v2\/types\/post"}],"author":[{"embeddable":true,"href":"https:\/\/www.caritasne2.org.br\/site\/wp-json\/wp\/v2\/users\/4"}],"replies":[{"embeddable":true,"href":"https:\/\/www.caritasne2.org.br\/site\/wp-json\/wp\/v2\/comments?post=12224"}],"version-history":[{"count":5,"href":"https:\/\/www.caritasne2.org.br\/site\/wp-json\/wp\/v2\/posts\/12224\/revisions"}],"predecessor-version":[{"id":12233,"href":"https:\/\/www.caritasne2.org.br\/site\/wp-json\/wp\/v2\/posts\/12224\/revisions\/12233"}],"wp:featuredmedia":[{"embeddable":true,"href":"https:\/\/www.caritasne2.org.br\/site\/wp-json\/wp\/v2\/media\/12225"}],"wp:attachment":[{"href":"https:\/\/www.caritasne2.org.br\/site\/wp-json\/wp\/v2\/media?parent=12224"}],"wp:term":[{"taxonomy":"category","embeddable":true,"href":"https:\/\/www.caritasne2.org.br\/site\/wp-json\/wp\/v2\/categories?post=12224"},{"taxonomy":"post_tag","embeddable":true,"href":"https:\/\/www.caritasne2.org.br\/site\/wp-json\/wp\/v2\/tags?post=12224"}],"curies":[{"name":"wp","href":"https:\/\/api.w.org\/{rel}","templated":true}]}}