{"id":12158,"date":"2024-05-03T15:42:45","date_gmt":"2024-05-03T18:42:45","guid":{"rendered":"https:\/\/www.caritasne2.org.br\/site\/?p=12158"},"modified":"2024-05-03T15:42:45","modified_gmt":"2024-05-03T18:42:45","slug":"caritas-regional-ne2-lanca-edital-para-composicao-do-empreende-migrante-comite-emc","status":"publish","type":"post","link":"https:\/\/www.caritasne2.org.br\/site\/caritas-regional-ne2-lanca-edital-para-composicao-do-empreende-migrante-comite-emc\/","title":{"rendered":"C\u00e1ritas Regional NE2 lan\u00e7a edital para composi\u00e7\u00e3o do Empreende Migrante Comit\u00ea (EMC)"},"content":{"rendered":"<p style=\"text-align: justify;\">A C\u00e1ritas Brasileira Regional NE2, organismo da Confer\u00eancia Nacional dos Bispos do Brasil (CNBB), no uso de suas atribui\u00e7\u00f5es legais, torna p\u00fablico o edital de voluntariado \u2013 Edital N\u00ba 004\/2024 CBNE2 para a chamada para ANALISTAS VOLUNT\u00c1RIOS\/AS DO EMPREENDE MIGRANTE COMIT\u00ca(EMC) DA C\u00c1RITAS BRASILEIRA REGIONAL NORDESTE 2.<\/p>\n<p style=\"text-align: justify;\">O Empreende Migrante Comit\u00ea (EMC) ser\u00e1 respons\u00e1vel pela gest\u00e3o do Fundo de Cr\u00e9dito Solid\u00e1rio, destinado ao fortalecimento de empreendimentos de migrantes venezuelanos no territ\u00f3rio que abrange os estados de Alagoas, Pernambuco, Para\u00edba e Rio Grande do Norte.<\/p>\n<p style=\"text-align: justify;\">O edital de sele\u00e7\u00e3o pretende selecionar 5 (cinco) volunt\u00e1rios(as), engajados(as) e comprometidos(as) para integrar o EMC.<\/p>\n<p style=\"text-align: justify;\">Os (as) interessados(as) podem enviar curr\u00edculo no per\u00edodo de 03 de maio a 8 de maio de 2024, at\u00e9 \u00e0s 23h59 (hor\u00e1rio de Bras\u00edlia), atrav\u00e9s do endere\u00e7o eletr\u00f4nico caritasne2@caritas.org.br, com o seguinte t\u00edtulo: &#8220;Inscri\u00e7\u00e3o Analista Volunt\u00e1rio &#8211; EMC Fundo Rotativo Solid\u00e1rio&#8221;.<\/p>\n<p style=\"text-align: justify;\">\u00a0Confira edital completo <a href=\"https:\/\/www.caritasne2.org.br\/site\/wp-content\/uploads\/2024\/05\/EDITAL-EMPREENDE-COMITE-MIGRANTEN004_2024-1.pdf-ASSINADO.pdf\">aqui.<\/a><\/p>\n<p style=\"text-align: justify;\">\n<ul class=\"ssb_list_wrapper\"><li class=\"fb2\" style=\"width:135px\"><iframe src=\"\/\/www.facebook.com\/plugins\/like.php?href=https%3A%2F%2Fwww.caritasne2.org.br%2Fsite%2Fcaritas-regional-ne2-lanca-edital-para-composicao-do-empreende-migrante-comite-emc%2F&amp;layout=button_count&amp;action=like&amp;show_faces=false&amp;share=true&amp;width=135&amp;height=21&amp;appId=307091639398582\" scrolling=\"no\" frameborder=\"0\" style=\"border:none; overflow:hidden;  width:150px; height:21px;\" allowTransparency=\"true\"><\/iframe><\/li><li class=\"twtr\" style=\"width:90px\"><a href=\"https:\/\/twitter.com\/share\" class=\"twitter-share-button\" data-url=\"https:\/\/www.caritasne2.org.br\/site\/caritas-regional-ne2-lanca-edital-para-composicao-do-empreende-migrante-comite-emc\/\">&nbsp;<\/a><script>!function(d,s,id){var js,fjs=d.getElementsByTagName(s)[0],p=\/^http:\/.test(d.location)?'http':'https';if(!d.getElementById(id)){js=d.createElement(s);js.id=id;js.src=p+':\/\/platform.twitter.com\/widgets.js';fjs.parentNode.insertBefore(js,fjs);}}(document, 'script', 'twitter-wjs');<\/script><\/li><li class=\"gplus\" style=\"width:68px\"><div class=\"g-plusone\" data-size=\"medium\" data-href=\"https:\/\/www.caritasne2.org.br\/site\/caritas-regional-ne2-lanca-edital-para-composicao-do-empreende-migrante-comite-emc\/\"><\/div><\/li><li class=\"ssb_linkedin\" style=\"width:64px\"><script src=\"\/\/platform.linkedin.com\/in.js\" type=\"text\/javascript\">lang: en_US<\/script><script type=\"IN\/Share\" data-url=\"https:\/\/www.caritasne2.org.br\/site\/caritas-regional-ne2-lanca-edital-para-composicao-do-empreende-migrante-comite-emc\/\" data-counter=\"right\"><\/script><\/li><\/ul>","protected":false},"excerpt":{"rendered":"<p>A C\u00e1ritas Brasileira Regional NE2, organismo da Confer\u00eancia Nacional dos Bispos do Brasil (CNBB), no uso de suas atribui\u00e7\u00f5es legais, torna p\u00fablico o edital de voluntariado \u2013 Edital N\u00ba 004\/2024 CBNE2 para a chamada para ANALISTAS VOLUNT\u00c1RIOS\/AS DO EMPREENDE MIGRANTE COMIT\u00ca(EMC) DA C\u00c1RITAS BRASILEIRA REGIONAL NORDESTE 2. O Empreende Migrante Comit\u00ea (EMC) ser\u00e1 respons\u00e1vel pela gest\u00e3o do Fundo de Cr\u00e9dito Solid\u00e1rio, destinado ao fortalecimento de [&hellip;]<\/p>\n<ul class=\"ssb_list_wrapper\"><li class=\"fb2\" style=\"width:135px\"><iframe src=\"\/\/www.facebook.com\/plugins\/like.php?href=https%3A%2F%2Fwww.caritasne2.org.br%2Fsite%2Fcaritas-regional-ne2-lanca-edital-para-composicao-do-empreende-migrante-comite-emc%2F&amp;layout=button_count&amp;action=like&amp;show_faces=false&amp;share=true&amp;width=135&amp;height=21&amp;appId=307091639398582\" scrolling=\"no\" frameborder=\"0\" style=\"border:none; overflow:hidden;  width:150px; height:21px;\" allowTransparency=\"true\"><\/iframe><\/li><li class=\"twtr\" style=\"width:90px\"><a href=\"https:\/\/twitter.com\/share\" class=\"twitter-share-button\" data-url=\"https:\/\/www.caritasne2.org.br\/site\/caritas-regional-ne2-lanca-edital-para-composicao-do-empreende-migrante-comite-emc\/\">&nbsp;<\/a><script>!function(d,s,id){var js,fjs=d.getElementsByTagName(s)[0],p=\/^http:\/.test(d.location)?'http':'https';if(!d.getElementById(id)){js=d.createElement(s);js.id=id;js.src=p+':\/\/platform.twitter.com\/widgets.js';fjs.parentNode.insertBefore(js,fjs);}}(document, 'script', 'twitter-wjs');<\/script><\/li><li class=\"gplus\" style=\"width:68px\"><div class=\"g-plusone\" data-size=\"medium\" data-href=\"https:\/\/www.caritasne2.org.br\/site\/caritas-regional-ne2-lanca-edital-para-composicao-do-empreende-migrante-comite-emc\/\"><\/div><\/li><li class=\"ssb_linkedin\" style=\"width:64px\"><script src=\"\/\/platform.linkedin.com\/in.js\" type=\"text\/javascript\">lang: en_US<\/script><script type=\"IN\/Share\" data-url=\"https:\/\/www.caritasne2.org.br\/site\/caritas-regional-ne2-lanca-edital-para-composicao-do-empreende-migrante-comite-emc\/\" data-counter=\"right\"><\/script><\/li><\/ul>","protected":false},"author":4,"featured_media":12160,"comment_status":"open","ping_status":"open","sticky":false,"template":"","format":"standard","meta":[],"categories":[21,20],"tags":[],"_links":{"self":[{"href":"https:\/\/www.caritasne2.org.br\/site\/wp-json\/wp\/v2\/posts\/12158"}],"collection":[{"href":"https:\/\/www.caritasne2.org.br\/site\/wp-json\/wp\/v2\/posts"}],"about":[{"href":"https:\/\/www.caritasne2.org.br\/site\/wp-json\/wp\/v2\/types\/post"}],"author":[{"embeddable":true,"href":"https:\/\/www.caritasne2.org.br\/site\/wp-json\/wp\/v2\/users\/4"}],"replies":[{"embeddable":true,"href":"https:\/\/www.caritasne2.org.br\/site\/wp-json\/wp\/v2\/comments?post=12158"}],"version-history":[{"count":4,"href":"https:\/\/www.caritasne2.org.br\/site\/wp-json\/wp\/v2\/posts\/12158\/revisions"}],"predecessor-version":[{"id":12167,"href":"https:\/\/www.caritasne2.org.br\/site\/wp-json\/wp\/v2\/posts\/12158\/revisions\/12167"}],"wp:featuredmedia":[{"embeddable":true,"href":"https:\/\/www.caritasne2.org.br\/site\/wp-json\/wp\/v2\/media\/12160"}],"wp:attachment":[{"href":"https:\/\/www.caritasne2.org.br\/site\/wp-json\/wp\/v2\/media?parent=12158"}],"wp:term":[{"taxonomy":"category","embeddable":true,"href":"https:\/\/www.caritasne2.org.br\/site\/wp-json\/wp\/v2\/categories?post=12158"},{"taxonomy":"post_tag","embeddable":true,"href":"https:\/\/www.caritasne2.org.br\/site\/wp-json\/wp\/v2\/tags?post=12158"}],"curies":[{"name":"wp","href":"https:\/\/api.w.org\/{rel}","templated":true}]}}