{"id":1206,"date":"2013-07-25T16:11:12","date_gmt":"2013-07-25T19:11:12","guid":{"rendered":"http:\/\/ne2.caritas.org.br.s174889.gridserver.com\/?p=1206"},"modified":"2017-07-11T15:24:00","modified_gmt":"2017-07-11T18:24:00","slug":"marcha-mundial-das-juventudes-grita-pelo-fim-da-violencia","status":"publish","type":"post","link":"https:\/\/www.caritasne2.org.br\/site\/marcha-mundial-das-juventudes-grita-pelo-fim-da-violencia\/","title":{"rendered":"Marcha Mundial das Juventudes grita pelo fim da viol\u00eancia"},"content":{"rendered":"<p style=\"text-align: center;\"><em>O ato, que deve reunir 50 mil pessoas no Rio de Janeiro, ocorre amanh\u00e3 (26) como parte da programa\u00e7\u00e3o da Jornada Mundial da Juventude (JMJ)<\/em><\/p>\n<p style=\"text-align: justify;\">Foi confirmada a realiza\u00e7\u00e3o da Marcha Mundial \u201ca juventude quer viver\u201d que ser\u00e1 a atividade de encerramento da Tenda das Juventude, atividade oficial da JMJ. A marcha ocorre nesta sexta-feira (26). A concentra\u00e7\u00e3o ser\u00e1 a partir das 13h30 no Arpoador com sa\u00edda prevista para \u00e0s 15h. A marcha percorrer\u00e1 cerca de tr\u00eas quil\u00f4metros e terminar\u00e1 em Copacabana, onde ocorrer\u00e1 a Via-Sacra com o Papa Francisco. A chegada do Santo Padre a praia de Copacabana est\u00e1 prevista para \u00e0s 17h, hor\u00e1rio de chegada da marcha ao local.<\/p>\n<p style=\"text-align: justify;\">\u201cNossa pauta \u00e9 a defesa da vida das juventudes. Na marcha daremos dois gritos: um contra a redu\u00e7\u00e3o da maioridade penal, e outro contra o exterm\u00ednio dos jovens\u201d, salientou Thiesco Cris\u00f3stomo, secret\u00e1rio nacional da Pastoral da Juventude (PJ).<\/p>\n<p style=\"text-align: justify;\">A Tenda das Juventudes \u00e9 organizada pela C\u00e1ritas Brasileira, Pastoral da Juventude (PJ), Juventude Franciscana (Jufra), Centro de Forma\u00e7\u00e3o, Assessoria e Pesquisa em Juventude (Cajueiro), Rede Ecum\u00eanica da Juventude (Reju), Irmandade dos M\u00e1rtires da Caminhada e Setor Pastoral da PUC\/RJ. A atividade ocorre na Par\u00f3quia Santa Bernadete, na Avenida dos Democr\u00e1ticos, 896, no bairro Higien\u00f3polis.<\/p>\n<p><strong>Mais informa\u00e7\u00f5es:<\/strong><\/p>\n<p>Thays Puzzi \u2013 Assessora Nacional de Comunica\u00e7\u00e3o da C\u00e1ritas Brasileira<\/p>\n<p>Telefone: (61) 8116-4747<\/p>\n<p>E-mail: thays@caritas.org.br<\/p>\n<ul class=\"ssb_list_wrapper\"><li class=\"fb2\" style=\"width:135px\"><iframe src=\"\/\/www.facebook.com\/plugins\/like.php?href=https%3A%2F%2Fwww.caritasne2.org.br%2Fsite%2Fmarcha-mundial-das-juventudes-grita-pelo-fim-da-violencia%2F&amp;layout=button_count&amp;action=like&amp;show_faces=false&amp;share=true&amp;width=135&amp;height=21&amp;appId=307091639398582\" scrolling=\"no\" frameborder=\"0\" style=\"border:none; overflow:hidden;  width:150px; height:21px;\" allowTransparency=\"true\"><\/iframe><\/li><li class=\"twtr\" style=\"width:90px\"><a href=\"https:\/\/twitter.com\/share\" class=\"twitter-share-button\" data-url=\"https:\/\/www.caritasne2.org.br\/site\/marcha-mundial-das-juventudes-grita-pelo-fim-da-violencia\/\">&nbsp;<\/a><script>!function(d,s,id){var js,fjs=d.getElementsByTagName(s)[0],p=\/^http:\/.test(d.location)?'http':'https';if(!d.getElementById(id)){js=d.createElement(s);js.id=id;js.src=p+':\/\/platform.twitter.com\/widgets.js';fjs.parentNode.insertBefore(js,fjs);}}(document, 'script', 'twitter-wjs');<\/script><\/li><li class=\"gplus\" style=\"width:68px\"><div class=\"g-plusone\" data-size=\"medium\" data-href=\"https:\/\/www.caritasne2.org.br\/site\/marcha-mundial-das-juventudes-grita-pelo-fim-da-violencia\/\"><\/div><\/li><li class=\"ssb_linkedin\" style=\"width:64px\"><script src=\"\/\/platform.linkedin.com\/in.js\" type=\"text\/javascript\">lang: en_US<\/script><script type=\"IN\/Share\" data-url=\"https:\/\/www.caritasne2.org.br\/site\/marcha-mundial-das-juventudes-grita-pelo-fim-da-violencia\/\" data-counter=\"right\"><\/script><\/li><\/ul>","protected":false},"excerpt":{"rendered":"<p>O ato, que deve reunir 50 mil pessoas no Rio de Janeiro, ocorre amanh\u00e3 (26) como parte da programa\u00e7\u00e3o da Jornada Mundial da Juventude (JMJ) Foi confirmada a realiza\u00e7\u00e3o da Marcha Mundial \u201ca juventude quer viver\u201d que ser\u00e1 a atividade de encerramento da Tenda das Juventude, atividade oficial da JMJ. A marcha ocorre nesta sexta-feira (26). A concentra\u00e7\u00e3o ser\u00e1 a partir das 13h30 no Arpoador [&hellip;]<\/p>\n<ul class=\"ssb_list_wrapper\"><li class=\"fb2\" style=\"width:135px\"><iframe src=\"\/\/www.facebook.com\/plugins\/like.php?href=https%3A%2F%2Fwww.caritasne2.org.br%2Fsite%2Fmarcha-mundial-das-juventudes-grita-pelo-fim-da-violencia%2F&amp;layout=button_count&amp;action=like&amp;show_faces=false&amp;share=true&amp;width=135&amp;height=21&amp;appId=307091639398582\" scrolling=\"no\" frameborder=\"0\" style=\"border:none; overflow:hidden;  width:150px; height:21px;\" allowTransparency=\"true\"><\/iframe><\/li><li class=\"twtr\" style=\"width:90px\"><a href=\"https:\/\/twitter.com\/share\" class=\"twitter-share-button\" data-url=\"https:\/\/www.caritasne2.org.br\/site\/marcha-mundial-das-juventudes-grita-pelo-fim-da-violencia\/\">&nbsp;<\/a><script>!function(d,s,id){var js,fjs=d.getElementsByTagName(s)[0],p=\/^http:\/.test(d.location)?'http':'https';if(!d.getElementById(id)){js=d.createElement(s);js.id=id;js.src=p+':\/\/platform.twitter.com\/widgets.js';fjs.parentNode.insertBefore(js,fjs);}}(document, 'script', 'twitter-wjs');<\/script><\/li><li class=\"gplus\" style=\"width:68px\"><div class=\"g-plusone\" data-size=\"medium\" data-href=\"https:\/\/www.caritasne2.org.br\/site\/marcha-mundial-das-juventudes-grita-pelo-fim-da-violencia\/\"><\/div><\/li><li class=\"ssb_linkedin\" style=\"width:64px\"><script src=\"\/\/platform.linkedin.com\/in.js\" type=\"text\/javascript\">lang: en_US<\/script><script type=\"IN\/Share\" data-url=\"https:\/\/www.caritasne2.org.br\/site\/marcha-mundial-das-juventudes-grita-pelo-fim-da-violencia\/\" data-counter=\"right\"><\/script><\/li><\/ul>","protected":false},"author":4,"featured_media":1207,"comment_status":"open","ping_status":"open","sticky":false,"template":"","format":"standard","meta":[],"categories":[263,20],"tags":[67,261,229,266,267],"_links":{"self":[{"href":"https:\/\/www.caritasne2.org.br\/site\/wp-json\/wp\/v2\/posts\/1206"}],"collection":[{"href":"https:\/\/www.caritasne2.org.br\/site\/wp-json\/wp\/v2\/posts"}],"about":[{"href":"https:\/\/www.caritasne2.org.br\/site\/wp-json\/wp\/v2\/types\/post"}],"author":[{"embeddable":true,"href":"https:\/\/www.caritasne2.org.br\/site\/wp-json\/wp\/v2\/users\/4"}],"replies":[{"embeddable":true,"href":"https:\/\/www.caritasne2.org.br\/site\/wp-json\/wp\/v2\/comments?post=1206"}],"version-history":[{"count":0,"href":"https:\/\/www.caritasne2.org.br\/site\/wp-json\/wp\/v2\/posts\/1206\/revisions"}],"wp:featuredmedia":[{"embeddable":true,"href":"https:\/\/www.caritasne2.org.br\/site\/wp-json\/wp\/v2\/media\/1207"}],"wp:attachment":[{"href":"https:\/\/www.caritasne2.org.br\/site\/wp-json\/wp\/v2\/media?parent=1206"}],"wp:term":[{"taxonomy":"category","embeddable":true,"href":"https:\/\/www.caritasne2.org.br\/site\/wp-json\/wp\/v2\/categories?post=1206"},{"taxonomy":"post_tag","embeddable":true,"href":"https:\/\/www.caritasne2.org.br\/site\/wp-json\/wp\/v2\/tags?post=1206"}],"curies":[{"name":"wp","href":"https:\/\/api.w.org\/{rel}","templated":true}]}}