{"id":1202,"date":"2013-07-23T15:45:13","date_gmt":"2013-07-23T18:45:13","guid":{"rendered":"http:\/\/ne2.caritas.org.br.s174889.gridserver.com\/?p=1202"},"modified":"2017-07-11T15:24:00","modified_gmt":"2017-07-11T18:24:00","slug":"tenda-das-juventudes-comecam-os-debates-nesta-terca-feira","status":"publish","type":"post","link":"https:\/\/www.caritasne2.org.br\/site\/tenda-das-juventudes-comecam-os-debates-nesta-terca-feira\/","title":{"rendered":"Tenda das Juventudes: Come\u00e7am os debates nesta ter\u00e7a-feira"},"content":{"rendered":"<p style=\"text-align: center;\"><em>Um dos destaques \u00e9 o escritor Frei Betto, que nesta tarde discutir\u00e1 sobre o papel dos crist\u00e3os no processo de democratiza\u00e7\u00e3o dos estados em regimes ditatoriais<\/em><\/p>\n<p style=\"text-align: justify;\">A Tenda das Juventudes, no Rio de Janeiro, \u00e9, a partir de hoje (23), cen\u00e1rio de discuss\u00f5es da Jornada Mundial da Juventude (JMJ). O evento, que seguir\u00e1 at\u00e9 a pr\u00f3xima sexta-feira (26), faz parte da programa\u00e7\u00e3o oficial da Jornada, e acontece na Par\u00f3quia Santa Bernadete, na Avenida dos Democr\u00e1ticos, 896, no bairro Higien\u00f3polis.<\/p>\n<p style=\"text-align: justify;\">Aberto ao p\u00fablico, a tende pretende atrair os jovens presentes na JMJ, com o objetivo de conscientiz\u00e1-los sobre a import\u00e2ncia da luta e defesa da vida de milhares de jovens em todo o mundo. A partir do tema \u201cA Juventude quer Viver!\u201d, a tenda pautar\u00e1 uma s\u00e9rie de discuss\u00f5es, com destaque para o combate a viol\u00eancia e ao exterm\u00ednio que assolam o p\u00fablico juvenil.<\/p>\n<p style=\"text-align: justify;\">A manh\u00e3 desta ter\u00e7a-feira ser\u00e1 dedicada ao painel \u201cA Juventude quer Viver!\u201d, que abordar\u00e1 as pol\u00edticas p\u00fablicas em defesa da vida da juventude, e os impactos da redu\u00e7\u00e3o da maioridade penal na promo\u00e7\u00e3o da cultura da paz. Para debater sobre o assunto, a plen\u00e1ria contar\u00e1 com a participa\u00e7\u00e3o da secret\u00e1ria Severine Macedo, da Secretaria Nacional da Juventude \u2013 \u00f3rg\u00e3o ligado \u00e0 Secretaria-Geral da Presid\u00eancia -, Ant\u00f4nio Carlos Malheiros, desembargador de S\u00e3o Paulo, Hildete Emanuele, da Pastoral da Juventude Marista (PJM) e Alessandro Melchior, presidente do Conselho Nacional da Juventude, (Conjuve), tamb\u00e9m ligado \u00e0 Presid\u00eancia da Rep\u00fablica.<\/p>\n<p style=\"text-align: justify;\">Dando continuidade a programa\u00e7\u00e3o, na parte da tarde o p\u00fablico poder\u00e1 conferir o painel \u201cJusti\u00e7a e Transi\u00e7\u00e3o, Mem\u00f3ria e Compromisso\u201d, que segundo a organiza\u00e7\u00e3o do evento, promover\u00e1, uma discuss\u00e3o sobre o papel dos crist\u00e3os no processo de democratiza\u00e7\u00e3o dos estados em regimes ditatoriais. Participar\u00e3o deste momento o escritor Frei Betto, o secret\u00e1rio nacional de Justi\u00e7a, Paulo Abr\u00e3o, al\u00e9m de S\u00f4nia Suaypa (El Salvador), Carla Bueno e Ana Penido, ambas representantes do movimento Levante Popular da Juventude.<\/p>\n<p style=\"text-align: justify;\">A Tenda das Juventudes \u00e9 promovida por v\u00e1rias organiza\u00e7\u00f5es sociais, como a C\u00e1ritas Brasileira, Pastoral da Juventude (PJ), Juventude Franciscana (Jufra), Centro de Forma\u00e7\u00e3o, Assessoria e Pesquisa em Juventude (Cajueiro), Rede Ecum\u00eanica da Juventude (Reju), Irmandade dos M\u00e1rtires da Caminhada e Setor Pastoral da PUC\/RJ.<\/p>\n<p style=\"text-align: justify;\">Al\u00e9m dos debates, a tenda tamb\u00e9m \u00e9 espa\u00e7o de acolhida, forma\u00e7\u00e3o e troca de experi\u00eancias entre os jovens. Os visitantes ainda podem conferir os estandes de exposi\u00e7\u00e3o, apresenta\u00e7\u00f5es culturais e celebra\u00e7\u00f5es.<\/p>\n<p style=\"text-align: justify;\"><strong>Servi\u00e7o:<\/strong><\/p>\n<p style=\"text-align: justify;\">Plen\u00e1rias na Tenda das Juventudes<\/p>\n<p style=\"text-align: justify;\">Dia: 23 de julho (ter\u00e7a-feira)<\/p>\n<p style=\"text-align: justify;\">Painel: A Juventude quer Viver!<\/p>\n<p style=\"text-align: justify;\">Hor\u00e1rio: 9h \u00e0s 12h.<\/p>\n<p style=\"text-align: justify;\">Painel: Justi\u00e7a e Transi\u00e7\u00e3o, Mem\u00f3ria e Compromisso<\/p>\n<p style=\"text-align: justify;\">Hor\u00e1rio: 13h: 30 \u00e0s 15h<\/p>\n<p style=\"text-align: justify;\">Local: Par\u00f3quia Santa Bernadete, na Av. dos Democr\u00e1ticos, 896, no bairro Higien\u00f3polis, Rio de Janeiro.<\/p>\n<p style=\"text-align: justify;\">por Kilma Ferreira | Assessoria de Comunica\u00e7\u00e3o da C\u00e1ritas NE2<\/p>\n<p style=\"text-align: justify;\">Foto: Nando Zamban<\/p>\n<ul class=\"ssb_list_wrapper\"><li class=\"fb2\" style=\"width:135px\"><iframe src=\"\/\/www.facebook.com\/plugins\/like.php?href=https%3A%2F%2Fwww.caritasne2.org.br%2Fsite%2Ftenda-das-juventudes-comecam-os-debates-nesta-terca-feira%2F&amp;layout=button_count&amp;action=like&amp;show_faces=false&amp;share=true&amp;width=135&amp;height=21&amp;appId=307091639398582\" scrolling=\"no\" frameborder=\"0\" style=\"border:none; overflow:hidden;  width:150px; height:21px;\" allowTransparency=\"true\"><\/iframe><\/li><li class=\"twtr\" style=\"width:90px\"><a href=\"https:\/\/twitter.com\/share\" class=\"twitter-share-button\" data-url=\"https:\/\/www.caritasne2.org.br\/site\/tenda-das-juventudes-comecam-os-debates-nesta-terca-feira\/\">&nbsp;<\/a><script>!function(d,s,id){var js,fjs=d.getElementsByTagName(s)[0],p=\/^http:\/.test(d.location)?'http':'https';if(!d.getElementById(id)){js=d.createElement(s);js.id=id;js.src=p+':\/\/platform.twitter.com\/widgets.js';fjs.parentNode.insertBefore(js,fjs);}}(document, 'script', 'twitter-wjs');<\/script><\/li><li class=\"gplus\" style=\"width:68px\"><div class=\"g-plusone\" data-size=\"medium\" data-href=\"https:\/\/www.caritasne2.org.br\/site\/tenda-das-juventudes-comecam-os-debates-nesta-terca-feira\/\"><\/div><\/li><li class=\"ssb_linkedin\" style=\"width:64px\"><script src=\"\/\/platform.linkedin.com\/in.js\" type=\"text\/javascript\">lang: en_US<\/script><script type=\"IN\/Share\" data-url=\"https:\/\/www.caritasne2.org.br\/site\/tenda-das-juventudes-comecam-os-debates-nesta-terca-feira\/\" data-counter=\"right\"><\/script><\/li><\/ul>","protected":false},"excerpt":{"rendered":"<p>Um dos destaques \u00e9 o escritor Frei Betto, que nesta tarde discutir\u00e1 sobre o papel dos crist\u00e3os no processo de democratiza\u00e7\u00e3o dos estados em regimes ditatoriais A Tenda das Juventudes, no Rio de Janeiro, \u00e9, a partir de hoje (23), cen\u00e1rio de discuss\u00f5es da Jornada Mundial da Juventude (JMJ). O evento, que seguir\u00e1 at\u00e9 a pr\u00f3xima sexta-feira (26), faz parte da programa\u00e7\u00e3o oficial da Jornada, [&hellip;]<\/p>\n<ul class=\"ssb_list_wrapper\"><li class=\"fb2\" style=\"width:135px\"><iframe src=\"\/\/www.facebook.com\/plugins\/like.php?href=https%3A%2F%2Fwww.caritasne2.org.br%2Fsite%2Ftenda-das-juventudes-comecam-os-debates-nesta-terca-feira%2F&amp;layout=button_count&amp;action=like&amp;show_faces=false&amp;share=true&amp;width=135&amp;height=21&amp;appId=307091639398582\" scrolling=\"no\" frameborder=\"0\" style=\"border:none; overflow:hidden;  width:150px; height:21px;\" allowTransparency=\"true\"><\/iframe><\/li><li class=\"twtr\" style=\"width:90px\"><a href=\"https:\/\/twitter.com\/share\" class=\"twitter-share-button\" data-url=\"https:\/\/www.caritasne2.org.br\/site\/tenda-das-juventudes-comecam-os-debates-nesta-terca-feira\/\">&nbsp;<\/a><script>!function(d,s,id){var js,fjs=d.getElementsByTagName(s)[0],p=\/^http:\/.test(d.location)?'http':'https';if(!d.getElementById(id)){js=d.createElement(s);js.id=id;js.src=p+':\/\/platform.twitter.com\/widgets.js';fjs.parentNode.insertBefore(js,fjs);}}(document, 'script', 'twitter-wjs');<\/script><\/li><li class=\"gplus\" style=\"width:68px\"><div class=\"g-plusone\" data-size=\"medium\" data-href=\"https:\/\/www.caritasne2.org.br\/site\/tenda-das-juventudes-comecam-os-debates-nesta-terca-feira\/\"><\/div><\/li><li class=\"ssb_linkedin\" style=\"width:64px\"><script src=\"\/\/platform.linkedin.com\/in.js\" type=\"text\/javascript\">lang: en_US<\/script><script type=\"IN\/Share\" data-url=\"https:\/\/www.caritasne2.org.br\/site\/tenda-das-juventudes-comecam-os-debates-nesta-terca-feira\/\" data-counter=\"right\"><\/script><\/li><\/ul>","protected":false},"author":4,"featured_media":1203,"comment_status":"open","ping_status":"open","sticky":false,"template":"","format":"standard","meta":[],"categories":[263,20],"tags":[67,229,265],"_links":{"self":[{"href":"https:\/\/www.caritasne2.org.br\/site\/wp-json\/wp\/v2\/posts\/1202"}],"collection":[{"href":"https:\/\/www.caritasne2.org.br\/site\/wp-json\/wp\/v2\/posts"}],"about":[{"href":"https:\/\/www.caritasne2.org.br\/site\/wp-json\/wp\/v2\/types\/post"}],"author":[{"embeddable":true,"href":"https:\/\/www.caritasne2.org.br\/site\/wp-json\/wp\/v2\/users\/4"}],"replies":[{"embeddable":true,"href":"https:\/\/www.caritasne2.org.br\/site\/wp-json\/wp\/v2\/comments?post=1202"}],"version-history":[{"count":0,"href":"https:\/\/www.caritasne2.org.br\/site\/wp-json\/wp\/v2\/posts\/1202\/revisions"}],"wp:featuredmedia":[{"embeddable":true,"href":"https:\/\/www.caritasne2.org.br\/site\/wp-json\/wp\/v2\/media\/1203"}],"wp:attachment":[{"href":"https:\/\/www.caritasne2.org.br\/site\/wp-json\/wp\/v2\/media?parent=1202"}],"wp:term":[{"taxonomy":"category","embeddable":true,"href":"https:\/\/www.caritasne2.org.br\/site\/wp-json\/wp\/v2\/categories?post=1202"},{"taxonomy":"post_tag","embeddable":true,"href":"https:\/\/www.caritasne2.org.br\/site\/wp-json\/wp\/v2\/tags?post=1202"}],"curies":[{"name":"wp","href":"https:\/\/api.w.org\/{rel}","templated":true}]}}