{"id":11921,"date":"2024-03-01T16:49:53","date_gmt":"2024-03-01T19:49:53","guid":{"rendered":"https:\/\/www.caritasne2.org.br\/site\/?p=11921"},"modified":"2024-03-01T16:49:53","modified_gmt":"2024-03-01T19:49:53","slug":"confira-os-as-selecionadosas-do-edital-002-2024","status":"publish","type":"post","link":"https:\/\/www.caritasne2.org.br\/site\/confira-os-as-selecionadosas-do-edital-002-2024\/","title":{"rendered":"Confira os (as) selecionados(as) do Edital 002\/2024"},"content":{"rendered":"<p><strong>Edital N\u2022002\/2024<\/strong><\/p>\n<p>A C\u00e1ritas Brasileira Regional Nordeste 2, organismo da Confer\u00eancia Nacional dos Bispos do Brasil (CNBB), com atua\u00e7\u00e3o nos Estados de Alagoas, Para\u00edba, Pernambuco e Rio Grande do Norte, torna p\u00fablico resultado final para o processo seletivo simplificado \u2013 Edital N\u00ba 001\/2024 para contrata\u00e7\u00e3o imediata de pessoal, tendendo o disposto no PROJETO A\u00c7\u00c3O HUMANIT\u00c1RIA NA PERSPECTIVA DA GARANTIA DE DIREITOS E PROMO\u00c7\u00c3O DA DIGNIDADE HUMANA A MIGRANTES E REFUGIADOS, em parceria com o Minist\u00e9rio da Justi\u00e7a e Seguran\u00e7a P\u00fablica.<\/p>\n<p>Selecionados(as) para as vagas s\u00e3o:<\/p>\n<ul>\n<li><strong>Articulador Local<\/strong><\/li>\n<\/ul>\n<p>Brainerd Miguel Mendoza Hernandez<\/p>\n<p>Daniela Florencio da Silva<\/p>\n<ul>\n<li><strong>Articulador Social<\/strong><\/li>\n<\/ul>\n<p>Andreia Silva Cabral<\/p>\n<ul>\n<li><strong>Motorista<\/strong><\/li>\n<\/ul>\n<p>Carlos Felipe Torres Teixeira da Costa<\/p>\n<ul>\n<li><strong>Assessor(a) de Comunica\u00e7\u00e3o<\/strong><\/li>\n<\/ul>\n<p>Nenhum\/a dos\/as candidatos\/as atendeu aos crit\u00e9rios do edital<\/p>\n<ul>\n<li><strong>Recepcionista<\/strong><\/li>\n<\/ul>\n<p>Nenhum\/a dos\/as candidatos\/as atendeu aos crit\u00e9rios do edital<\/p>\n<p>Recife, 01 de mar\u00e7o de 2024<br \/>\nComiss\u00e3o de Sele\u00e7\u00e3o<br \/>\nC\u00e1ritas Brasileira NE2<\/p>\n<ul class=\"ssb_list_wrapper\"><li class=\"fb2\" style=\"width:135px\"><iframe src=\"\/\/www.facebook.com\/plugins\/like.php?href=https%3A%2F%2Fwww.caritasne2.org.br%2Fsite%2Fconfira-os-as-selecionadosas-do-edital-002-2024%2F&amp;layout=button_count&amp;action=like&amp;show_faces=false&amp;share=true&amp;width=135&amp;height=21&amp;appId=307091639398582\" scrolling=\"no\" frameborder=\"0\" style=\"border:none; overflow:hidden;  width:150px; height:21px;\" allowTransparency=\"true\"><\/iframe><\/li><li class=\"twtr\" style=\"width:90px\"><a href=\"https:\/\/twitter.com\/share\" class=\"twitter-share-button\" data-url=\"https:\/\/www.caritasne2.org.br\/site\/confira-os-as-selecionadosas-do-edital-002-2024\/\">&nbsp;<\/a><script>!function(d,s,id){var js,fjs=d.getElementsByTagName(s)[0],p=\/^http:\/.test(d.location)?'http':'https';if(!d.getElementById(id)){js=d.createElement(s);js.id=id;js.src=p+':\/\/platform.twitter.com\/widgets.js';fjs.parentNode.insertBefore(js,fjs);}}(document, 'script', 'twitter-wjs');<\/script><\/li><li class=\"gplus\" style=\"width:68px\"><div class=\"g-plusone\" data-size=\"medium\" data-href=\"https:\/\/www.caritasne2.org.br\/site\/confira-os-as-selecionadosas-do-edital-002-2024\/\"><\/div><\/li><li class=\"ssb_linkedin\" style=\"width:64px\"><script src=\"\/\/platform.linkedin.com\/in.js\" type=\"text\/javascript\">lang: en_US<\/script><script type=\"IN\/Share\" data-url=\"https:\/\/www.caritasne2.org.br\/site\/confira-os-as-selecionadosas-do-edital-002-2024\/\" data-counter=\"right\"><\/script><\/li><\/ul>","protected":false},"excerpt":{"rendered":"<p>Edital N\u2022002\/2024 A C\u00e1ritas Brasileira Regional Nordeste 2, organismo da Confer\u00eancia Nacional dos Bispos do Brasil (CNBB), com atua\u00e7\u00e3o nos Estados de Alagoas, Para\u00edba, Pernambuco e Rio Grande do Norte, torna p\u00fablico resultado final para o processo seletivo simplificado \u2013 Edital N\u00ba 001\/2024 para contrata\u00e7\u00e3o imediata de pessoal, tendendo o disposto no PROJETO A\u00c7\u00c3O HUMANIT\u00c1RIA NA PERSPECTIVA DA GARANTIA DE DIREITOS E PROMO\u00c7\u00c3O DA DIGNIDADE [&hellip;]<\/p>\n<ul class=\"ssb_list_wrapper\"><li class=\"fb2\" style=\"width:135px\"><iframe src=\"\/\/www.facebook.com\/plugins\/like.php?href=https%3A%2F%2Fwww.caritasne2.org.br%2Fsite%2Fconfira-os-as-selecionadosas-do-edital-002-2024%2F&amp;layout=button_count&amp;action=like&amp;show_faces=false&amp;share=true&amp;width=135&amp;height=21&amp;appId=307091639398582\" scrolling=\"no\" frameborder=\"0\" style=\"border:none; overflow:hidden;  width:150px; height:21px;\" allowTransparency=\"true\"><\/iframe><\/li><li class=\"twtr\" style=\"width:90px\"><a href=\"https:\/\/twitter.com\/share\" class=\"twitter-share-button\" data-url=\"https:\/\/www.caritasne2.org.br\/site\/confira-os-as-selecionadosas-do-edital-002-2024\/\">&nbsp;<\/a><script>!function(d,s,id){var js,fjs=d.getElementsByTagName(s)[0],p=\/^http:\/.test(d.location)?'http':'https';if(!d.getElementById(id)){js=d.createElement(s);js.id=id;js.src=p+':\/\/platform.twitter.com\/widgets.js';fjs.parentNode.insertBefore(js,fjs);}}(document, 'script', 'twitter-wjs');<\/script><\/li><li class=\"gplus\" style=\"width:68px\"><div class=\"g-plusone\" data-size=\"medium\" data-href=\"https:\/\/www.caritasne2.org.br\/site\/confira-os-as-selecionadosas-do-edital-002-2024\/\"><\/div><\/li><li class=\"ssb_linkedin\" style=\"width:64px\"><script src=\"\/\/platform.linkedin.com\/in.js\" type=\"text\/javascript\">lang: en_US<\/script><script type=\"IN\/Share\" data-url=\"https:\/\/www.caritasne2.org.br\/site\/confira-os-as-selecionadosas-do-edital-002-2024\/\" data-counter=\"right\"><\/script><\/li><\/ul>","protected":false},"author":4,"featured_media":11923,"comment_status":"open","ping_status":"open","sticky":false,"template":"","format":"standard","meta":[],"categories":[21,20],"tags":[],"_links":{"self":[{"href":"https:\/\/www.caritasne2.org.br\/site\/wp-json\/wp\/v2\/posts\/11921"}],"collection":[{"href":"https:\/\/www.caritasne2.org.br\/site\/wp-json\/wp\/v2\/posts"}],"about":[{"href":"https:\/\/www.caritasne2.org.br\/site\/wp-json\/wp\/v2\/types\/post"}],"author":[{"embeddable":true,"href":"https:\/\/www.caritasne2.org.br\/site\/wp-json\/wp\/v2\/users\/4"}],"replies":[{"embeddable":true,"href":"https:\/\/www.caritasne2.org.br\/site\/wp-json\/wp\/v2\/comments?post=11921"}],"version-history":[{"count":1,"href":"https:\/\/www.caritasne2.org.br\/site\/wp-json\/wp\/v2\/posts\/11921\/revisions"}],"predecessor-version":[{"id":11924,"href":"https:\/\/www.caritasne2.org.br\/site\/wp-json\/wp\/v2\/posts\/11921\/revisions\/11924"}],"wp:featuredmedia":[{"embeddable":true,"href":"https:\/\/www.caritasne2.org.br\/site\/wp-json\/wp\/v2\/media\/11923"}],"wp:attachment":[{"href":"https:\/\/www.caritasne2.org.br\/site\/wp-json\/wp\/v2\/media?parent=11921"}],"wp:term":[{"taxonomy":"category","embeddable":true,"href":"https:\/\/www.caritasne2.org.br\/site\/wp-json\/wp\/v2\/categories?post=11921"},{"taxonomy":"post_tag","embeddable":true,"href":"https:\/\/www.caritasne2.org.br\/site\/wp-json\/wp\/v2\/tags?post=11921"}],"curies":[{"name":"wp","href":"https:\/\/api.w.org\/{rel}","templated":true}]}}