{"id":11917,"date":"2024-03-01T16:43:09","date_gmt":"2024-03-01T19:43:09","guid":{"rendered":"https:\/\/www.caritasne2.org.br\/site\/?p=11917"},"modified":"2024-03-01T16:50:08","modified_gmt":"2024-03-01T19:50:08","slug":"confira-os-as-selecionadosas-do-edital-001-2024","status":"publish","type":"post","link":"https:\/\/www.caritasne2.org.br\/site\/confira-os-as-selecionadosas-do-edital-001-2024\/","title":{"rendered":"Confira os (as) selecionados(as) do Edital 001\/2024"},"content":{"rendered":"<p>A C\u00e1ritas Brasileira Regional Nordeste 2, organismo da Confer\u00eancia Nacional dos Bispos do Brasil (CNBB), com atua\u00e7\u00e3o nos Estados de Alagoas, Para\u00edba, Pernambuco e Rio Grande do Norte, torna p\u00fablico resultado final para o processo seletivo simplificado \u2013 Edital N\u00ba 001\/2024 para contrata\u00e7\u00e3o imediata de pessoal, atendendo o disposto no Projeto QUINTAIS PRODUTIVOS, em parceria com a Funda\u00e7\u00e3o Banco do Brasil.<\/p>\n<p>Selecionados(as) para as vagas s\u00e3o:<\/p>\n<ul>\n<li><strong>Auxiliar Administrativo<\/strong><\/li>\n<\/ul>\n<p>Douglas Silva de Souza<\/p>\n<ul>\n<li><strong>Educador Social<\/strong><\/li>\n<\/ul>\n<p>Aline Torres Tertuliano de Oliveira<\/p>\n<p>Mireli Machado Costa<\/p>\n<ul>\n<li><strong>Articulador T\u00e9cnico<\/strong><\/li>\n<\/ul>\n<p>Josino Barbosa da Silva Neto<\/p>\n<p><strong>\u00a0<\/strong><br \/>\nRecife, 01 de mar\u00e7o de 2024<br \/>\nComiss\u00e3o de Sele\u00e7\u00e3o<br \/>\nC\u00e1ritas Brasileira NE2<\/p>\n<ul class=\"ssb_list_wrapper\"><li class=\"fb2\" style=\"width:135px\"><iframe src=\"\/\/www.facebook.com\/plugins\/like.php?href=https%3A%2F%2Fwww.caritasne2.org.br%2Fsite%2Fconfira-os-as-selecionadosas-do-edital-001-2024%2F&amp;layout=button_count&amp;action=like&amp;show_faces=false&amp;share=true&amp;width=135&amp;height=21&amp;appId=307091639398582\" scrolling=\"no\" frameborder=\"0\" style=\"border:none; overflow:hidden;  width:150px; height:21px;\" allowTransparency=\"true\"><\/iframe><\/li><li class=\"twtr\" style=\"width:90px\"><a href=\"https:\/\/twitter.com\/share\" class=\"twitter-share-button\" data-url=\"https:\/\/www.caritasne2.org.br\/site\/confira-os-as-selecionadosas-do-edital-001-2024\/\">&nbsp;<\/a><script>!function(d,s,id){var js,fjs=d.getElementsByTagName(s)[0],p=\/^http:\/.test(d.location)?'http':'https';if(!d.getElementById(id)){js=d.createElement(s);js.id=id;js.src=p+':\/\/platform.twitter.com\/widgets.js';fjs.parentNode.insertBefore(js,fjs);}}(document, 'script', 'twitter-wjs');<\/script><\/li><li class=\"gplus\" style=\"width:68px\"><div class=\"g-plusone\" data-size=\"medium\" data-href=\"https:\/\/www.caritasne2.org.br\/site\/confira-os-as-selecionadosas-do-edital-001-2024\/\"><\/div><\/li><li class=\"ssb_linkedin\" style=\"width:64px\"><script src=\"\/\/platform.linkedin.com\/in.js\" type=\"text\/javascript\">lang: en_US<\/script><script type=\"IN\/Share\" data-url=\"https:\/\/www.caritasne2.org.br\/site\/confira-os-as-selecionadosas-do-edital-001-2024\/\" data-counter=\"right\"><\/script><\/li><\/ul>","protected":false},"excerpt":{"rendered":"<p>A C\u00e1ritas Brasileira Regional Nordeste 2, organismo da Confer\u00eancia Nacional dos Bispos do Brasil (CNBB), com atua\u00e7\u00e3o nos Estados de Alagoas, Para\u00edba, Pernambuco e Rio Grande do Norte, torna p\u00fablico resultado final para o processo seletivo simplificado \u2013 Edital N\u00ba 001\/2024 para contrata\u00e7\u00e3o imediata de pessoal, atendendo o disposto no Projeto QUINTAIS PRODUTIVOS, em parceria com a Funda\u00e7\u00e3o Banco do Brasil. Selecionados(as) para as vagas [&hellip;]<\/p>\n<ul class=\"ssb_list_wrapper\"><li class=\"fb2\" style=\"width:135px\"><iframe src=\"\/\/www.facebook.com\/plugins\/like.php?href=https%3A%2F%2Fwww.caritasne2.org.br%2Fsite%2Fconfira-os-as-selecionadosas-do-edital-001-2024%2F&amp;layout=button_count&amp;action=like&amp;show_faces=false&amp;share=true&amp;width=135&amp;height=21&amp;appId=307091639398582\" scrolling=\"no\" frameborder=\"0\" style=\"border:none; overflow:hidden;  width:150px; height:21px;\" allowTransparency=\"true\"><\/iframe><\/li><li class=\"twtr\" style=\"width:90px\"><a href=\"https:\/\/twitter.com\/share\" class=\"twitter-share-button\" data-url=\"https:\/\/www.caritasne2.org.br\/site\/confira-os-as-selecionadosas-do-edital-001-2024\/\">&nbsp;<\/a><script>!function(d,s,id){var js,fjs=d.getElementsByTagName(s)[0],p=\/^http:\/.test(d.location)?'http':'https';if(!d.getElementById(id)){js=d.createElement(s);js.id=id;js.src=p+':\/\/platform.twitter.com\/widgets.js';fjs.parentNode.insertBefore(js,fjs);}}(document, 'script', 'twitter-wjs');<\/script><\/li><li class=\"gplus\" style=\"width:68px\"><div class=\"g-plusone\" data-size=\"medium\" data-href=\"https:\/\/www.caritasne2.org.br\/site\/confira-os-as-selecionadosas-do-edital-001-2024\/\"><\/div><\/li><li class=\"ssb_linkedin\" style=\"width:64px\"><script src=\"\/\/platform.linkedin.com\/in.js\" type=\"text\/javascript\">lang: en_US<\/script><script type=\"IN\/Share\" data-url=\"https:\/\/www.caritasne2.org.br\/site\/confira-os-as-selecionadosas-do-edital-001-2024\/\" data-counter=\"right\"><\/script><\/li><\/ul>","protected":false},"author":4,"featured_media":11919,"comment_status":"open","ping_status":"open","sticky":false,"template":"","format":"standard","meta":[],"categories":[21,20],"tags":[],"_links":{"self":[{"href":"https:\/\/www.caritasne2.org.br\/site\/wp-json\/wp\/v2\/posts\/11917"}],"collection":[{"href":"https:\/\/www.caritasne2.org.br\/site\/wp-json\/wp\/v2\/posts"}],"about":[{"href":"https:\/\/www.caritasne2.org.br\/site\/wp-json\/wp\/v2\/types\/post"}],"author":[{"embeddable":true,"href":"https:\/\/www.caritasne2.org.br\/site\/wp-json\/wp\/v2\/users\/4"}],"replies":[{"embeddable":true,"href":"https:\/\/www.caritasne2.org.br\/site\/wp-json\/wp\/v2\/comments?post=11917"}],"version-history":[{"count":1,"href":"https:\/\/www.caritasne2.org.br\/site\/wp-json\/wp\/v2\/posts\/11917\/revisions"}],"predecessor-version":[{"id":11918,"href":"https:\/\/www.caritasne2.org.br\/site\/wp-json\/wp\/v2\/posts\/11917\/revisions\/11918"}],"wp:featuredmedia":[{"embeddable":true,"href":"https:\/\/www.caritasne2.org.br\/site\/wp-json\/wp\/v2\/media\/11919"}],"wp:attachment":[{"href":"https:\/\/www.caritasne2.org.br\/site\/wp-json\/wp\/v2\/media?parent=11917"}],"wp:term":[{"taxonomy":"category","embeddable":true,"href":"https:\/\/www.caritasne2.org.br\/site\/wp-json\/wp\/v2\/categories?post=11917"},{"taxonomy":"post_tag","embeddable":true,"href":"https:\/\/www.caritasne2.org.br\/site\/wp-json\/wp\/v2\/tags?post=11917"}],"curies":[{"name":"wp","href":"https:\/\/api.w.org\/{rel}","templated":true}]}}