{"id":1190,"date":"2013-07-22T18:19:20","date_gmt":"2013-07-22T21:19:20","guid":{"rendered":"http:\/\/ne2.caritas.org.br.s174889.gridserver.com\/?p=1190"},"modified":"2017-07-11T15:24:00","modified_gmt":"2017-07-11T18:24:00","slug":"jmj-tenda-chama-atencao-para-luta-em-defesa-da-vida-da-juventude","status":"publish","type":"post","link":"https:\/\/www.caritasne2.org.br\/site\/jmj-tenda-chama-atencao-para-luta-em-defesa-da-vida-da-juventude\/","title":{"rendered":"JMJ: Tenda chama aten\u00e7\u00e3o para a luta em defesa da vida da juventude"},"content":{"rendered":"<p style=\"text-align: justify;\">Como parte da programa\u00e7\u00e3o oficial da Jornada Mundial da Juventude (JMJ), tem in\u00edcio nesta segunda-feira (22) e segue at\u00e9 a sexta-feira (26) a \u201cTenda das Juventudes\u201d. O evento tamb\u00e9m acontecer\u00e1 no Rio de Janeiro, na Par\u00f3quia Santa Bernadete, na Avenida dos Democr\u00e1ticos, 896, no bairro Higien\u00f3polis.<\/p>\n<p style=\"text-align: justify;\">Sob o tema \u201cA Juventude quer Viver!\u201d, a iniciativa tem como objetivo mobilizar os jovens presentes na JMJ para a conscientiza\u00e7\u00e3o e luta em defasa da vida da juventude. A tem\u00e1tica escolhida tem pautado, sobretudo, o combate a viol\u00eancia e o exterm\u00ednio que assola a popula\u00e7\u00e3o jovem.<\/p>\n<p style=\"text-align: justify;\">Com atividades organizadas pela C\u00e1ritas Brasileira, Pastoral da Juventude (PJ), Juventude Franciscana (Jufra), Centro de Forma\u00e7\u00e3o, Assessoria e Pesquisa em Juventude (Cajueiro), Rede Ecum\u00eanica da Juventude (Reju), Irmandade dos M\u00e1rtires da Caminhada e Setor Pastoral da PUC\/RJ, a tenda ser\u00e1 um espa\u00e7o de acolhida, forma\u00e7\u00e3o, debate e troca de experi\u00eancias entre milhares de jovens de v\u00e1rias partes do mundo que estar\u00e3o presentes na JMJ.<\/p>\n<p style=\"text-align: justify;\">Al\u00e9m dos momentos de debate, tamb\u00e9m acontecer\u00e3o momentos de visita\u00e7\u00e3o aos estandes e exposi\u00e7\u00e3o, apresenta\u00e7\u00f5es culturais e celebra\u00e7\u00f5es, com destaque para a vig\u00edlia Martirial \u2013 espa\u00e7o em mem\u00f3ria dos m\u00e1rtires da caminhada, denominado Santu\u00e1rio dos M\u00e1rtires.<\/p>\n<p style=\"text-align: justify;\">A tenda tem como proposta ouvir e dar voz a juventude, e atrav\u00e9s deste di\u00e1logo sensibilizar mais pessoas para o engajamento na discuss\u00e3o sobre a banaliza\u00e7\u00e3o da viol\u00eancia e a defesa da vida dos jovens. Para isso, o evento proporcionar\u00e1 momentos de discuss\u00e3o, atrav\u00e9s dos quatro eixos tem\u00e1ticos escolhidos para nortear as plen\u00e1rias: \u201cDireitos da Juventude\u201d, \u201cSociedade e Novas Rela\u00e7\u00f5es\u201d, \u201cDimens\u00e3o Eclesial\u201d e \u201cComunica\u00e7\u00e3o e Cultura\u201d.<\/p>\n<p style=\"text-align: justify;\">Vale ressaltar que cada eixo agrega sub-temas que comp\u00f5em os pain\u00e9is das plen\u00e1rias como, por exemplo, \u201cA Juventude quer Viver!: as pol\u00edticas p\u00fablicas em defesa da vida da juventude e os impactos da redu\u00e7\u00e3o da maioridade penal na promo\u00e7\u00e3o da cultura da paz\u201d, \u201cJusti\u00e7a e Transi\u00e7\u00e3o, Mem\u00f3ria e Compromisso: papel dos crist\u00e3os no processo de democratiza\u00e7\u00e3o dos Estados em regimes ditatoriais\u201d, \u201cDesafios Socioambientais da Humanidade e Juventude\u201d; \u201cCrise Econ\u00f4mica, Direitos Sociais e Juventudes\u201d, \u201cCiviliza\u00e7\u00e3o do Amor: ecumenismo \u2013 juventude como lugar teol\u00f3gico\u201d, \u201cTr\u00e1fico de Pessoas\u201d, \u201cJuventude, Cultura, Comunica\u00e7\u00e3o e Direitos\u201d e \u201cSolidariedade\u201d.<\/p>\n<p style=\"text-align: justify;\">Confira a programa\u00e7\u00e3o <a title=\"Programa\u00e7\u00e3o-Tenda\" href=\"http:\/\/ne2.caritas.org.br.s174889.gridserver.com\/wp-content\/uploads\/2013\/07\/programacao-tenda.pdf\" target=\"_blank\">CLIQUE AQUI<\/a><\/p>\n<p style=\"text-align: justify;\">por Kilma Ferreira, assessora de Comunica\u00e7\u00e3o da C\u00e1ritas Brasileira Regional Nordeste 2<\/p>\n<ul class=\"ssb_list_wrapper\"><li class=\"fb2\" style=\"width:135px\"><iframe src=\"\/\/www.facebook.com\/plugins\/like.php?href=https%3A%2F%2Fwww.caritasne2.org.br%2Fsite%2Fjmj-tenda-chama-atencao-para-luta-em-defesa-da-vida-da-juventude%2F&amp;layout=button_count&amp;action=like&amp;show_faces=false&amp;share=true&amp;width=135&amp;height=21&amp;appId=307091639398582\" scrolling=\"no\" frameborder=\"0\" style=\"border:none; overflow:hidden;  width:150px; height:21px;\" allowTransparency=\"true\"><\/iframe><\/li><li class=\"twtr\" style=\"width:90px\"><a href=\"https:\/\/twitter.com\/share\" class=\"twitter-share-button\" data-url=\"https:\/\/www.caritasne2.org.br\/site\/jmj-tenda-chama-atencao-para-luta-em-defesa-da-vida-da-juventude\/\">&nbsp;<\/a><script>!function(d,s,id){var js,fjs=d.getElementsByTagName(s)[0],p=\/^http:\/.test(d.location)?'http':'https';if(!d.getElementById(id)){js=d.createElement(s);js.id=id;js.src=p+':\/\/platform.twitter.com\/widgets.js';fjs.parentNode.insertBefore(js,fjs);}}(document, 'script', 'twitter-wjs');<\/script><\/li><li class=\"gplus\" style=\"width:68px\"><div class=\"g-plusone\" data-size=\"medium\" data-href=\"https:\/\/www.caritasne2.org.br\/site\/jmj-tenda-chama-atencao-para-luta-em-defesa-da-vida-da-juventude\/\"><\/div><\/li><li class=\"ssb_linkedin\" style=\"width:64px\"><script src=\"\/\/platform.linkedin.com\/in.js\" type=\"text\/javascript\">lang: en_US<\/script><script type=\"IN\/Share\" data-url=\"https:\/\/www.caritasne2.org.br\/site\/jmj-tenda-chama-atencao-para-luta-em-defesa-da-vida-da-juventude\/\" data-counter=\"right\"><\/script><\/li><\/ul>","protected":false},"excerpt":{"rendered":"<p>Como parte da programa\u00e7\u00e3o oficial da Jornada Mundial da Juventude (JMJ), tem in\u00edcio nesta segunda-feira (22) e segue at\u00e9 a sexta-feira (26) a \u201cTenda das Juventudes\u201d. O evento tamb\u00e9m acontecer\u00e1 no Rio de Janeiro, na Par\u00f3quia Santa Bernadete, na Avenida dos Democr\u00e1ticos, 896, no bairro Higien\u00f3polis. Sob o tema \u201cA Juventude quer Viver!\u201d, a iniciativa tem como objetivo mobilizar os jovens presentes na JMJ para [&hellip;]<\/p>\n<ul class=\"ssb_list_wrapper\"><li class=\"fb2\" style=\"width:135px\"><iframe src=\"\/\/www.facebook.com\/plugins\/like.php?href=https%3A%2F%2Fwww.caritasne2.org.br%2Fsite%2Fjmj-tenda-chama-atencao-para-luta-em-defesa-da-vida-da-juventude%2F&amp;layout=button_count&amp;action=like&amp;show_faces=false&amp;share=true&amp;width=135&amp;height=21&amp;appId=307091639398582\" scrolling=\"no\" frameborder=\"0\" style=\"border:none; overflow:hidden;  width:150px; height:21px;\" allowTransparency=\"true\"><\/iframe><\/li><li class=\"twtr\" style=\"width:90px\"><a href=\"https:\/\/twitter.com\/share\" class=\"twitter-share-button\" data-url=\"https:\/\/www.caritasne2.org.br\/site\/jmj-tenda-chama-atencao-para-luta-em-defesa-da-vida-da-juventude\/\">&nbsp;<\/a><script>!function(d,s,id){var js,fjs=d.getElementsByTagName(s)[0],p=\/^http:\/.test(d.location)?'http':'https';if(!d.getElementById(id)){js=d.createElement(s);js.id=id;js.src=p+':\/\/platform.twitter.com\/widgets.js';fjs.parentNode.insertBefore(js,fjs);}}(document, 'script', 'twitter-wjs');<\/script><\/li><li class=\"gplus\" style=\"width:68px\"><div class=\"g-plusone\" data-size=\"medium\" data-href=\"https:\/\/www.caritasne2.org.br\/site\/jmj-tenda-chama-atencao-para-luta-em-defesa-da-vida-da-juventude\/\"><\/div><\/li><li class=\"ssb_linkedin\" style=\"width:64px\"><script src=\"\/\/platform.linkedin.com\/in.js\" type=\"text\/javascript\">lang: en_US<\/script><script type=\"IN\/Share\" data-url=\"https:\/\/www.caritasne2.org.br\/site\/jmj-tenda-chama-atencao-para-luta-em-defesa-da-vida-da-juventude\/\" data-counter=\"right\"><\/script><\/li><\/ul>","protected":false},"author":4,"featured_media":1191,"comment_status":"open","ping_status":"open","sticky":false,"template":"","format":"standard","meta":[],"categories":[263,20],"tags":[67,169,265],"_links":{"self":[{"href":"https:\/\/www.caritasne2.org.br\/site\/wp-json\/wp\/v2\/posts\/1190"}],"collection":[{"href":"https:\/\/www.caritasne2.org.br\/site\/wp-json\/wp\/v2\/posts"}],"about":[{"href":"https:\/\/www.caritasne2.org.br\/site\/wp-json\/wp\/v2\/types\/post"}],"author":[{"embeddable":true,"href":"https:\/\/www.caritasne2.org.br\/site\/wp-json\/wp\/v2\/users\/4"}],"replies":[{"embeddable":true,"href":"https:\/\/www.caritasne2.org.br\/site\/wp-json\/wp\/v2\/comments?post=1190"}],"version-history":[{"count":0,"href":"https:\/\/www.caritasne2.org.br\/site\/wp-json\/wp\/v2\/posts\/1190\/revisions"}],"wp:featuredmedia":[{"embeddable":true,"href":"https:\/\/www.caritasne2.org.br\/site\/wp-json\/wp\/v2\/media\/1191"}],"wp:attachment":[{"href":"https:\/\/www.caritasne2.org.br\/site\/wp-json\/wp\/v2\/media?parent=1190"}],"wp:term":[{"taxonomy":"category","embeddable":true,"href":"https:\/\/www.caritasne2.org.br\/site\/wp-json\/wp\/v2\/categories?post=1190"},{"taxonomy":"post_tag","embeddable":true,"href":"https:\/\/www.caritasne2.org.br\/site\/wp-json\/wp\/v2\/tags?post=1190"}],"curies":[{"name":"wp","href":"https:\/\/api.w.org\/{rel}","templated":true}]}}