{"id":1186,"date":"2013-07-22T17:32:59","date_gmt":"2013-07-22T20:32:59","guid":{"rendered":"http:\/\/ne2.caritas.org.br.s174889.gridserver.com\/?p=1186"},"modified":"2017-07-11T15:24:00","modified_gmt":"2017-07-11T18:24:00","slug":"cardeal-maradiaga-dialoga-juventude-da-caritas-rio","status":"publish","type":"post","link":"https:\/\/www.caritasne2.org.br\/site\/cardeal-maradiaga-dialoga-juventude-da-caritas-rio\/","title":{"rendered":"Cardeal Maradiaga dialoga com a juventude da C\u00e1ritas no Rio"},"content":{"rendered":"<p style=\"text-align: center;\"><em>O encontro \u00e9 uma oportunidade para a Igreja dialogar com jovens de v\u00e1rias partes do mundo, que estar\u00e3o presentes na JMJ.<\/em><\/p>\n<p style=\"text-align: justify;\">Nesta ter\u00e7a-feira (23), cerca de 80 jovens da Caritas da Am\u00e9rica Latina e Caribe, e da Caritas Internacional se re\u00fanem com o cardeal de Honduras e presidente da Caritas Internacional, Oscar Rodr\u00edguez Maradiaga. O encontro vai acontecer \u00e0s 10h, na Casa de Retiro Padre Anchieta, no bairro de S\u00e3o Conrado, no Rio de Janeiro.<\/p>\n<p style=\"text-align: justify;\">\u00a0Vale ressaltar que o cardeal hondurenho foi designado, pelo papa Francisco, o coordenador do grupo de oito cardeais que ir\u00e3o assessor\u00e1-lo na reforma da C\u00faria Romana, o governo central da Igreja.<\/p>\n<p style=\"text-align: justify;\">\u00a0O evento \u00e9 organizado pela C\u00e1ritas Brasileira &#8211; entidade ligada \u00e0 CNBB -, e trata-se de uma oportunidade para representantes da Igreja dialogar com jovens de v\u00e1rias partes do mundo, que estar\u00e3o participando da Jornada Mundial da Juventude (JMJ). A Jornada ser\u00e1 realizada entre os dias 23 e 28 de julho, com a presen\u00e7a do papa Francisco.<\/p>\n<p style=\"text-align: justify;\">\u00a0Na ocasi\u00e3o, jovens representantes da Caritas da Am\u00e9rica Latina e Caribe entregar\u00e3o ao cardeal uma carta aberta. A carta \u00e9 resultado da partilha de experi\u00eancias vivenciadas e refletidas durante o I Encontro Internacional de Jovens da C\u00e1ritas, que aconteceu neste m\u00eas de julho, no estado de Minas Gerais, e teve como um dos objetivos preparar jovens de pa\u00edses como, Brasil, Argentina, Col\u00f4mbia, Costa Rica, El Salvador, Haiti, Honduras, M\u00e9xico e Uruguai para a JMJ.<\/p>\n<p style=\"text-align: justify;\">\u00a0A carta aberta traz uma s\u00edntese dos anseios e reivindica\u00e7\u00f5es desses jovens, entre eles chama aten\u00e7\u00e3o para enorme viol\u00eancia e exterm\u00ednio que assolam a juventude. De acordo com a integrante do grupo de trabalho da juventude da C\u00e1ritas Brasileira, Monyse Ravena, o encontro com o cardeal Maradiaga ser\u00e1 um espa\u00e7o, principalmente de escuta. &#8220;A expectativa \u00e9 que nossas reivindica\u00e7\u00f5es sejam ouvidas, e que este momento v\u00e1 al\u00e9m do encontro, ou seja, que traga resultados, disse.&#8221;<\/p>\n<p style=\"text-align: justify;\">\u00a0O encontro tamb\u00e9m contar\u00e1 com a participa\u00e7\u00e3o do bispo do Haiti, Dom Joseph Gontrand D\u00e9coste, e da diretora executiva nacional da C\u00e1ritas Brasileira, Maria Cristina dos Anjos. De acordo com a organiza\u00e7\u00e3o, o encerramento do encontro ser\u00e1 marcado por um almo\u00e7o de confraterniza\u00e7\u00e3o.<\/p>\n<p style=\"text-align: justify;\">\u00a0<strong>Servi\u00e7o:<\/strong><\/p>\n<p style=\"text-align: justify;\">Cardeal Maradiaga conversa com juventude da C\u00e1ritas<\/p>\n<p style=\"text-align: justify;\">\u00a0Dia: 23 de julho (ter\u00e7a-feira)<\/p>\n<p style=\"text-align: justify;\">\u00a0Hor\u00e1rio: 10h.<\/p>\n<p style=\"text-align: justify;\">\u00a0Local: Casa de Retiro Padre Anchieta<\/p>\n<p style=\"text-align: justify;\">\u00a0End.: Rua Capuri, n\u00ba 1.500, S\u00e3o Conrado, Rio de Janeiro &#8211; RJ.<\/p>\n<p style=\"text-align: justify;\">\u00a0<strong>Sobre a C\u00e1ritas Brasileira<\/strong><\/p>\n<p style=\"text-align: justify;\">A C\u00e1ritas Brasileira \u00e9 uma entidade de promo\u00e7\u00e3o e atua\u00e7\u00e3o social que trabalha na defesa dos direitos humanos, da seguran\u00e7a alimentar e do desenvolvimento sustent\u00e1vel solid\u00e1rio. Sua atua\u00e7\u00e3o \u00e9 junto aos exclu\u00eddos em defesa da vida e na participa\u00e7\u00e3o da constru\u00e7\u00e3o solid\u00e1ria de uma sociedade justa, igualit\u00e1ria e plural.<\/p>\n<p style=\"text-align: justify;\">\u00a0Fundada no Brasil em 12 de novembro de 1956, a C\u00e1ritas Brasileira faz parte da Rede Caritas Internationalis, presente em 165 pa\u00edses e territ\u00f3rios. Reconhecida como entidade de utilidade p\u00fablica federal, ela tamb\u00e9m \u00e9 um organismo da Confer\u00eancia Nacional dos Bispos do Brasil (CNBB).<\/p>\n<p style=\"text-align: justify;\"><strong>\u00a0Sobre a Caritas Internationalis<\/strong><\/p>\n<p style=\"text-align: justify;\">\u00a0A Caritas Internationalis \u00e9 uma confedera\u00e7\u00e3o mundial de 165 organiza\u00e7\u00f5es cat\u00f3licas que trabalham em emerg\u00eancias humanit\u00e1rias e de desenvolvimento internacional.<\/p>\n<p style=\"text-align: justify;\">\u00a0Caritas tem uma presen\u00e7a permanente na maioria dos pa\u00edses do mundo. Inspirado pela f\u00e9 crist\u00e3 e os valores evang\u00e9licos, trabalha com os pobres, vulner\u00e1veis e exclu\u00eddos, independentemente de ra\u00e7a ou religi\u00e3o.<\/p>\n<p style=\"text-align: justify;\">\u00a0Caritas Internationalis tem a sua sede em Roma, de onde coordena a resposta da confedera\u00e7\u00e3o de grandes emerg\u00eancias humanit\u00e1rias, formula pol\u00edticas e defensores de um mundo melhor, baseado na justi\u00e7a e compassion. Tamb\u00e9m t\u00eam escrit\u00f3rios em Nova Iorque e Genebra, representando a Confedera\u00e7\u00e3o Caritas nas Na\u00e7\u00f5es Unidas e trabalhar com outras institui\u00e7\u00f5es internacionais. A Caritas confedera\u00e7\u00e3o \u00e9 composto de sete regi\u00f5es: \u00c1frica, \u00c1sia, Europa, Am\u00e9rica Latina e Caribe, Oriente M\u00e9dio e Norte da \u00c1frica (MONA), Am\u00e9rica do Norte e Oceania.<\/p>\n<p style=\"text-align: justify;\">\u00a0por Kilma Ferreira | Assessora de Comunica\u00e7\u00e3o da C\u00e1ritas Regional NE2<\/p>\n<p style=\"text-align: justify;\">\n<ul class=\"ssb_list_wrapper\"><li class=\"fb2\" style=\"width:135px\"><iframe src=\"\/\/www.facebook.com\/plugins\/like.php?href=https%3A%2F%2Fwww.caritasne2.org.br%2Fsite%2Fcardeal-maradiaga-dialoga-juventude-da-caritas-rio%2F&amp;layout=button_count&amp;action=like&amp;show_faces=false&amp;share=true&amp;width=135&amp;height=21&amp;appId=307091639398582\" scrolling=\"no\" frameborder=\"0\" style=\"border:none; overflow:hidden;  width:150px; height:21px;\" allowTransparency=\"true\"><\/iframe><\/li><li class=\"twtr\" style=\"width:90px\"><a href=\"https:\/\/twitter.com\/share\" class=\"twitter-share-button\" data-url=\"https:\/\/www.caritasne2.org.br\/site\/cardeal-maradiaga-dialoga-juventude-da-caritas-rio\/\">&nbsp;<\/a><script>!function(d,s,id){var js,fjs=d.getElementsByTagName(s)[0],p=\/^http:\/.test(d.location)?'http':'https';if(!d.getElementById(id)){js=d.createElement(s);js.id=id;js.src=p+':\/\/platform.twitter.com\/widgets.js';fjs.parentNode.insertBefore(js,fjs);}}(document, 'script', 'twitter-wjs');<\/script><\/li><li class=\"gplus\" style=\"width:68px\"><div class=\"g-plusone\" data-size=\"medium\" data-href=\"https:\/\/www.caritasne2.org.br\/site\/cardeal-maradiaga-dialoga-juventude-da-caritas-rio\/\"><\/div><\/li><li class=\"ssb_linkedin\" style=\"width:64px\"><script src=\"\/\/platform.linkedin.com\/in.js\" type=\"text\/javascript\">lang: en_US<\/script><script type=\"IN\/Share\" data-url=\"https:\/\/www.caritasne2.org.br\/site\/cardeal-maradiaga-dialoga-juventude-da-caritas-rio\/\" data-counter=\"right\"><\/script><\/li><\/ul>","protected":false},"excerpt":{"rendered":"<p>O encontro \u00e9 uma oportunidade para a Igreja dialogar com jovens de v\u00e1rias partes do mundo, que estar\u00e3o presentes na JMJ. Nesta ter\u00e7a-feira (23), cerca de 80 jovens da Caritas da Am\u00e9rica Latina e Caribe, e da Caritas Internacional se re\u00fanem com o cardeal de Honduras e presidente da Caritas Internacional, Oscar Rodr\u00edguez Maradiaga. O encontro vai acontecer \u00e0s 10h, na Casa de Retiro Padre [&hellip;]<\/p>\n<ul class=\"ssb_list_wrapper\"><li class=\"fb2\" style=\"width:135px\"><iframe src=\"\/\/www.facebook.com\/plugins\/like.php?href=https%3A%2F%2Fwww.caritasne2.org.br%2Fsite%2Fcardeal-maradiaga-dialoga-juventude-da-caritas-rio%2F&amp;layout=button_count&amp;action=like&amp;show_faces=false&amp;share=true&amp;width=135&amp;height=21&amp;appId=307091639398582\" scrolling=\"no\" frameborder=\"0\" style=\"border:none; overflow:hidden;  width:150px; height:21px;\" allowTransparency=\"true\"><\/iframe><\/li><li class=\"twtr\" style=\"width:90px\"><a href=\"https:\/\/twitter.com\/share\" class=\"twitter-share-button\" data-url=\"https:\/\/www.caritasne2.org.br\/site\/cardeal-maradiaga-dialoga-juventude-da-caritas-rio\/\">&nbsp;<\/a><script>!function(d,s,id){var js,fjs=d.getElementsByTagName(s)[0],p=\/^http:\/.test(d.location)?'http':'https';if(!d.getElementById(id)){js=d.createElement(s);js.id=id;js.src=p+':\/\/platform.twitter.com\/widgets.js';fjs.parentNode.insertBefore(js,fjs);}}(document, 'script', 'twitter-wjs');<\/script><\/li><li class=\"gplus\" style=\"width:68px\"><div class=\"g-plusone\" data-size=\"medium\" data-href=\"https:\/\/www.caritasne2.org.br\/site\/cardeal-maradiaga-dialoga-juventude-da-caritas-rio\/\"><\/div><\/li><li class=\"ssb_linkedin\" style=\"width:64px\"><script src=\"\/\/platform.linkedin.com\/in.js\" type=\"text\/javascript\">lang: en_US<\/script><script type=\"IN\/Share\" data-url=\"https:\/\/www.caritasne2.org.br\/site\/cardeal-maradiaga-dialoga-juventude-da-caritas-rio\/\" data-counter=\"right\"><\/script><\/li><\/ul>","protected":false},"author":4,"featured_media":1187,"comment_status":"open","ping_status":"open","sticky":false,"template":"","format":"standard","meta":[],"categories":[263,20],"tags":[67,261,229,85,262],"_links":{"self":[{"href":"https:\/\/www.caritasne2.org.br\/site\/wp-json\/wp\/v2\/posts\/1186"}],"collection":[{"href":"https:\/\/www.caritasne2.org.br\/site\/wp-json\/wp\/v2\/posts"}],"about":[{"href":"https:\/\/www.caritasne2.org.br\/site\/wp-json\/wp\/v2\/types\/post"}],"author":[{"embeddable":true,"href":"https:\/\/www.caritasne2.org.br\/site\/wp-json\/wp\/v2\/users\/4"}],"replies":[{"embeddable":true,"href":"https:\/\/www.caritasne2.org.br\/site\/wp-json\/wp\/v2\/comments?post=1186"}],"version-history":[{"count":0,"href":"https:\/\/www.caritasne2.org.br\/site\/wp-json\/wp\/v2\/posts\/1186\/revisions"}],"wp:featuredmedia":[{"embeddable":true,"href":"https:\/\/www.caritasne2.org.br\/site\/wp-json\/wp\/v2\/media\/1187"}],"wp:attachment":[{"href":"https:\/\/www.caritasne2.org.br\/site\/wp-json\/wp\/v2\/media?parent=1186"}],"wp:term":[{"taxonomy":"category","embeddable":true,"href":"https:\/\/www.caritasne2.org.br\/site\/wp-json\/wp\/v2\/categories?post=1186"},{"taxonomy":"post_tag","embeddable":true,"href":"https:\/\/www.caritasne2.org.br\/site\/wp-json\/wp\/v2\/tags?post=1186"}],"curies":[{"name":"wp","href":"https:\/\/api.w.org\/{rel}","templated":true}]}}