{"id":11790,"date":"2023-12-20T10:13:19","date_gmt":"2023-12-20T13:13:19","guid":{"rendered":"https:\/\/www.caritasne2.org.br\/site\/?p=11790"},"modified":"2024-01-10T12:10:14","modified_gmt":"2024-01-10T15:10:14","slug":"caritas-ne2-em-parceria-com-a-caritas-diocesana-de-garanhuns-vao-executar-o-programa-cisternas","status":"publish","type":"post","link":"https:\/\/www.caritasne2.org.br\/site\/caritas-ne2-em-parceria-com-a-caritas-diocesana-de-garanhuns-vao-executar-o-programa-cisternas\/","title":{"rendered":"C\u00e1ritas NE2 retoma a\u00e7\u00f5es do Programa Cisternas no Agreste Meridional de Pernambuco"},"content":{"rendered":"<p>Nos \u00faltimos quatro anos o acesso \u00e0 \u00e1gua, como direito, perdeu a import\u00e2ncia para o Governo Federal. A redu\u00e7\u00e3o nas constru\u00e7\u00f5es de cisternas impactou diretamente milhares de brasileiros, que dependem dos reservat\u00f3rios para ajudar na planta\u00e7\u00e3o e abastecer suas casas.<\/p>\n<p>No Agreste Meridional de Pernambuco a C\u00e1ritas Brasileira Nordeste 2 (CBNE2) e C\u00e1ritas Diocesana de Garanhuns v\u00e3o executar o Programa Cisternas, em quatro munic\u00edpios: Caet\u00e9s, Paranatama, Capoeiras e Terezinha. A apresenta\u00e7\u00e3o do Programa e forma\u00e7\u00e3o das Comiss\u00f5es Municipais da ASAPE &#8211; coletivo respons\u00e1vel pela escolha das comunidades envolvidas e sele\u00e7\u00e3o das fam\u00edlias que ser\u00e3o contempladas &#8211; aconteceu em Garanhuns, nesta ter\u00e7a, 19 de dezembro, com representa\u00e7\u00f5es de associa\u00e7\u00f5es, sindicatos, par\u00f3quias, secretaria de agricultura, agricultores etc.<\/p>\n<p><img decoding=\"async\" loading=\"lazy\" class=\" wp-image-11793 aligncenter\" src=\"https:\/\/www.caritasne2.org.br\/site\/wp-content\/uploads\/2024\/01\/b294442c-c29c-4d2f-b100-b3c8e63eb27b-300x225.jpg\" alt=\"\" width=\"469\" height=\"352\" srcset=\"https:\/\/www.caritasne2.org.br\/site\/wp-content\/uploads\/2024\/01\/b294442c-c29c-4d2f-b100-b3c8e63eb27b-300x225.jpg 300w, https:\/\/www.caritasne2.org.br\/site\/wp-content\/uploads\/2024\/01\/b294442c-c29c-4d2f-b100-b3c8e63eb27b-1024x768.jpg 1024w, https:\/\/www.caritasne2.org.br\/site\/wp-content\/uploads\/2024\/01\/b294442c-c29c-4d2f-b100-b3c8e63eb27b-768x576.jpg 768w, https:\/\/www.caritasne2.org.br\/site\/wp-content\/uploads\/2024\/01\/b294442c-c29c-4d2f-b100-b3c8e63eb27b.jpg 1280w\" sizes=\"(max-width: 469px) 100vw, 469px\" \/><\/p>\n<p>O Programa Cisternas tem como objetivo promover o acesso \u00e0 \u00e1gua para o consumo humano com a cisterna de 16 mil litros, \u00e0s fam\u00edlias rurais de baixa renda atingidas pela seca ou falta regular de \u00e1gua a possibilidade de produ\u00e7\u00e3o de alimentos saud\u00e1veis. Dentre essas, h\u00e1 prioridade para povos e comunidades tradicionais.<\/p>\n<p>O processo de implementa\u00e7\u00e3o envolve atividades como mobiliza\u00e7\u00e3o social, capacita\u00e7\u00f5es, encontros em diversas esferas \u2013 local, territorial e microrregional, e organiza\u00e7\u00e3o do processo construtivo, a exemplo das Comiss\u00f5es Municipais respons\u00e1veis pela escolha das comunidades envolvidas e sele\u00e7\u00e3o das fam\u00edlias que ser\u00e3o contempladas.<\/p>\n<p>Ao longo de d\u00e9cadas, a Rede C\u00e1ritas NE2 vem atuando e refor\u00e7ando a defesa da pol\u00edtica de conviv\u00eancia com o Semi\u00e1rido, seja nas a\u00e7\u00f5es de massa como o Grito dos Exclu\u00eddos, a Marcha das Margaridas, seja em cada munic\u00edpio e estados que a CBNE2 atua na articula\u00e7\u00e3o e execu\u00e7\u00e3o dos programas.<\/p>\n<ul class=\"ssb_list_wrapper\"><li class=\"fb2\" style=\"width:135px\"><iframe src=\"\/\/www.facebook.com\/plugins\/like.php?href=https%3A%2F%2Fwww.caritasne2.org.br%2Fsite%2Fcaritas-ne2-em-parceria-com-a-caritas-diocesana-de-garanhuns-vao-executar-o-programa-cisternas%2F&amp;layout=button_count&amp;action=like&amp;show_faces=false&amp;share=true&amp;width=135&amp;height=21&amp;appId=307091639398582\" scrolling=\"no\" frameborder=\"0\" style=\"border:none; overflow:hidden;  width:150px; height:21px;\" allowTransparency=\"true\"><\/iframe><\/li><li class=\"twtr\" style=\"width:90px\"><a href=\"https:\/\/twitter.com\/share\" class=\"twitter-share-button\" data-url=\"https:\/\/www.caritasne2.org.br\/site\/caritas-ne2-em-parceria-com-a-caritas-diocesana-de-garanhuns-vao-executar-o-programa-cisternas\/\">&nbsp;<\/a><script>!function(d,s,id){var js,fjs=d.getElementsByTagName(s)[0],p=\/^http:\/.test(d.location)?'http':'https';if(!d.getElementById(id)){js=d.createElement(s);js.id=id;js.src=p+':\/\/platform.twitter.com\/widgets.js';fjs.parentNode.insertBefore(js,fjs);}}(document, 'script', 'twitter-wjs');<\/script><\/li><li class=\"gplus\" style=\"width:68px\"><div class=\"g-plusone\" data-size=\"medium\" data-href=\"https:\/\/www.caritasne2.org.br\/site\/caritas-ne2-em-parceria-com-a-caritas-diocesana-de-garanhuns-vao-executar-o-programa-cisternas\/\"><\/div><\/li><li class=\"ssb_linkedin\" style=\"width:64px\"><script src=\"\/\/platform.linkedin.com\/in.js\" type=\"text\/javascript\">lang: en_US<\/script><script type=\"IN\/Share\" data-url=\"https:\/\/www.caritasne2.org.br\/site\/caritas-ne2-em-parceria-com-a-caritas-diocesana-de-garanhuns-vao-executar-o-programa-cisternas\/\" data-counter=\"right\"><\/script><\/li><\/ul>","protected":false},"excerpt":{"rendered":"<p>Nos \u00faltimos quatro anos o acesso \u00e0 \u00e1gua, como direito, perdeu a import\u00e2ncia para o Governo Federal. A redu\u00e7\u00e3o nas constru\u00e7\u00f5es de cisternas impactou diretamente milhares de brasileiros, que dependem dos reservat\u00f3rios para ajudar na planta\u00e7\u00e3o e abastecer suas casas. No Agreste Meridional de Pernambuco a C\u00e1ritas Brasileira Nordeste 2 (CBNE2) e C\u00e1ritas Diocesana de Garanhuns v\u00e3o executar o Programa Cisternas, em quatro munic\u00edpios: Caet\u00e9s, [&hellip;]<\/p>\n<ul class=\"ssb_list_wrapper\"><li class=\"fb2\" style=\"width:135px\"><iframe src=\"\/\/www.facebook.com\/plugins\/like.php?href=https%3A%2F%2Fwww.caritasne2.org.br%2Fsite%2Fcaritas-ne2-em-parceria-com-a-caritas-diocesana-de-garanhuns-vao-executar-o-programa-cisternas%2F&amp;layout=button_count&amp;action=like&amp;show_faces=false&amp;share=true&amp;width=135&amp;height=21&amp;appId=307091639398582\" scrolling=\"no\" frameborder=\"0\" style=\"border:none; overflow:hidden;  width:150px; height:21px;\" allowTransparency=\"true\"><\/iframe><\/li><li class=\"twtr\" style=\"width:90px\"><a href=\"https:\/\/twitter.com\/share\" class=\"twitter-share-button\" data-url=\"https:\/\/www.caritasne2.org.br\/site\/caritas-ne2-em-parceria-com-a-caritas-diocesana-de-garanhuns-vao-executar-o-programa-cisternas\/\">&nbsp;<\/a><script>!function(d,s,id){var js,fjs=d.getElementsByTagName(s)[0],p=\/^http:\/.test(d.location)?'http':'https';if(!d.getElementById(id)){js=d.createElement(s);js.id=id;js.src=p+':\/\/platform.twitter.com\/widgets.js';fjs.parentNode.insertBefore(js,fjs);}}(document, 'script', 'twitter-wjs');<\/script><\/li><li class=\"gplus\" style=\"width:68px\"><div class=\"g-plusone\" data-size=\"medium\" data-href=\"https:\/\/www.caritasne2.org.br\/site\/caritas-ne2-em-parceria-com-a-caritas-diocesana-de-garanhuns-vao-executar-o-programa-cisternas\/\"><\/div><\/li><li class=\"ssb_linkedin\" style=\"width:64px\"><script src=\"\/\/platform.linkedin.com\/in.js\" type=\"text\/javascript\">lang: en_US<\/script><script type=\"IN\/Share\" data-url=\"https:\/\/www.caritasne2.org.br\/site\/caritas-ne2-em-parceria-com-a-caritas-diocesana-de-garanhuns-vao-executar-o-programa-cisternas\/\" data-counter=\"right\"><\/script><\/li><\/ul>","protected":false},"author":4,"featured_media":11791,"comment_status":"open","ping_status":"open","sticky":false,"template":"","format":"standard","meta":[],"categories":[21,20],"tags":[],"_links":{"self":[{"href":"https:\/\/www.caritasne2.org.br\/site\/wp-json\/wp\/v2\/posts\/11790"}],"collection":[{"href":"https:\/\/www.caritasne2.org.br\/site\/wp-json\/wp\/v2\/posts"}],"about":[{"href":"https:\/\/www.caritasne2.org.br\/site\/wp-json\/wp\/v2\/types\/post"}],"author":[{"embeddable":true,"href":"https:\/\/www.caritasne2.org.br\/site\/wp-json\/wp\/v2\/users\/4"}],"replies":[{"embeddable":true,"href":"https:\/\/www.caritasne2.org.br\/site\/wp-json\/wp\/v2\/comments?post=11790"}],"version-history":[{"count":3,"href":"https:\/\/www.caritasne2.org.br\/site\/wp-json\/wp\/v2\/posts\/11790\/revisions"}],"predecessor-version":[{"id":11795,"href":"https:\/\/www.caritasne2.org.br\/site\/wp-json\/wp\/v2\/posts\/11790\/revisions\/11795"}],"wp:featuredmedia":[{"embeddable":true,"href":"https:\/\/www.caritasne2.org.br\/site\/wp-json\/wp\/v2\/media\/11791"}],"wp:attachment":[{"href":"https:\/\/www.caritasne2.org.br\/site\/wp-json\/wp\/v2\/media?parent=11790"}],"wp:term":[{"taxonomy":"category","embeddable":true,"href":"https:\/\/www.caritasne2.org.br\/site\/wp-json\/wp\/v2\/categories?post=11790"},{"taxonomy":"post_tag","embeddable":true,"href":"https:\/\/www.caritasne2.org.br\/site\/wp-json\/wp\/v2\/tags?post=11790"}],"curies":[{"name":"wp","href":"https:\/\/api.w.org\/{rel}","templated":true}]}}