{"id":11757,"date":"2023-12-15T10:23:31","date_gmt":"2023-12-15T13:23:31","guid":{"rendered":"https:\/\/www.caritasne2.org.br\/site\/?p=11757"},"modified":"2023-12-15T10:25:26","modified_gmt":"2023-12-15T13:25:26","slug":"caritas-ne2-promove-3a-edicao-de-bazar-solidario","status":"publish","type":"post","link":"https:\/\/www.caritasne2.org.br\/site\/caritas-ne2-promove-3a-edicao-de-bazar-solidario\/","title":{"rendered":"C\u00e1ritas NE2 promove 3\u00aa edi\u00e7\u00e3o de Bazar Solid\u00e1rio"},"content":{"rendered":"<p><em>Com o tema Solidariedade que Transforma o\u00a0evento acontece na sede da CNBB, em Recife<\/em><\/p>\n<p>O ano de 2023 est\u00e1 sendo marcado pela corrente da solidariedade na C\u00e1ritas NE2, e para finalizar\u00a0o\u00a0 ano entre os dias 18 e 19 de dezembro acontece mais uma edi\u00e7\u00e3o do \u201cBazar Solid\u00e1rio &#8211; Solidariedade que Transforma\u201d com o\u00a0objetivo de motivar o sentimento de solidariedade e import\u00e2ncia da participa\u00e7\u00e3o de todos na ajuda ao pr\u00f3ximo, fortalecer e ampliar as iniciativas desenvolvidas pela institui\u00e7\u00e3o nos estados de Alagoas, Para\u00edba, Pernambuco e Rio Grande do Norte.<\/p>\n<p>Com produtos doados pela\u00a0Receita Federal, esta edi\u00e7\u00e3o conta com uma diversidade de itens \u00e0 venda, como eletroeletr\u00f4nicos, roupas, perfumaria, maquiagem,\u00a0 brinquedos, dentre outros.\u00a0Cada pe\u00e7a dispon\u00edvel para venda n\u00e3o apenas representa a oportunidade de adquirir algo especial, mas tamb\u00e9m a oportunidade de contribuir para iniciativas sociais e solid\u00e1rias.<\/p>\n<p>Para participar do Bazar Solid\u00e1rio, \u00e9 necess\u00e1rio fazer uma inscri\u00e7\u00e3o online informando o dia e hor\u00e1rio para participa\u00e7\u00e3o, al\u00e9m de levar\u00a0uma doa\u00e7\u00e3o de 1kg de alimento n\u00e3o perec\u00edvel para atender \u00e0s fam\u00edlias em situa\u00e7\u00f5es de vulnerabilidade social.<\/p>\n<p><strong><u>Servi\u00e7o<\/u><\/strong><\/p>\n<p><strong>Bazar Solid\u00e1rio -Solidariedade que transforma<\/strong><\/p>\n<p><strong>Quando:\u00a0<\/strong>18 e 19 de dezembro (segunda e ter\u00e7a-feira)<\/p>\n<p><strong>Hor\u00e1rio:\u00a0\u00a0<\/strong>Das\u00a09h \u00e0s 17h<\/p>\n<p><strong>Local: <\/strong>Sede Confer\u00eancia Nacional dos Bispos do Brasil\u00a0Nordeste 2, localizado na Rua Dom Bosco, 908 \u2013 Boa Vista- Recife<\/p>\n<p><strong>Entrada:<\/strong>\u00a01kg de alimento n\u00e3o perec\u00edvel<\/p>\n<p><strong>Inscri\u00e7\u00e3o:<\/strong> <a href=\"https:\/\/www.sympla.com.br\/evento\/bazar-solidario-solidariedade-que-transforma\/2280868\">Clique Aqui<\/a><\/p>\n<p>&nbsp;<\/p>\n<p>&nbsp;<\/p>\n<ul class=\"ssb_list_wrapper\"><li class=\"fb2\" style=\"width:135px\"><iframe src=\"\/\/www.facebook.com\/plugins\/like.php?href=https%3A%2F%2Fwww.caritasne2.org.br%2Fsite%2Fcaritas-ne2-promove-3a-edicao-de-bazar-solidario%2F&amp;layout=button_count&amp;action=like&amp;show_faces=false&amp;share=true&amp;width=135&amp;height=21&amp;appId=307091639398582\" scrolling=\"no\" frameborder=\"0\" style=\"border:none; overflow:hidden;  width:150px; height:21px;\" allowTransparency=\"true\"><\/iframe><\/li><li class=\"twtr\" style=\"width:90px\"><a href=\"https:\/\/twitter.com\/share\" class=\"twitter-share-button\" data-url=\"https:\/\/www.caritasne2.org.br\/site\/caritas-ne2-promove-3a-edicao-de-bazar-solidario\/\">&nbsp;<\/a><script>!function(d,s,id){var js,fjs=d.getElementsByTagName(s)[0],p=\/^http:\/.test(d.location)?'http':'https';if(!d.getElementById(id)){js=d.createElement(s);js.id=id;js.src=p+':\/\/platform.twitter.com\/widgets.js';fjs.parentNode.insertBefore(js,fjs);}}(document, 'script', 'twitter-wjs');<\/script><\/li><li class=\"gplus\" style=\"width:68px\"><div class=\"g-plusone\" data-size=\"medium\" data-href=\"https:\/\/www.caritasne2.org.br\/site\/caritas-ne2-promove-3a-edicao-de-bazar-solidario\/\"><\/div><\/li><li class=\"ssb_linkedin\" style=\"width:64px\"><script src=\"\/\/platform.linkedin.com\/in.js\" type=\"text\/javascript\">lang: en_US<\/script><script type=\"IN\/Share\" data-url=\"https:\/\/www.caritasne2.org.br\/site\/caritas-ne2-promove-3a-edicao-de-bazar-solidario\/\" data-counter=\"right\"><\/script><\/li><\/ul>","protected":false},"excerpt":{"rendered":"<p>Com o tema Solidariedade que Transforma o\u00a0evento acontece na sede da CNBB, em Recife O ano de 2023 est\u00e1 sendo marcado pela corrente da solidariedade na C\u00e1ritas NE2, e para finalizar\u00a0o\u00a0 ano entre os dias 18 e 19 de dezembro acontece mais uma edi\u00e7\u00e3o do \u201cBazar Solid\u00e1rio &#8211; Solidariedade que Transforma\u201d com o\u00a0objetivo de motivar o sentimento de solidariedade e import\u00e2ncia da participa\u00e7\u00e3o de todos [&hellip;]<\/p>\n<ul class=\"ssb_list_wrapper\"><li class=\"fb2\" style=\"width:135px\"><iframe src=\"\/\/www.facebook.com\/plugins\/like.php?href=https%3A%2F%2Fwww.caritasne2.org.br%2Fsite%2Fcaritas-ne2-promove-3a-edicao-de-bazar-solidario%2F&amp;layout=button_count&amp;action=like&amp;show_faces=false&amp;share=true&amp;width=135&amp;height=21&amp;appId=307091639398582\" scrolling=\"no\" frameborder=\"0\" style=\"border:none; overflow:hidden;  width:150px; height:21px;\" allowTransparency=\"true\"><\/iframe><\/li><li class=\"twtr\" style=\"width:90px\"><a href=\"https:\/\/twitter.com\/share\" class=\"twitter-share-button\" data-url=\"https:\/\/www.caritasne2.org.br\/site\/caritas-ne2-promove-3a-edicao-de-bazar-solidario\/\">&nbsp;<\/a><script>!function(d,s,id){var js,fjs=d.getElementsByTagName(s)[0],p=\/^http:\/.test(d.location)?'http':'https';if(!d.getElementById(id)){js=d.createElement(s);js.id=id;js.src=p+':\/\/platform.twitter.com\/widgets.js';fjs.parentNode.insertBefore(js,fjs);}}(document, 'script', 'twitter-wjs');<\/script><\/li><li class=\"gplus\" style=\"width:68px\"><div class=\"g-plusone\" data-size=\"medium\" data-href=\"https:\/\/www.caritasne2.org.br\/site\/caritas-ne2-promove-3a-edicao-de-bazar-solidario\/\"><\/div><\/li><li class=\"ssb_linkedin\" style=\"width:64px\"><script src=\"\/\/platform.linkedin.com\/in.js\" type=\"text\/javascript\">lang: en_US<\/script><script type=\"IN\/Share\" data-url=\"https:\/\/www.caritasne2.org.br\/site\/caritas-ne2-promove-3a-edicao-de-bazar-solidario\/\" data-counter=\"right\"><\/script><\/li><\/ul>","protected":false},"author":4,"featured_media":11758,"comment_status":"open","ping_status":"open","sticky":false,"template":"","format":"standard","meta":[],"categories":[21,20],"tags":[],"_links":{"self":[{"href":"https:\/\/www.caritasne2.org.br\/site\/wp-json\/wp\/v2\/posts\/11757"}],"collection":[{"href":"https:\/\/www.caritasne2.org.br\/site\/wp-json\/wp\/v2\/posts"}],"about":[{"href":"https:\/\/www.caritasne2.org.br\/site\/wp-json\/wp\/v2\/types\/post"}],"author":[{"embeddable":true,"href":"https:\/\/www.caritasne2.org.br\/site\/wp-json\/wp\/v2\/users\/4"}],"replies":[{"embeddable":true,"href":"https:\/\/www.caritasne2.org.br\/site\/wp-json\/wp\/v2\/comments?post=11757"}],"version-history":[{"count":2,"href":"https:\/\/www.caritasne2.org.br\/site\/wp-json\/wp\/v2\/posts\/11757\/revisions"}],"predecessor-version":[{"id":11760,"href":"https:\/\/www.caritasne2.org.br\/site\/wp-json\/wp\/v2\/posts\/11757\/revisions\/11760"}],"wp:featuredmedia":[{"embeddable":true,"href":"https:\/\/www.caritasne2.org.br\/site\/wp-json\/wp\/v2\/media\/11758"}],"wp:attachment":[{"href":"https:\/\/www.caritasne2.org.br\/site\/wp-json\/wp\/v2\/media?parent=11757"}],"wp:term":[{"taxonomy":"category","embeddable":true,"href":"https:\/\/www.caritasne2.org.br\/site\/wp-json\/wp\/v2\/categories?post=11757"},{"taxonomy":"post_tag","embeddable":true,"href":"https:\/\/www.caritasne2.org.br\/site\/wp-json\/wp\/v2\/tags?post=11757"}],"curies":[{"name":"wp","href":"https:\/\/api.w.org\/{rel}","templated":true}]}}