{"id":11740,"date":"2023-12-11T15:00:16","date_gmt":"2023-12-11T18:00:16","guid":{"rendered":"https:\/\/www.caritasne2.org.br\/site\/?p=11740"},"modified":"2023-12-11T13:48:08","modified_gmt":"2023-12-11T16:48:08","slug":"caritas-brasileira-ne2-divulga-selecionados-as-para-edital-de-tecnico-a-de-campo","status":"publish","type":"post","link":"https:\/\/www.caritasne2.org.br\/site\/caritas-brasileira-ne2-divulga-selecionados-as-para-edital-de-tecnico-a-de-campo\/","title":{"rendered":"C\u00e1ritas Brasileira NE2 divulga selecionados (as) para edital de T\u00e9cnico (a) de Campo"},"content":{"rendered":"<div class=\"x1iyjqo2 xs83m0k xdl72j9 x3igimt xedcshv x1t2pt76 x1swvt13 x1pi30zi xexx8yu x18d9i69\">\n<div class=\"xh8yej3 _3qn7 _61-0 _2fyh _1a9e\">\n<div class=\"xz9dl7a xn6708d xsag5q8 x1ye3gou x78zum5 xl56j7k x10cdfl8\">\n<div class=\"xh8yej3 x78zum5 xdt5ytf x6s0dn4\">\n<div class=\"x1yztbdb\">\n<div class=\"uiScrollableArea fade uiScrollableAreaWithShadow contentBefore\">\n<div id=\"js_3ia\" class=\"uiScrollableAreaWrap scrollable\">\n<div class=\"uiScrollableAreaBody\">\n<div class=\"uiScrollableAreaContent\">\n<div>\n<div class=\"_2lpu publicIGAdPreviewContainer\">\n<div class=\"_2lpv\">\n<div>\n<div class=\"_2qhi\">\n<div class=\"xh41dmg x1lliihq x1ncwhqj x152skdk x16suv20 x53pm66 xbac8wx xwib8y2\">\n<div id=\"caption\"><span class=\"_8rs5 _9hvh\" data-ad-preview=\"ig-message\">A C\u00e1ritas Brasileira Regional Nordeste 2, organismo daConfer\u00eancia Nacional dos Bispos do Brasil (CNBB), com atua\u00e7\u00e3o nos Estados de Alagoas, Para\u00edba, Pernambuco e Rio Grande do Norte, torna p\u00fablico resultado final para o processo seletivo simplificado \u2013 Edital N\u00ba 007\/2023 para contrata\u00e7\u00e3o imediata de 2 (duas) vagas de t\u00e9cnico (a) de campo.<\/p>\n<p>&#8211; Yalli Vanessa Borges Souza<br \/>\n&#8211; Jos\u00e9 Adelson Teixeira dos Santos<\/p>\n<p>Recife, 11 de dezembro de 2023<br \/>\nComiss\u00e3o de Sele\u00e7\u00e3o<br \/>\nC\u00e1ritas Brasileira NE2<\/span><\/div>\n<\/div>\n<\/div>\n<\/div>\n<\/div>\n<\/div>\n<\/div>\n<\/div>\n<\/div>\n<\/div>\n<\/div>\n<\/div>\n<\/div>\n<\/div>\n<\/div>\n<\/div>\n<ul class=\"ssb_list_wrapper\"><li class=\"fb2\" style=\"width:135px\"><iframe src=\"\/\/www.facebook.com\/plugins\/like.php?href=https%3A%2F%2Fwww.caritasne2.org.br%2Fsite%2Fcaritas-brasileira-ne2-divulga-selecionados-as-para-edital-de-tecnico-a-de-campo%2F&amp;layout=button_count&amp;action=like&amp;show_faces=false&amp;share=true&amp;width=135&amp;height=21&amp;appId=307091639398582\" scrolling=\"no\" frameborder=\"0\" style=\"border:none; overflow:hidden;  width:150px; height:21px;\" allowTransparency=\"true\"><\/iframe><\/li><li class=\"twtr\" style=\"width:90px\"><a href=\"https:\/\/twitter.com\/share\" class=\"twitter-share-button\" data-url=\"https:\/\/www.caritasne2.org.br\/site\/caritas-brasileira-ne2-divulga-selecionados-as-para-edital-de-tecnico-a-de-campo\/\">&nbsp;<\/a><script>!function(d,s,id){var js,fjs=d.getElementsByTagName(s)[0],p=\/^http:\/.test(d.location)?'http':'https';if(!d.getElementById(id)){js=d.createElement(s);js.id=id;js.src=p+':\/\/platform.twitter.com\/widgets.js';fjs.parentNode.insertBefore(js,fjs);}}(document, 'script', 'twitter-wjs');<\/script><\/li><li class=\"gplus\" style=\"width:68px\"><div class=\"g-plusone\" data-size=\"medium\" data-href=\"https:\/\/www.caritasne2.org.br\/site\/caritas-brasileira-ne2-divulga-selecionados-as-para-edital-de-tecnico-a-de-campo\/\"><\/div><\/li><li class=\"ssb_linkedin\" style=\"width:64px\"><script src=\"\/\/platform.linkedin.com\/in.js\" type=\"text\/javascript\">lang: en_US<\/script><script type=\"IN\/Share\" data-url=\"https:\/\/www.caritasne2.org.br\/site\/caritas-brasileira-ne2-divulga-selecionados-as-para-edital-de-tecnico-a-de-campo\/\" data-counter=\"right\"><\/script><\/li><\/ul>","protected":false},"excerpt":{"rendered":"<p>A C\u00e1ritas Brasileira Regional Nordeste 2, organismo daConfer\u00eancia Nacional dos Bispos do Brasil (CNBB), com atua\u00e7\u00e3o nos Estados de Alagoas, Para\u00edba, Pernambuco e Rio Grande do Norte, torna p\u00fablico resultado final para o processo seletivo simplificado \u2013 Edital N\u00ba 007\/2023 para contrata\u00e7\u00e3o imediata de 2 (duas) vagas de t\u00e9cnico (a) de campo. &#8211; Yalli Vanessa Borges Souza &#8211; Jos\u00e9 Adelson Teixeira dos Santos Recife, 11 [&hellip;]<\/p>\n<ul class=\"ssb_list_wrapper\"><li class=\"fb2\" style=\"width:135px\"><iframe src=\"\/\/www.facebook.com\/plugins\/like.php?href=https%3A%2F%2Fwww.caritasne2.org.br%2Fsite%2Fcaritas-brasileira-ne2-divulga-selecionados-as-para-edital-de-tecnico-a-de-campo%2F&amp;layout=button_count&amp;action=like&amp;show_faces=false&amp;share=true&amp;width=135&amp;height=21&amp;appId=307091639398582\" scrolling=\"no\" frameborder=\"0\" style=\"border:none; overflow:hidden;  width:150px; height:21px;\" allowTransparency=\"true\"><\/iframe><\/li><li class=\"twtr\" style=\"width:90px\"><a href=\"https:\/\/twitter.com\/share\" class=\"twitter-share-button\" data-url=\"https:\/\/www.caritasne2.org.br\/site\/caritas-brasileira-ne2-divulga-selecionados-as-para-edital-de-tecnico-a-de-campo\/\">&nbsp;<\/a><script>!function(d,s,id){var js,fjs=d.getElementsByTagName(s)[0],p=\/^http:\/.test(d.location)?'http':'https';if(!d.getElementById(id)){js=d.createElement(s);js.id=id;js.src=p+':\/\/platform.twitter.com\/widgets.js';fjs.parentNode.insertBefore(js,fjs);}}(document, 'script', 'twitter-wjs');<\/script><\/li><li class=\"gplus\" style=\"width:68px\"><div class=\"g-plusone\" data-size=\"medium\" data-href=\"https:\/\/www.caritasne2.org.br\/site\/caritas-brasileira-ne2-divulga-selecionados-as-para-edital-de-tecnico-a-de-campo\/\"><\/div><\/li><li class=\"ssb_linkedin\" style=\"width:64px\"><script src=\"\/\/platform.linkedin.com\/in.js\" type=\"text\/javascript\">lang: en_US<\/script><script type=\"IN\/Share\" data-url=\"https:\/\/www.caritasne2.org.br\/site\/caritas-brasileira-ne2-divulga-selecionados-as-para-edital-de-tecnico-a-de-campo\/\" data-counter=\"right\"><\/script><\/li><\/ul>","protected":false},"author":4,"featured_media":11742,"comment_status":"open","ping_status":"open","sticky":false,"template":"","format":"standard","meta":[],"categories":[20],"tags":[],"_links":{"self":[{"href":"https:\/\/www.caritasne2.org.br\/site\/wp-json\/wp\/v2\/posts\/11740"}],"collection":[{"href":"https:\/\/www.caritasne2.org.br\/site\/wp-json\/wp\/v2\/posts"}],"about":[{"href":"https:\/\/www.caritasne2.org.br\/site\/wp-json\/wp\/v2\/types\/post"}],"author":[{"embeddable":true,"href":"https:\/\/www.caritasne2.org.br\/site\/wp-json\/wp\/v2\/users\/4"}],"replies":[{"embeddable":true,"href":"https:\/\/www.caritasne2.org.br\/site\/wp-json\/wp\/v2\/comments?post=11740"}],"version-history":[{"count":1,"href":"https:\/\/www.caritasne2.org.br\/site\/wp-json\/wp\/v2\/posts\/11740\/revisions"}],"predecessor-version":[{"id":11743,"href":"https:\/\/www.caritasne2.org.br\/site\/wp-json\/wp\/v2\/posts\/11740\/revisions\/11743"}],"wp:featuredmedia":[{"embeddable":true,"href":"https:\/\/www.caritasne2.org.br\/site\/wp-json\/wp\/v2\/media\/11742"}],"wp:attachment":[{"href":"https:\/\/www.caritasne2.org.br\/site\/wp-json\/wp\/v2\/media?parent=11740"}],"wp:term":[{"taxonomy":"category","embeddable":true,"href":"https:\/\/www.caritasne2.org.br\/site\/wp-json\/wp\/v2\/categories?post=11740"},{"taxonomy":"post_tag","embeddable":true,"href":"https:\/\/www.caritasne2.org.br\/site\/wp-json\/wp\/v2\/tags?post=11740"}],"curies":[{"name":"wp","href":"https:\/\/api.w.org\/{rel}","templated":true}]}}