{"id":11731,"date":"2023-12-04T17:10:46","date_gmt":"2023-12-04T20:10:46","guid":{"rendered":"https:\/\/www.caritasne2.org.br\/site\/?p=11731"},"modified":"2023-12-04T17:10:46","modified_gmt":"2023-12-04T20:10:46","slug":"caritas-ne2-divulga-selecionados-as-para-etapa-de-entrevistas-do-edital-no-007-2023","status":"publish","type":"post","link":"https:\/\/www.caritasne2.org.br\/site\/caritas-ne2-divulga-selecionados-as-para-etapa-de-entrevistas-do-edital-no-007-2023\/","title":{"rendered":"C\u00e1ritas NE2  divulga selecionados (as) para etapa de entrevistas do edital N\u00ba 007\/2023"},"content":{"rendered":"<p>A C\u00e1ritas Brasileira Regional NE2, organismo da Confer\u00eancia Nacional dos Bispos do Brasil (CNBB), no uso de suas atribui\u00e7\u00f5es legais, torna p\u00fablico os (as) selecionados (as) para entrevistas no processo seletivo simplificado \u2013Edital N\u00ba 007\/2023 CBNE2 para contrata\u00e7\u00e3o imediata de 02 (duas) vagas de t\u00e9cnico (a) de campo.<\/p>\n<p>Confira os (as) selecionados (as):<\/p>\n<p>&#x1f53a; Alvacir Pereira de Melo J\u00fanior<br \/>\n&#x1f53a; Jos\u00e9 Adelson Teixeira dos Santos<br \/>\n&#x1f53a;Francisco Filipe da Silva<br \/>\n&#x1f53a;Yalli Vanessa Borges Souza<br \/>\n&#x1f53a;Vanessa Alves da Silva<br \/>\n&#x1f53a;Diego Gomes de Sousa<\/p>\n<p>Os (as) selecionados (as) devem comparecer na sede da C\u00e1ritas Brasileira NE2 localizada na rua Monte Castelo,176, Boa Vista, no dia 07 de dezembro de 2023,nos hor\u00e1rios previamente agendados e informados pela institui\u00e7\u00e3o.<\/p>\n<p>Comiss\u00e3o de Sele\u00e7\u00e3o<\/p>\n<ul class=\"ssb_list_wrapper\"><li class=\"fb2\" style=\"width:135px\"><iframe src=\"\/\/www.facebook.com\/plugins\/like.php?href=https%3A%2F%2Fwww.caritasne2.org.br%2Fsite%2Fcaritas-ne2-divulga-selecionados-as-para-etapa-de-entrevistas-do-edital-no-007-2023%2F&amp;layout=button_count&amp;action=like&amp;show_faces=false&amp;share=true&amp;width=135&amp;height=21&amp;appId=307091639398582\" scrolling=\"no\" frameborder=\"0\" style=\"border:none; overflow:hidden;  width:150px; height:21px;\" allowTransparency=\"true\"><\/iframe><\/li><li class=\"twtr\" style=\"width:90px\"><a href=\"https:\/\/twitter.com\/share\" class=\"twitter-share-button\" data-url=\"https:\/\/www.caritasne2.org.br\/site\/caritas-ne2-divulga-selecionados-as-para-etapa-de-entrevistas-do-edital-no-007-2023\/\">&nbsp;<\/a><script>!function(d,s,id){var js,fjs=d.getElementsByTagName(s)[0],p=\/^http:\/.test(d.location)?'http':'https';if(!d.getElementById(id)){js=d.createElement(s);js.id=id;js.src=p+':\/\/platform.twitter.com\/widgets.js';fjs.parentNode.insertBefore(js,fjs);}}(document, 'script', 'twitter-wjs');<\/script><\/li><li class=\"gplus\" style=\"width:68px\"><div class=\"g-plusone\" data-size=\"medium\" data-href=\"https:\/\/www.caritasne2.org.br\/site\/caritas-ne2-divulga-selecionados-as-para-etapa-de-entrevistas-do-edital-no-007-2023\/\"><\/div><\/li><li class=\"ssb_linkedin\" style=\"width:64px\"><script src=\"\/\/platform.linkedin.com\/in.js\" type=\"text\/javascript\">lang: en_US<\/script><script type=\"IN\/Share\" data-url=\"https:\/\/www.caritasne2.org.br\/site\/caritas-ne2-divulga-selecionados-as-para-etapa-de-entrevistas-do-edital-no-007-2023\/\" data-counter=\"right\"><\/script><\/li><\/ul>","protected":false},"excerpt":{"rendered":"<p>A C\u00e1ritas Brasileira Regional NE2, organismo da Confer\u00eancia Nacional dos Bispos do Brasil (CNBB), no uso de suas atribui\u00e7\u00f5es legais, torna p\u00fablico os (as) selecionados (as) para entrevistas no processo seletivo simplificado \u2013Edital N\u00ba 007\/2023 CBNE2 para contrata\u00e7\u00e3o imediata de 02 (duas) vagas de t\u00e9cnico (a) de campo. Confira os (as) selecionados (as): &#x1f53a; Alvacir Pereira de Melo J\u00fanior &#x1f53a; Jos\u00e9 Adelson Teixeira dos Santos [&hellip;]<\/p>\n<ul class=\"ssb_list_wrapper\"><li class=\"fb2\" style=\"width:135px\"><iframe src=\"\/\/www.facebook.com\/plugins\/like.php?href=https%3A%2F%2Fwww.caritasne2.org.br%2Fsite%2Fcaritas-ne2-divulga-selecionados-as-para-etapa-de-entrevistas-do-edital-no-007-2023%2F&amp;layout=button_count&amp;action=like&amp;show_faces=false&amp;share=true&amp;width=135&amp;height=21&amp;appId=307091639398582\" scrolling=\"no\" frameborder=\"0\" style=\"border:none; overflow:hidden;  width:150px; height:21px;\" allowTransparency=\"true\"><\/iframe><\/li><li class=\"twtr\" style=\"width:90px\"><a href=\"https:\/\/twitter.com\/share\" class=\"twitter-share-button\" data-url=\"https:\/\/www.caritasne2.org.br\/site\/caritas-ne2-divulga-selecionados-as-para-etapa-de-entrevistas-do-edital-no-007-2023\/\">&nbsp;<\/a><script>!function(d,s,id){var js,fjs=d.getElementsByTagName(s)[0],p=\/^http:\/.test(d.location)?'http':'https';if(!d.getElementById(id)){js=d.createElement(s);js.id=id;js.src=p+':\/\/platform.twitter.com\/widgets.js';fjs.parentNode.insertBefore(js,fjs);}}(document, 'script', 'twitter-wjs');<\/script><\/li><li class=\"gplus\" style=\"width:68px\"><div class=\"g-plusone\" data-size=\"medium\" data-href=\"https:\/\/www.caritasne2.org.br\/site\/caritas-ne2-divulga-selecionados-as-para-etapa-de-entrevistas-do-edital-no-007-2023\/\"><\/div><\/li><li class=\"ssb_linkedin\" style=\"width:64px\"><script src=\"\/\/platform.linkedin.com\/in.js\" type=\"text\/javascript\">lang: en_US<\/script><script type=\"IN\/Share\" data-url=\"https:\/\/www.caritasne2.org.br\/site\/caritas-ne2-divulga-selecionados-as-para-etapa-de-entrevistas-do-edital-no-007-2023\/\" data-counter=\"right\"><\/script><\/li><\/ul>","protected":false},"author":4,"featured_media":11734,"comment_status":"open","ping_status":"open","sticky":false,"template":"","format":"standard","meta":[],"categories":[21,20],"tags":[],"_links":{"self":[{"href":"https:\/\/www.caritasne2.org.br\/site\/wp-json\/wp\/v2\/posts\/11731"}],"collection":[{"href":"https:\/\/www.caritasne2.org.br\/site\/wp-json\/wp\/v2\/posts"}],"about":[{"href":"https:\/\/www.caritasne2.org.br\/site\/wp-json\/wp\/v2\/types\/post"}],"author":[{"embeddable":true,"href":"https:\/\/www.caritasne2.org.br\/site\/wp-json\/wp\/v2\/users\/4"}],"replies":[{"embeddable":true,"href":"https:\/\/www.caritasne2.org.br\/site\/wp-json\/wp\/v2\/comments?post=11731"}],"version-history":[{"count":2,"href":"https:\/\/www.caritasne2.org.br\/site\/wp-json\/wp\/v2\/posts\/11731\/revisions"}],"predecessor-version":[{"id":11735,"href":"https:\/\/www.caritasne2.org.br\/site\/wp-json\/wp\/v2\/posts\/11731\/revisions\/11735"}],"wp:featuredmedia":[{"embeddable":true,"href":"https:\/\/www.caritasne2.org.br\/site\/wp-json\/wp\/v2\/media\/11734"}],"wp:attachment":[{"href":"https:\/\/www.caritasne2.org.br\/site\/wp-json\/wp\/v2\/media?parent=11731"}],"wp:term":[{"taxonomy":"category","embeddable":true,"href":"https:\/\/www.caritasne2.org.br\/site\/wp-json\/wp\/v2\/categories?post=11731"},{"taxonomy":"post_tag","embeddable":true,"href":"https:\/\/www.caritasne2.org.br\/site\/wp-json\/wp\/v2\/tags?post=11731"}],"curies":[{"name":"wp","href":"https:\/\/api.w.org\/{rel}","templated":true}]}}