{"id":11719,"date":"2023-12-01T15:43:14","date_gmt":"2023-12-01T18:43:14","guid":{"rendered":"https:\/\/www.caritasne2.org.br\/site\/?p=11719"},"modified":"2023-12-01T15:43:23","modified_gmt":"2023-12-01T18:43:23","slug":"ministerio-publico-do-rio-grande-do-norte-pede-cancelamento-de-instalacao-de-parque-eolico","status":"publish","type":"post","link":"https:\/\/www.caritasne2.org.br\/site\/ministerio-publico-do-rio-grande-do-norte-pede-cancelamento-de-instalacao-de-parque-eolico\/","title":{"rendered":"Minist\u00e9rio P\u00fablico do Rio Grande do Norte pede cancelamento de instala\u00e7\u00e3o de parque e\u00f3lico"},"content":{"rendered":"<p>Embora a energia e\u00f3lica \u2013 aquela gerada pela for\u00e7a dos ventos \u2013 seja reconhecidamente uma fonte de energia limpa e renov\u00e1vel, existem diversos problemas e efeitos pouco conhecidos pela sociedade. A emiss\u00e3o de ru\u00eddo pelas h\u00e9lices das torres, que gera dist\u00farbios do sono, enxaqueca e estresse; interfer\u00eancia nas rotas de aves; modifica\u00e7\u00e3o da paisagem natural e estresse cultural, entre outros, s\u00e3o alguns dos impactos causados pelas torres e\u00f3licas na vida das fam\u00edlias e comunidades rurais, tradicionais e quilombolas que residem nos estados de Alagoas, Para\u00edba, Pernambuco e Rio Grande do Norte.<\/p>\n<p>Recentemente, uma nota t\u00e9cnica foi elaborada pelo movimento Serid\u00f3 Vivo, apresentando den\u00fancias de poss\u00edveis danos socioambientais provenientes da instala\u00e7\u00e3o do complexo e\u00f3lico na Serra do Feiticeiro, no munic\u00edpio de Lajes, no Rio Grande do Norte. Essa nota foi base para o Minist\u00e9rio P\u00fablico do estado solicitar o cancelamento da licen\u00e7a de instala\u00e7\u00e3o que havia sido concebida pelo Instituto de Desenvolvimento Sustent\u00e1vel e Meio Ambiente (Idema) \u00e0 empresa Ventos de S\u00e3o Ricardo Energias Renov\u00e1veis S.A.<\/p>\n<p>Publicada no dia 26 de outubro, a recomenda\u00e7\u00e3o do Minist\u00e9rio P\u00fablico reconhecia a import\u00e2ncia ambiental e cultural da Serra do Feiticeiro e recomendou, imediatamente, o cancelamento da licen\u00e7a. Al\u00e9m disso, foi solicitado a cria\u00e7\u00e3o de uma Unidade de Conserva\u00e7\u00e3o de prote\u00e7\u00e3o integrada na \u00e1rea da serra e redondezas. Diante dessa solicita\u00e7\u00e3o ao Idema, cabe ele acatar ou n\u00e3o. Caso n\u00e3o seja acatada, o caso ser\u00e1 judicializado.<\/p>\n<p><img decoding=\"async\" loading=\"lazy\" class=\" wp-image-11721 aligncenter\" src=\"https:\/\/www.caritasne2.org.br\/site\/wp-content\/uploads\/2023\/12\/1-300x196.png\" alt=\"\" width=\"484\" height=\"316\" srcset=\"https:\/\/www.caritasne2.org.br\/site\/wp-content\/uploads\/2023\/12\/1-300x196.png 300w, https:\/\/www.caritasne2.org.br\/site\/wp-content\/uploads\/2023\/12\/1.png 680w\" sizes=\"(max-width: 484px) 100vw, 484px\" \/><\/p>\n<p><strong>Campanha Contra os Impactos dos Parques E\u00f3licos no Regional NE2<\/strong><\/p>\n<p>Sensibilizada em alertar, promover e conscientizar sobre os impactos socioecon\u00f4micos, ambientais e de sa\u00fade causados pelo atual modelo de implementa\u00e7\u00e3o dos megaprojetos de energia e\u00f3lica nos estados de atua\u00e7\u00e3o da C\u00e1ritas do Regional Nordeste 2, organismo da Confer\u00eancia Nacional dos Bispos do Brasil (CNBB) promoveu no ano de 2022 a Campanha Contra os Impactos dos Parques E\u00f3licos no Regional NE2, em parceria da C\u00e1ritas com a institui\u00e7\u00e3o cat\u00f3lica alem\u00e3 Misereor.<\/p>\n<p>A Campanha teve dentre seus objetivos alertar a sociedade sobre as principais problem\u00e1ticas de um modelo de desenvolvimento social e econ\u00f4mico vendido como \u201climpo\u201d e \u201csustent\u00e1vel\u201d mas, que na pr\u00e1tica vem acarretando uma diversidade de problemas que afetam contidamente o Bem Viver de fam\u00edlias do territ\u00f3rio nordestino.<\/p>\n<p>Confira a webs\u00e9rie <strong>\u201cPra quem sopram os ventos?\u201d<\/strong> <a href=\"https:\/\/l.instagram.com\/?u=https%3A%2F%2Fyoutube.com%2Fplaylist%3Flist%3DPLAG7r-t2ODd2lsRfcVggMumEqtqVtp6ga%26si%3D0FBGayzi6Bau8s_K&amp;e=AT0PunwBCOEPja9z8nO5C8OVqvlhVCKpU6WjGk8JVmCG_0egjlsHfUZocI27yxSpX-_29seUA5sm609I_KLgZ_kkmufYcA7yIZB_8sk0CNmjL3iTzmZhBpe89Gr2RDg7iPhI1lo\">clicando aqui\u00a0<\/a><\/p>\n<ul class=\"ssb_list_wrapper\"><li class=\"fb2\" style=\"width:135px\"><iframe src=\"\/\/www.facebook.com\/plugins\/like.php?href=https%3A%2F%2Fwww.caritasne2.org.br%2Fsite%2Fministerio-publico-do-rio-grande-do-norte-pede-cancelamento-de-instalacao-de-parque-eolico%2F&amp;layout=button_count&amp;action=like&amp;show_faces=false&amp;share=true&amp;width=135&amp;height=21&amp;appId=307091639398582\" scrolling=\"no\" frameborder=\"0\" style=\"border:none; overflow:hidden;  width:150px; height:21px;\" allowTransparency=\"true\"><\/iframe><\/li><li class=\"twtr\" style=\"width:90px\"><a href=\"https:\/\/twitter.com\/share\" class=\"twitter-share-button\" data-url=\"https:\/\/www.caritasne2.org.br\/site\/ministerio-publico-do-rio-grande-do-norte-pede-cancelamento-de-instalacao-de-parque-eolico\/\">&nbsp;<\/a><script>!function(d,s,id){var js,fjs=d.getElementsByTagName(s)[0],p=\/^http:\/.test(d.location)?'http':'https';if(!d.getElementById(id)){js=d.createElement(s);js.id=id;js.src=p+':\/\/platform.twitter.com\/widgets.js';fjs.parentNode.insertBefore(js,fjs);}}(document, 'script', 'twitter-wjs');<\/script><\/li><li class=\"gplus\" style=\"width:68px\"><div class=\"g-plusone\" data-size=\"medium\" data-href=\"https:\/\/www.caritasne2.org.br\/site\/ministerio-publico-do-rio-grande-do-norte-pede-cancelamento-de-instalacao-de-parque-eolico\/\"><\/div><\/li><li class=\"ssb_linkedin\" style=\"width:64px\"><script src=\"\/\/platform.linkedin.com\/in.js\" type=\"text\/javascript\">lang: en_US<\/script><script type=\"IN\/Share\" data-url=\"https:\/\/www.caritasne2.org.br\/site\/ministerio-publico-do-rio-grande-do-norte-pede-cancelamento-de-instalacao-de-parque-eolico\/\" data-counter=\"right\"><\/script><\/li><\/ul>","protected":false},"excerpt":{"rendered":"<p>Embora a energia e\u00f3lica \u2013 aquela gerada pela for\u00e7a dos ventos \u2013 seja reconhecidamente uma fonte de energia limpa e renov\u00e1vel, existem diversos problemas e efeitos pouco conhecidos pela sociedade. A emiss\u00e3o de ru\u00eddo pelas h\u00e9lices das torres, que gera dist\u00farbios do sono, enxaqueca e estresse; interfer\u00eancia nas rotas de aves; modifica\u00e7\u00e3o da paisagem natural e estresse cultural, entre outros, s\u00e3o alguns dos impactos causados [&hellip;]<\/p>\n<ul class=\"ssb_list_wrapper\"><li class=\"fb2\" style=\"width:135px\"><iframe src=\"\/\/www.facebook.com\/plugins\/like.php?href=https%3A%2F%2Fwww.caritasne2.org.br%2Fsite%2Fministerio-publico-do-rio-grande-do-norte-pede-cancelamento-de-instalacao-de-parque-eolico%2F&amp;layout=button_count&amp;action=like&amp;show_faces=false&amp;share=true&amp;width=135&amp;height=21&amp;appId=307091639398582\" scrolling=\"no\" frameborder=\"0\" style=\"border:none; overflow:hidden;  width:150px; height:21px;\" allowTransparency=\"true\"><\/iframe><\/li><li class=\"twtr\" style=\"width:90px\"><a href=\"https:\/\/twitter.com\/share\" class=\"twitter-share-button\" data-url=\"https:\/\/www.caritasne2.org.br\/site\/ministerio-publico-do-rio-grande-do-norte-pede-cancelamento-de-instalacao-de-parque-eolico\/\">&nbsp;<\/a><script>!function(d,s,id){var js,fjs=d.getElementsByTagName(s)[0],p=\/^http:\/.test(d.location)?'http':'https';if(!d.getElementById(id)){js=d.createElement(s);js.id=id;js.src=p+':\/\/platform.twitter.com\/widgets.js';fjs.parentNode.insertBefore(js,fjs);}}(document, 'script', 'twitter-wjs');<\/script><\/li><li class=\"gplus\" style=\"width:68px\"><div class=\"g-plusone\" data-size=\"medium\" data-href=\"https:\/\/www.caritasne2.org.br\/site\/ministerio-publico-do-rio-grande-do-norte-pede-cancelamento-de-instalacao-de-parque-eolico\/\"><\/div><\/li><li class=\"ssb_linkedin\" style=\"width:64px\"><script src=\"\/\/platform.linkedin.com\/in.js\" type=\"text\/javascript\">lang: en_US<\/script><script type=\"IN\/Share\" data-url=\"https:\/\/www.caritasne2.org.br\/site\/ministerio-publico-do-rio-grande-do-norte-pede-cancelamento-de-instalacao-de-parque-eolico\/\" data-counter=\"right\"><\/script><\/li><\/ul>","protected":false},"author":4,"featured_media":11720,"comment_status":"open","ping_status":"open","sticky":false,"template":"","format":"standard","meta":[],"categories":[21,20],"tags":[],"_links":{"self":[{"href":"https:\/\/www.caritasne2.org.br\/site\/wp-json\/wp\/v2\/posts\/11719"}],"collection":[{"href":"https:\/\/www.caritasne2.org.br\/site\/wp-json\/wp\/v2\/posts"}],"about":[{"href":"https:\/\/www.caritasne2.org.br\/site\/wp-json\/wp\/v2\/types\/post"}],"author":[{"embeddable":true,"href":"https:\/\/www.caritasne2.org.br\/site\/wp-json\/wp\/v2\/users\/4"}],"replies":[{"embeddable":true,"href":"https:\/\/www.caritasne2.org.br\/site\/wp-json\/wp\/v2\/comments?post=11719"}],"version-history":[{"count":2,"href":"https:\/\/www.caritasne2.org.br\/site\/wp-json\/wp\/v2\/posts\/11719\/revisions"}],"predecessor-version":[{"id":11723,"href":"https:\/\/www.caritasne2.org.br\/site\/wp-json\/wp\/v2\/posts\/11719\/revisions\/11723"}],"wp:featuredmedia":[{"embeddable":true,"href":"https:\/\/www.caritasne2.org.br\/site\/wp-json\/wp\/v2\/media\/11720"}],"wp:attachment":[{"href":"https:\/\/www.caritasne2.org.br\/site\/wp-json\/wp\/v2\/media?parent=11719"}],"wp:term":[{"taxonomy":"category","embeddable":true,"href":"https:\/\/www.caritasne2.org.br\/site\/wp-json\/wp\/v2\/categories?post=11719"},{"taxonomy":"post_tag","embeddable":true,"href":"https:\/\/www.caritasne2.org.br\/site\/wp-json\/wp\/v2\/tags?post=11719"}],"curies":[{"name":"wp","href":"https:\/\/api.w.org\/{rel}","templated":true}]}}