{"id":11697,"date":"2023-11-30T15:48:40","date_gmt":"2023-11-30T18:48:40","guid":{"rendered":"https:\/\/www.caritasne2.org.br\/site\/?p=11697"},"modified":"2023-11-30T15:48:40","modified_gmt":"2023-11-30T18:48:40","slug":"casa-de-direitos-recebe-a-oficina-iluminando-historias","status":"publish","type":"post","link":"https:\/\/www.caritasne2.org.br\/site\/casa-de-direitos-recebe-a-oficina-iluminando-historias\/","title":{"rendered":"Casa de Direitos recebe a oficina Iluminando Hist\u00f3rias"},"content":{"rendered":"<p style=\"text-align: justify;\">Com o objetivo de integrar migrantes de diferentes nacionalidades (Venezuela e Peru) e os brasileiros e os brasileiros e, tamb\u00e9m, conscientizar sobre a import\u00e2ncia da preserva\u00e7\u00e3o do meio ambiente sobre o uso do pet como algo criativo, que nos dias 30 e 31 de outubro e 07 de novembro, aconteceu a oficina Iluminando Hist\u00f3rias, na Casa de Direitos de Pernambuco.<\/p>\n<p style=\"text-align: justify;\">A iniciativa foi uma parceria entre o Programa de Migra\u00e7\u00e3o e Ref\u00fagio da C\u00e1ritas Brasileira Nordeste 2 (CBNE2) com a produtora cultural e artes\u00e3, Andrea Albuquerque, onde resultou numa grande imers\u00e3o intercultural entre as viv\u00eancias trazidas nos dias das oficinas.<\/p>\n<p style=\"text-align: justify;\">Em meio a garrafas pets, tesouras, canetas coloridas e grandes hist\u00f3rias, os presentes puderam ir moldando cada material para constru\u00e7\u00e3o de uma linda lumin\u00e1ria contendo frases e palavras que trouxessem uma experi\u00eancia vivida em grupo e\/ou na vida pessoal.<\/p>\n<p><img decoding=\"async\" loading=\"lazy\" class=\" wp-image-11699 aligncenter\" src=\"https:\/\/www.caritasne2.org.br\/site\/wp-content\/uploads\/2023\/11\/WhatsApp-Image-2023-10-31-at-17.11.05-1-300x225.jpeg\" alt=\"\" width=\"464\" height=\"348\" srcset=\"https:\/\/www.caritasne2.org.br\/site\/wp-content\/uploads\/2023\/11\/WhatsApp-Image-2023-10-31-at-17.11.05-1-300x225.jpeg 300w, https:\/\/www.caritasne2.org.br\/site\/wp-content\/uploads\/2023\/11\/WhatsApp-Image-2023-10-31-at-17.11.05-1-1024x768.jpeg 1024w, https:\/\/www.caritasne2.org.br\/site\/wp-content\/uploads\/2023\/11\/WhatsApp-Image-2023-10-31-at-17.11.05-1-768x576.jpeg 768w, https:\/\/www.caritasne2.org.br\/site\/wp-content\/uploads\/2023\/11\/WhatsApp-Image-2023-10-31-at-17.11.05-1.jpeg 1280w\" sizes=\"(max-width: 464px) 100vw, 464px\" \/><\/p>\n<p><img decoding=\"async\" loading=\"lazy\" class=\" wp-image-11700 aligncenter\" src=\"https:\/\/www.caritasne2.org.br\/site\/wp-content\/uploads\/2023\/11\/WhatsApp-Image-2023-10-31-at-17.11.15-300x225.jpeg\" alt=\"\" width=\"453\" height=\"340\" srcset=\"https:\/\/www.caritasne2.org.br\/site\/wp-content\/uploads\/2023\/11\/WhatsApp-Image-2023-10-31-at-17.11.15-300x225.jpeg 300w, https:\/\/www.caritasne2.org.br\/site\/wp-content\/uploads\/2023\/11\/WhatsApp-Image-2023-10-31-at-17.11.15-1024x768.jpeg 1024w, https:\/\/www.caritasne2.org.br\/site\/wp-content\/uploads\/2023\/11\/WhatsApp-Image-2023-10-31-at-17.11.15-768x576.jpeg 768w, https:\/\/www.caritasne2.org.br\/site\/wp-content\/uploads\/2023\/11\/WhatsApp-Image-2023-10-31-at-17.11.15.jpeg 1280w\" sizes=\"(max-width: 453px) 100vw, 453px\" \/><\/p>\n<p><img decoding=\"async\" loading=\"lazy\" class=\" wp-image-11701 aligncenter\" src=\"https:\/\/www.caritasne2.org.br\/site\/wp-content\/uploads\/2023\/11\/WhatsApp-Image-2023-10-31-at-17.11.17-1-225x300.jpeg\" alt=\"\" width=\"307\" height=\"409\" srcset=\"https:\/\/www.caritasne2.org.br\/site\/wp-content\/uploads\/2023\/11\/WhatsApp-Image-2023-10-31-at-17.11.17-1-225x300.jpeg 225w, https:\/\/www.caritasne2.org.br\/site\/wp-content\/uploads\/2023\/11\/WhatsApp-Image-2023-10-31-at-17.11.17-1-768x1024.jpeg 768w, https:\/\/www.caritasne2.org.br\/site\/wp-content\/uploads\/2023\/11\/WhatsApp-Image-2023-10-31-at-17.11.17-1.jpeg 960w\" sizes=\"(max-width: 307px) 100vw, 307px\" \/><\/p>\n<p style=\"text-align: justify;\">\u201cO Iluminando Hist\u00f3rias lan\u00e7ou v\u00e1rias sementes antes mesmo de ser vivenciado. Ele foi aplicado para que processos criativos sejam vivenciados, e que eles e elas se permitam a essa imers\u00e3o com a troca de culturas\u201d, pontuou a facilitadora Andrea.<\/p>\n<p style=\"text-align: justify;\">Da viv\u00eancia t\u00edmida do primeiro dia, o Iluminando cresceu e foi criando v\u00ednculos entre os participantes. Atrav\u00e9s das m\u00e3os e da mente sens\u00edvel de Andr\u00e9a, uma conex\u00e3o entre os participantes e a equipe de migra\u00e7\u00e3o e ref\u00fagio surgiu. Essa conex\u00e3o era necess\u00e1ria para escrever, cortar, tramar, tecer fios de pet, entrela\u00e7ar hist\u00f3rias e viv\u00eancias.<\/p>\n<p><img decoding=\"async\" loading=\"lazy\" class=\" wp-image-11702 aligncenter\" src=\"https:\/\/www.caritasne2.org.br\/site\/wp-content\/uploads\/2023\/11\/WhatsApp-Image-2023-10-31-at-17.11.19-2-300x225.jpeg\" alt=\"\" width=\"471\" height=\"353\" srcset=\"https:\/\/www.caritasne2.org.br\/site\/wp-content\/uploads\/2023\/11\/WhatsApp-Image-2023-10-31-at-17.11.19-2-300x225.jpeg 300w, https:\/\/www.caritasne2.org.br\/site\/wp-content\/uploads\/2023\/11\/WhatsApp-Image-2023-10-31-at-17.11.19-2-1024x768.jpeg 1024w, https:\/\/www.caritasne2.org.br\/site\/wp-content\/uploads\/2023\/11\/WhatsApp-Image-2023-10-31-at-17.11.19-2-768x576.jpeg 768w, https:\/\/www.caritasne2.org.br\/site\/wp-content\/uploads\/2023\/11\/WhatsApp-Image-2023-10-31-at-17.11.19-2.jpeg 1280w\" sizes=\"(max-width: 471px) 100vw, 471px\" \/><\/p>\n<p><img decoding=\"async\" loading=\"lazy\" class=\" wp-image-11704 aligncenter\" src=\"https:\/\/www.caritasne2.org.br\/site\/wp-content\/uploads\/2023\/11\/WhatsApp-Image-2023-11-07-at-16.21.39-1-225x300.jpeg\" alt=\"\" width=\"333\" height=\"444\" srcset=\"https:\/\/www.caritasne2.org.br\/site\/wp-content\/uploads\/2023\/11\/WhatsApp-Image-2023-11-07-at-16.21.39-1-225x300.jpeg 225w, https:\/\/www.caritasne2.org.br\/site\/wp-content\/uploads\/2023\/11\/WhatsApp-Image-2023-11-07-at-16.21.39-1-768x1024.jpeg 768w, https:\/\/www.caritasne2.org.br\/site\/wp-content\/uploads\/2023\/11\/WhatsApp-Image-2023-11-07-at-16.21.39-1.jpeg 960w\" sizes=\"(max-width: 333px) 100vw, 333px\" \/><\/p>\n<p><img decoding=\"async\" loading=\"lazy\" class=\" wp-image-11705 aligncenter\" src=\"https:\/\/www.caritasne2.org.br\/site\/wp-content\/uploads\/2023\/11\/WhatsApp-Image-2023-11-07-at-16.21.41-2-300x225.jpeg\" alt=\"\" width=\"450\" height=\"337\" srcset=\"https:\/\/www.caritasne2.org.br\/site\/wp-content\/uploads\/2023\/11\/WhatsApp-Image-2023-11-07-at-16.21.41-2-300x225.jpeg 300w, https:\/\/www.caritasne2.org.br\/site\/wp-content\/uploads\/2023\/11\/WhatsApp-Image-2023-11-07-at-16.21.41-2-1024x768.jpeg 1024w, https:\/\/www.caritasne2.org.br\/site\/wp-content\/uploads\/2023\/11\/WhatsApp-Image-2023-11-07-at-16.21.41-2-768x576.jpeg 768w, https:\/\/www.caritasne2.org.br\/site\/wp-content\/uploads\/2023\/11\/WhatsApp-Image-2023-11-07-at-16.21.41-2.jpeg 1280w\" sizes=\"(max-width: 450px) 100vw, 450px\" \/><\/p>\n<p><img decoding=\"async\" loading=\"lazy\" class=\" wp-image-11706 aligncenter\" src=\"https:\/\/www.caritasne2.org.br\/site\/wp-content\/uploads\/2023\/11\/WhatsApp-Image-2023-11-07-at-16.21.37-1-300x225.jpeg\" alt=\"\" width=\"454\" height=\"341\" srcset=\"https:\/\/www.caritasne2.org.br\/site\/wp-content\/uploads\/2023\/11\/WhatsApp-Image-2023-11-07-at-16.21.37-1-300x225.jpeg 300w, https:\/\/www.caritasne2.org.br\/site\/wp-content\/uploads\/2023\/11\/WhatsApp-Image-2023-11-07-at-16.21.37-1-1024x768.jpeg 1024w, https:\/\/www.caritasne2.org.br\/site\/wp-content\/uploads\/2023\/11\/WhatsApp-Image-2023-11-07-at-16.21.37-1-768x576.jpeg 768w, https:\/\/www.caritasne2.org.br\/site\/wp-content\/uploads\/2023\/11\/WhatsApp-Image-2023-11-07-at-16.21.37-1.jpeg 1280w\" sizes=\"(max-width: 454px) 100vw, 454px\" \/><\/p>\n<p><img decoding=\"async\" loading=\"lazy\" class=\" wp-image-11707 aligncenter\" src=\"https:\/\/www.caritasne2.org.br\/site\/wp-content\/uploads\/2023\/11\/WhatsApp-Image-2023-11-07-at-16.21.39-3-300x225.jpeg\" alt=\"\" width=\"444\" height=\"333\" srcset=\"https:\/\/www.caritasne2.org.br\/site\/wp-content\/uploads\/2023\/11\/WhatsApp-Image-2023-11-07-at-16.21.39-3-300x225.jpeg 300w, https:\/\/www.caritasne2.org.br\/site\/wp-content\/uploads\/2023\/11\/WhatsApp-Image-2023-11-07-at-16.21.39-3-1024x768.jpeg 1024w, https:\/\/www.caritasne2.org.br\/site\/wp-content\/uploads\/2023\/11\/WhatsApp-Image-2023-11-07-at-16.21.39-3-768x576.jpeg 768w, https:\/\/www.caritasne2.org.br\/site\/wp-content\/uploads\/2023\/11\/WhatsApp-Image-2023-11-07-at-16.21.39-3.jpeg 1280w\" sizes=\"(max-width: 444px) 100vw, 444px\" \/><\/p>\n<ul class=\"ssb_list_wrapper\"><li class=\"fb2\" style=\"width:135px\"><iframe src=\"\/\/www.facebook.com\/plugins\/like.php?href=https%3A%2F%2Fwww.caritasne2.org.br%2Fsite%2Fcasa-de-direitos-recebe-a-oficina-iluminando-historias%2F&amp;layout=button_count&amp;action=like&amp;show_faces=false&amp;share=true&amp;width=135&amp;height=21&amp;appId=307091639398582\" scrolling=\"no\" frameborder=\"0\" style=\"border:none; overflow:hidden;  width:150px; height:21px;\" allowTransparency=\"true\"><\/iframe><\/li><li class=\"twtr\" style=\"width:90px\"><a href=\"https:\/\/twitter.com\/share\" class=\"twitter-share-button\" data-url=\"https:\/\/www.caritasne2.org.br\/site\/casa-de-direitos-recebe-a-oficina-iluminando-historias\/\">&nbsp;<\/a><script>!function(d,s,id){var js,fjs=d.getElementsByTagName(s)[0],p=\/^http:\/.test(d.location)?'http':'https';if(!d.getElementById(id)){js=d.createElement(s);js.id=id;js.src=p+':\/\/platform.twitter.com\/widgets.js';fjs.parentNode.insertBefore(js,fjs);}}(document, 'script', 'twitter-wjs');<\/script><\/li><li class=\"gplus\" style=\"width:68px\"><div class=\"g-plusone\" data-size=\"medium\" data-href=\"https:\/\/www.caritasne2.org.br\/site\/casa-de-direitos-recebe-a-oficina-iluminando-historias\/\"><\/div><\/li><li class=\"ssb_linkedin\" style=\"width:64px\"><script src=\"\/\/platform.linkedin.com\/in.js\" type=\"text\/javascript\">lang: en_US<\/script><script type=\"IN\/Share\" data-url=\"https:\/\/www.caritasne2.org.br\/site\/casa-de-direitos-recebe-a-oficina-iluminando-historias\/\" data-counter=\"right\"><\/script><\/li><\/ul>","protected":false},"excerpt":{"rendered":"<p>Com o objetivo de integrar migrantes de diferentes nacionalidades (Venezuela e Peru) e os brasileiros e os brasileiros e, tamb\u00e9m, conscientizar sobre a import\u00e2ncia da preserva\u00e7\u00e3o do meio ambiente sobre o uso do pet como algo criativo, que nos dias 30 e 31 de outubro e 07 de novembro, aconteceu a oficina Iluminando Hist\u00f3rias, na Casa de Direitos de Pernambuco. A iniciativa foi uma parceria [&hellip;]<\/p>\n<ul class=\"ssb_list_wrapper\"><li class=\"fb2\" style=\"width:135px\"><iframe src=\"\/\/www.facebook.com\/plugins\/like.php?href=https%3A%2F%2Fwww.caritasne2.org.br%2Fsite%2Fcasa-de-direitos-recebe-a-oficina-iluminando-historias%2F&amp;layout=button_count&amp;action=like&amp;show_faces=false&amp;share=true&amp;width=135&amp;height=21&amp;appId=307091639398582\" scrolling=\"no\" frameborder=\"0\" style=\"border:none; overflow:hidden;  width:150px; height:21px;\" allowTransparency=\"true\"><\/iframe><\/li><li class=\"twtr\" style=\"width:90px\"><a href=\"https:\/\/twitter.com\/share\" class=\"twitter-share-button\" data-url=\"https:\/\/www.caritasne2.org.br\/site\/casa-de-direitos-recebe-a-oficina-iluminando-historias\/\">&nbsp;<\/a><script>!function(d,s,id){var js,fjs=d.getElementsByTagName(s)[0],p=\/^http:\/.test(d.location)?'http':'https';if(!d.getElementById(id)){js=d.createElement(s);js.id=id;js.src=p+':\/\/platform.twitter.com\/widgets.js';fjs.parentNode.insertBefore(js,fjs);}}(document, 'script', 'twitter-wjs');<\/script><\/li><li class=\"gplus\" style=\"width:68px\"><div class=\"g-plusone\" data-size=\"medium\" data-href=\"https:\/\/www.caritasne2.org.br\/site\/casa-de-direitos-recebe-a-oficina-iluminando-historias\/\"><\/div><\/li><li class=\"ssb_linkedin\" style=\"width:64px\"><script src=\"\/\/platform.linkedin.com\/in.js\" type=\"text\/javascript\">lang: en_US<\/script><script type=\"IN\/Share\" data-url=\"https:\/\/www.caritasne2.org.br\/site\/casa-de-direitos-recebe-a-oficina-iluminando-historias\/\" data-counter=\"right\"><\/script><\/li><\/ul>","protected":false},"author":4,"featured_media":11698,"comment_status":"open","ping_status":"open","sticky":false,"template":"","format":"standard","meta":[],"categories":[21,20],"tags":[],"_links":{"self":[{"href":"https:\/\/www.caritasne2.org.br\/site\/wp-json\/wp\/v2\/posts\/11697"}],"collection":[{"href":"https:\/\/www.caritasne2.org.br\/site\/wp-json\/wp\/v2\/posts"}],"about":[{"href":"https:\/\/www.caritasne2.org.br\/site\/wp-json\/wp\/v2\/types\/post"}],"author":[{"embeddable":true,"href":"https:\/\/www.caritasne2.org.br\/site\/wp-json\/wp\/v2\/users\/4"}],"replies":[{"embeddable":true,"href":"https:\/\/www.caritasne2.org.br\/site\/wp-json\/wp\/v2\/comments?post=11697"}],"version-history":[{"count":3,"href":"https:\/\/www.caritasne2.org.br\/site\/wp-json\/wp\/v2\/posts\/11697\/revisions"}],"predecessor-version":[{"id":11710,"href":"https:\/\/www.caritasne2.org.br\/site\/wp-json\/wp\/v2\/posts\/11697\/revisions\/11710"}],"wp:featuredmedia":[{"embeddable":true,"href":"https:\/\/www.caritasne2.org.br\/site\/wp-json\/wp\/v2\/media\/11698"}],"wp:attachment":[{"href":"https:\/\/www.caritasne2.org.br\/site\/wp-json\/wp\/v2\/media?parent=11697"}],"wp:term":[{"taxonomy":"category","embeddable":true,"href":"https:\/\/www.caritasne2.org.br\/site\/wp-json\/wp\/v2\/categories?post=11697"},{"taxonomy":"post_tag","embeddable":true,"href":"https:\/\/www.caritasne2.org.br\/site\/wp-json\/wp\/v2\/tags?post=11697"}],"curies":[{"name":"wp","href":"https:\/\/api.w.org\/{rel}","templated":true}]}}