{"id":11684,"date":"2023-11-27T16:24:04","date_gmt":"2023-11-27T19:24:04","guid":{"rendered":"https:\/\/www.caritasne2.org.br\/site\/?p=11684"},"modified":"2023-11-27T16:26:25","modified_gmt":"2023-11-27T19:26:25","slug":"natal-sedia-seminario-de-migracao-refugio-e-apatridas","status":"publish","type":"post","link":"https:\/\/www.caritasne2.org.br\/site\/natal-sedia-seminario-de-migracao-refugio-e-apatridas\/","title":{"rendered":"Natal sedia Semin\u00e1rio de Migra\u00e7\u00e3o, Ref\u00fagio e Ap\u00e1tridas"},"content":{"rendered":"<p>Com o objetivo de acolher, promover, proteger e integrar que a C\u00e1ritas Brasileira Nordeste 2 (CBNE2) vem realizando iniciativas para migrantes e refugiados que chegam nos quatros estados de atua\u00e7\u00e3o: Pernambuco, Para\u00edba, Alagoas e Rio Grande do Norte.<\/p>\n<p>Assim, na manh\u00e3 da \u00faltima sexta-feira, 24, o Programa de Migra\u00e7\u00e3o e Ref\u00fagio da CBNE2 promoveu junto as entidades membro do estado do Rio Grande do Norte o Semin\u00e1rio Migra\u00e7\u00e3o, Ref\u00fagio e Ap\u00e1tridas, no Centro Pastoral Pio X, na capital potiguar.<\/p>\n<p>A atividade reuniu representantes das entidades membros do Rio Grande do Norte como a C\u00e1ritas Arquidiocesana de Natal, C\u00e1ritas Diocesana de Mossor\u00f3 e C\u00e1ritas Diocesana de Caic\u00f3, e do poder p\u00fablico,\u00a0 e o bispo Dom Jo\u00e3o Santos. que refletiram sobre direitos e iniciativas que promovem o bem-estar de pessoas em contexto migrat\u00f3rio no estado.<\/p>\n<p>Durante o momento, a assessora Regional de Migra\u00e7\u00e3o e Ref\u00fagio, Mona Mirella apresentou as a\u00e7\u00f5es que a CBNE2 que vem realizando atrav\u00e9s da Casa de Direitos de Pernambuco. Em seguida, representa\u00e7\u00f5es de outras entidades puderam expor suas atividades e suas coloca\u00e7\u00f5es referente a tem\u00e1tica.<\/p>\n<p><img decoding=\"async\" loading=\"lazy\" class=\" wp-image-11686 aligncenter\" src=\"https:\/\/www.caritasne2.org.br\/site\/wp-content\/uploads\/2023\/11\/WhatsApp-Image-2023-11-27-at-16.10.01-300x225.jpeg\" alt=\"\" width=\"511\" height=\"383\" srcset=\"https:\/\/www.caritasne2.org.br\/site\/wp-content\/uploads\/2023\/11\/WhatsApp-Image-2023-11-27-at-16.10.01-300x225.jpeg 300w, https:\/\/www.caritasne2.org.br\/site\/wp-content\/uploads\/2023\/11\/WhatsApp-Image-2023-11-27-at-16.10.01-1024x766.jpeg 1024w, https:\/\/www.caritasne2.org.br\/site\/wp-content\/uploads\/2023\/11\/WhatsApp-Image-2023-11-27-at-16.10.01-768x575.jpeg 768w, https:\/\/www.caritasne2.org.br\/site\/wp-content\/uploads\/2023\/11\/WhatsApp-Image-2023-11-27-at-16.10.01.jpeg 1280w\" sizes=\"(max-width: 511px) 100vw, 511px\" \/><\/p>\n<p><img decoding=\"async\" loading=\"lazy\" class=\" wp-image-11687 aligncenter\" src=\"https:\/\/www.caritasne2.org.br\/site\/wp-content\/uploads\/2023\/11\/WhatsApp-Image-2023-11-27-at-16.10.06-1-225x300.jpeg\" alt=\"\" width=\"346\" height=\"461\" srcset=\"https:\/\/www.caritasne2.org.br\/site\/wp-content\/uploads\/2023\/11\/WhatsApp-Image-2023-11-27-at-16.10.06-1-225x300.jpeg 225w, https:\/\/www.caritasne2.org.br\/site\/wp-content\/uploads\/2023\/11\/WhatsApp-Image-2023-11-27-at-16.10.06-1-768x1026.jpeg 768w, https:\/\/www.caritasne2.org.br\/site\/wp-content\/uploads\/2023\/11\/WhatsApp-Image-2023-11-27-at-16.10.06-1.jpeg 958w\" sizes=\"(max-width: 346px) 100vw, 346px\" \/><\/p>\n<p>O semin\u00e1rio teve como objetivo apresentar as atividades realizadas pela iniciativa, resultados alcan\u00e7ados por meio das a\u00e7\u00f5es junto \u00e0 popula\u00e7\u00e3o migrante e refugiada no Nordeste 2, e tamb\u00e9m discutir poss\u00edveis a\u00e7\u00f5es para garantir o acolhimento deles na regi\u00e3o.<\/p>\n<p>\u201cA acolhida deve fazer parte da vida de um crist\u00e3o\/\u00e3. Por isso, parabenizo a C\u00e1ritas em acolher os\/as estrangeiros\/as em suas diversas a\u00e7\u00f5es\u201d, afirmou o arcebispo de Natal, Dom Jo\u00e3o Santos.<\/p>\n<p>Tamb\u00e9m estiveram presentes representa\u00e7\u00f5es do Comit\u00ea Estadual Intersetorial de Aten\u00e7\u00e3o aos Refugiados, Ap\u00e1tridas e Migrantes do Rio Grande do Norte, da Secretaria de Estado do Trabalho, da Habita\u00e7\u00e3o e da Assist\u00eancia Social, da Par\u00f3quia S\u00e3o Miguel Arcanjo, em Extremoz e da Arquidiocese de Natal.<\/p>\n<p>&nbsp;<\/p>\n<p><img decoding=\"async\" loading=\"lazy\" class=\" wp-image-11694 aligncenter\" src=\"https:\/\/www.caritasne2.org.br\/site\/wp-content\/uploads\/2023\/11\/WhatsApp-Image-2023-11-27-at-16.10.10-3-300x225.jpeg\" alt=\"\" width=\"447\" height=\"335\" srcset=\"https:\/\/www.caritasne2.org.br\/site\/wp-content\/uploads\/2023\/11\/WhatsApp-Image-2023-11-27-at-16.10.10-3-300x225.jpeg 300w, https:\/\/www.caritasne2.org.br\/site\/wp-content\/uploads\/2023\/11\/WhatsApp-Image-2023-11-27-at-16.10.10-3-1024x766.jpeg 1024w, https:\/\/www.caritasne2.org.br\/site\/wp-content\/uploads\/2023\/11\/WhatsApp-Image-2023-11-27-at-16.10.10-3-768x575.jpeg 768w, https:\/\/www.caritasne2.org.br\/site\/wp-content\/uploads\/2023\/11\/WhatsApp-Image-2023-11-27-at-16.10.10-3.jpeg 1280w\" sizes=\"(max-width: 447px) 100vw, 447px\" \/><\/p>\n<p><img decoding=\"async\" loading=\"lazy\" class=\" wp-image-11695 aligncenter\" src=\"https:\/\/www.caritasne2.org.br\/site\/wp-content\/uploads\/2023\/11\/WhatsApp-Image-2023-11-27-at-16.10.10-300x225.jpeg\" alt=\"\" width=\"441\" height=\"331\" srcset=\"https:\/\/www.caritasne2.org.br\/site\/wp-content\/uploads\/2023\/11\/WhatsApp-Image-2023-11-27-at-16.10.10-300x225.jpeg 300w, https:\/\/www.caritasne2.org.br\/site\/wp-content\/uploads\/2023\/11\/WhatsApp-Image-2023-11-27-at-16.10.10-1024x766.jpeg 1024w, https:\/\/www.caritasne2.org.br\/site\/wp-content\/uploads\/2023\/11\/WhatsApp-Image-2023-11-27-at-16.10.10-768x575.jpeg 768w, https:\/\/www.caritasne2.org.br\/site\/wp-content\/uploads\/2023\/11\/WhatsApp-Image-2023-11-27-at-16.10.10.jpeg 1280w\" sizes=\"(max-width: 441px) 100vw, 441px\" \/><\/p>\n<p><img decoding=\"async\" loading=\"lazy\" class=\" wp-image-11691 aligncenter\" src=\"https:\/\/www.caritasne2.org.br\/site\/wp-content\/uploads\/2023\/11\/WhatsApp-Image-2023-11-27-at-16.15.24-300x225.jpeg\" alt=\"\" width=\"443\" height=\"332\" srcset=\"https:\/\/www.caritasne2.org.br\/site\/wp-content\/uploads\/2023\/11\/WhatsApp-Image-2023-11-27-at-16.15.24-300x225.jpeg 300w, https:\/\/www.caritasne2.org.br\/site\/wp-content\/uploads\/2023\/11\/WhatsApp-Image-2023-11-27-at-16.15.24-1024x768.jpeg 1024w, https:\/\/www.caritasne2.org.br\/site\/wp-content\/uploads\/2023\/11\/WhatsApp-Image-2023-11-27-at-16.15.24-768x576.jpeg 768w, https:\/\/www.caritasne2.org.br\/site\/wp-content\/uploads\/2023\/11\/WhatsApp-Image-2023-11-27-at-16.15.24-1536x1152.jpeg 1536w, https:\/\/www.caritasne2.org.br\/site\/wp-content\/uploads\/2023\/11\/WhatsApp-Image-2023-11-27-at-16.15.24.jpeg 1600w\" sizes=\"(max-width: 443px) 100vw, 443px\" \/><\/p>\n<p><img decoding=\"async\" loading=\"lazy\" class=\" wp-image-11692 aligncenter\" src=\"https:\/\/www.caritasne2.org.br\/site\/wp-content\/uploads\/2023\/11\/WhatsApp-Image-2023-11-27-at-16.15.23-300x225.jpeg\" alt=\"\" width=\"446\" height=\"334\" srcset=\"https:\/\/www.caritasne2.org.br\/site\/wp-content\/uploads\/2023\/11\/WhatsApp-Image-2023-11-27-at-16.15.23-300x225.jpeg 300w, https:\/\/www.caritasne2.org.br\/site\/wp-content\/uploads\/2023\/11\/WhatsApp-Image-2023-11-27-at-16.15.23-1024x768.jpeg 1024w, https:\/\/www.caritasne2.org.br\/site\/wp-content\/uploads\/2023\/11\/WhatsApp-Image-2023-11-27-at-16.15.23-768x576.jpeg 768w, https:\/\/www.caritasne2.org.br\/site\/wp-content\/uploads\/2023\/11\/WhatsApp-Image-2023-11-27-at-16.15.23-1536x1152.jpeg 1536w, https:\/\/www.caritasne2.org.br\/site\/wp-content\/uploads\/2023\/11\/WhatsApp-Image-2023-11-27-at-16.15.23.jpeg 1600w\" sizes=\"(max-width: 446px) 100vw, 446px\" \/><\/p>\n<p><img decoding=\"async\" loading=\"lazy\" class=\" wp-image-11693 aligncenter\" src=\"https:\/\/www.caritasne2.org.br\/site\/wp-content\/uploads\/2023\/11\/WhatsApp-Image-2023-11-27-at-16.15.19-300x225.jpeg\" alt=\"\" width=\"440\" height=\"330\" srcset=\"https:\/\/www.caritasne2.org.br\/site\/wp-content\/uploads\/2023\/11\/WhatsApp-Image-2023-11-27-at-16.15.19-300x225.jpeg 300w, https:\/\/www.caritasne2.org.br\/site\/wp-content\/uploads\/2023\/11\/WhatsApp-Image-2023-11-27-at-16.15.19-1024x768.jpeg 1024w, https:\/\/www.caritasne2.org.br\/site\/wp-content\/uploads\/2023\/11\/WhatsApp-Image-2023-11-27-at-16.15.19-768x576.jpeg 768w, https:\/\/www.caritasne2.org.br\/site\/wp-content\/uploads\/2023\/11\/WhatsApp-Image-2023-11-27-at-16.15.19-1536x1152.jpeg 1536w, https:\/\/www.caritasne2.org.br\/site\/wp-content\/uploads\/2023\/11\/WhatsApp-Image-2023-11-27-at-16.15.19.jpeg 1600w\" sizes=\"(max-width: 440px) 100vw, 440px\" \/><\/p>\n<p>&nbsp;<\/p>\n<ul class=\"ssb_list_wrapper\"><li class=\"fb2\" style=\"width:135px\"><iframe src=\"\/\/www.facebook.com\/plugins\/like.php?href=https%3A%2F%2Fwww.caritasne2.org.br%2Fsite%2Fnatal-sedia-seminario-de-migracao-refugio-e-apatridas%2F&amp;layout=button_count&amp;action=like&amp;show_faces=false&amp;share=true&amp;width=135&amp;height=21&amp;appId=307091639398582\" scrolling=\"no\" frameborder=\"0\" style=\"border:none; overflow:hidden;  width:150px; height:21px;\" allowTransparency=\"true\"><\/iframe><\/li><li class=\"twtr\" style=\"width:90px\"><a href=\"https:\/\/twitter.com\/share\" class=\"twitter-share-button\" data-url=\"https:\/\/www.caritasne2.org.br\/site\/natal-sedia-seminario-de-migracao-refugio-e-apatridas\/\">&nbsp;<\/a><script>!function(d,s,id){var js,fjs=d.getElementsByTagName(s)[0],p=\/^http:\/.test(d.location)?'http':'https';if(!d.getElementById(id)){js=d.createElement(s);js.id=id;js.src=p+':\/\/platform.twitter.com\/widgets.js';fjs.parentNode.insertBefore(js,fjs);}}(document, 'script', 'twitter-wjs');<\/script><\/li><li class=\"gplus\" style=\"width:68px\"><div class=\"g-plusone\" data-size=\"medium\" data-href=\"https:\/\/www.caritasne2.org.br\/site\/natal-sedia-seminario-de-migracao-refugio-e-apatridas\/\"><\/div><\/li><li class=\"ssb_linkedin\" style=\"width:64px\"><script src=\"\/\/platform.linkedin.com\/in.js\" type=\"text\/javascript\">lang: en_US<\/script><script type=\"IN\/Share\" data-url=\"https:\/\/www.caritasne2.org.br\/site\/natal-sedia-seminario-de-migracao-refugio-e-apatridas\/\" data-counter=\"right\"><\/script><\/li><\/ul>","protected":false},"excerpt":{"rendered":"<p>Com o objetivo de acolher, promover, proteger e integrar que a C\u00e1ritas Brasileira Nordeste 2 (CBNE2) vem realizando iniciativas para migrantes e refugiados que chegam nos quatros estados de atua\u00e7\u00e3o: Pernambuco, Para\u00edba, Alagoas e Rio Grande do Norte. Assim, na manh\u00e3 da \u00faltima sexta-feira, 24, o Programa de Migra\u00e7\u00e3o e Ref\u00fagio da CBNE2 promoveu junto as entidades membro do estado do Rio Grande do Norte [&hellip;]<\/p>\n<ul class=\"ssb_list_wrapper\"><li class=\"fb2\" style=\"width:135px\"><iframe src=\"\/\/www.facebook.com\/plugins\/like.php?href=https%3A%2F%2Fwww.caritasne2.org.br%2Fsite%2Fnatal-sedia-seminario-de-migracao-refugio-e-apatridas%2F&amp;layout=button_count&amp;action=like&amp;show_faces=false&amp;share=true&amp;width=135&amp;height=21&amp;appId=307091639398582\" scrolling=\"no\" frameborder=\"0\" style=\"border:none; overflow:hidden;  width:150px; height:21px;\" allowTransparency=\"true\"><\/iframe><\/li><li class=\"twtr\" style=\"width:90px\"><a href=\"https:\/\/twitter.com\/share\" class=\"twitter-share-button\" data-url=\"https:\/\/www.caritasne2.org.br\/site\/natal-sedia-seminario-de-migracao-refugio-e-apatridas\/\">&nbsp;<\/a><script>!function(d,s,id){var js,fjs=d.getElementsByTagName(s)[0],p=\/^http:\/.test(d.location)?'http':'https';if(!d.getElementById(id)){js=d.createElement(s);js.id=id;js.src=p+':\/\/platform.twitter.com\/widgets.js';fjs.parentNode.insertBefore(js,fjs);}}(document, 'script', 'twitter-wjs');<\/script><\/li><li class=\"gplus\" style=\"width:68px\"><div class=\"g-plusone\" data-size=\"medium\" data-href=\"https:\/\/www.caritasne2.org.br\/site\/natal-sedia-seminario-de-migracao-refugio-e-apatridas\/\"><\/div><\/li><li class=\"ssb_linkedin\" style=\"width:64px\"><script src=\"\/\/platform.linkedin.com\/in.js\" type=\"text\/javascript\">lang: en_US<\/script><script type=\"IN\/Share\" data-url=\"https:\/\/www.caritasne2.org.br\/site\/natal-sedia-seminario-de-migracao-refugio-e-apatridas\/\" data-counter=\"right\"><\/script><\/li><\/ul>","protected":false},"author":4,"featured_media":11685,"comment_status":"open","ping_status":"open","sticky":false,"template":"","format":"standard","meta":[],"categories":[21,20],"tags":[],"_links":{"self":[{"href":"https:\/\/www.caritasne2.org.br\/site\/wp-json\/wp\/v2\/posts\/11684"}],"collection":[{"href":"https:\/\/www.caritasne2.org.br\/site\/wp-json\/wp\/v2\/posts"}],"about":[{"href":"https:\/\/www.caritasne2.org.br\/site\/wp-json\/wp\/v2\/types\/post"}],"author":[{"embeddable":true,"href":"https:\/\/www.caritasne2.org.br\/site\/wp-json\/wp\/v2\/users\/4"}],"replies":[{"embeddable":true,"href":"https:\/\/www.caritasne2.org.br\/site\/wp-json\/wp\/v2\/comments?post=11684"}],"version-history":[{"count":1,"href":"https:\/\/www.caritasne2.org.br\/site\/wp-json\/wp\/v2\/posts\/11684\/revisions"}],"predecessor-version":[{"id":11696,"href":"https:\/\/www.caritasne2.org.br\/site\/wp-json\/wp\/v2\/posts\/11684\/revisions\/11696"}],"wp:featuredmedia":[{"embeddable":true,"href":"https:\/\/www.caritasne2.org.br\/site\/wp-json\/wp\/v2\/media\/11685"}],"wp:attachment":[{"href":"https:\/\/www.caritasne2.org.br\/site\/wp-json\/wp\/v2\/media?parent=11684"}],"wp:term":[{"taxonomy":"category","embeddable":true,"href":"https:\/\/www.caritasne2.org.br\/site\/wp-json\/wp\/v2\/categories?post=11684"},{"taxonomy":"post_tag","embeddable":true,"href":"https:\/\/www.caritasne2.org.br\/site\/wp-json\/wp\/v2\/tags?post=11684"}],"curies":[{"name":"wp","href":"https:\/\/api.w.org\/{rel}","templated":true}]}}