{"id":11668,"date":"2023-11-24T19:09:18","date_gmt":"2023-11-24T22:09:18","guid":{"rendered":"https:\/\/www.caritasne2.org.br\/site\/?p=11668"},"modified":"2023-11-24T19:10:50","modified_gmt":"2023-11-24T22:10:50","slug":"caritas-brasileira-ne2-divulga-selecionada-para-edital-de-assessora-pedagoigicoa","status":"publish","type":"post","link":"https:\/\/www.caritasne2.org.br\/site\/caritas-brasileira-ne2-divulga-selecionada-para-edital-de-assessora-pedagoigicoa\/","title":{"rendered":"C\u00e1ritas Brasileira NE2 divulga selecionada para edital de Assessor(a) Pedag\u00f3gico(a)"},"content":{"rendered":"<p>A C\u00e1ritas Brasileira Regional Nordeste 2, organismo da Confer\u00eancia Nacional dos Bispos do Brasil (CNBB), com atua\u00e7\u00e3o nos Estados de Alagoas, Para\u00edba, Pernambuco e Rio Grande do Norte, torna p\u00fablico resultado final para o processo seletivo simplificado \u2013Edital N\u00ba 006\/2023 para contrata\u00e7\u00e3o imediata de 1 (uma) vaga de assessor (a) pedag\u00f3gico (a).<\/p>\n<p>&nbsp;<\/p>\n<ul>\n<li><strong>Ana Paula Gomes Silva<\/strong><\/li>\n<\/ul>\n<p>&nbsp;<\/p>\n<p>Recife, 24 de novembro de 2023<\/p>\n<p>Comiss\u00e3o de Sele\u00e7\u00e3o<\/p>\n<p>C\u00e1ritas Brasileira NE2<\/p>\n<p>&nbsp;<\/p>\n<ul class=\"ssb_list_wrapper\"><li class=\"fb2\" style=\"width:135px\"><iframe src=\"\/\/www.facebook.com\/plugins\/like.php?href=https%3A%2F%2Fwww.caritasne2.org.br%2Fsite%2Fcaritas-brasileira-ne2-divulga-selecionada-para-edital-de-assessora-pedagoigicoa%2F&amp;layout=button_count&amp;action=like&amp;show_faces=false&amp;share=true&amp;width=135&amp;height=21&amp;appId=307091639398582\" scrolling=\"no\" frameborder=\"0\" style=\"border:none; overflow:hidden;  width:150px; height:21px;\" allowTransparency=\"true\"><\/iframe><\/li><li class=\"twtr\" style=\"width:90px\"><a href=\"https:\/\/twitter.com\/share\" class=\"twitter-share-button\" data-url=\"https:\/\/www.caritasne2.org.br\/site\/caritas-brasileira-ne2-divulga-selecionada-para-edital-de-assessora-pedagoigicoa\/\">&nbsp;<\/a><script>!function(d,s,id){var js,fjs=d.getElementsByTagName(s)[0],p=\/^http:\/.test(d.location)?'http':'https';if(!d.getElementById(id)){js=d.createElement(s);js.id=id;js.src=p+':\/\/platform.twitter.com\/widgets.js';fjs.parentNode.insertBefore(js,fjs);}}(document, 'script', 'twitter-wjs');<\/script><\/li><li class=\"gplus\" style=\"width:68px\"><div class=\"g-plusone\" data-size=\"medium\" data-href=\"https:\/\/www.caritasne2.org.br\/site\/caritas-brasileira-ne2-divulga-selecionada-para-edital-de-assessora-pedagoigicoa\/\"><\/div><\/li><li class=\"ssb_linkedin\" style=\"width:64px\"><script src=\"\/\/platform.linkedin.com\/in.js\" type=\"text\/javascript\">lang: en_US<\/script><script type=\"IN\/Share\" data-url=\"https:\/\/www.caritasne2.org.br\/site\/caritas-brasileira-ne2-divulga-selecionada-para-edital-de-assessora-pedagoigicoa\/\" data-counter=\"right\"><\/script><\/li><\/ul>","protected":false},"excerpt":{"rendered":"<p>A C\u00e1ritas Brasileira Regional Nordeste 2, organismo da Confer\u00eancia Nacional dos Bispos do Brasil (CNBB), com atua\u00e7\u00e3o nos Estados de Alagoas, Para\u00edba, Pernambuco e Rio Grande do Norte, torna p\u00fablico resultado final para o processo seletivo simplificado \u2013Edital N\u00ba 006\/2023 para contrata\u00e7\u00e3o imediata de 1 (uma) vaga de assessor (a) pedag\u00f3gico (a). &nbsp; Ana Paula Gomes Silva &nbsp; Recife, 24 de novembro de 2023 Comiss\u00e3o [&hellip;]<\/p>\n<ul class=\"ssb_list_wrapper\"><li class=\"fb2\" style=\"width:135px\"><iframe src=\"\/\/www.facebook.com\/plugins\/like.php?href=https%3A%2F%2Fwww.caritasne2.org.br%2Fsite%2Fcaritas-brasileira-ne2-divulga-selecionada-para-edital-de-assessora-pedagoigicoa%2F&amp;layout=button_count&amp;action=like&amp;show_faces=false&amp;share=true&amp;width=135&amp;height=21&amp;appId=307091639398582\" scrolling=\"no\" frameborder=\"0\" style=\"border:none; overflow:hidden;  width:150px; height:21px;\" allowTransparency=\"true\"><\/iframe><\/li><li class=\"twtr\" style=\"width:90px\"><a href=\"https:\/\/twitter.com\/share\" class=\"twitter-share-button\" data-url=\"https:\/\/www.caritasne2.org.br\/site\/caritas-brasileira-ne2-divulga-selecionada-para-edital-de-assessora-pedagoigicoa\/\">&nbsp;<\/a><script>!function(d,s,id){var js,fjs=d.getElementsByTagName(s)[0],p=\/^http:\/.test(d.location)?'http':'https';if(!d.getElementById(id)){js=d.createElement(s);js.id=id;js.src=p+':\/\/platform.twitter.com\/widgets.js';fjs.parentNode.insertBefore(js,fjs);}}(document, 'script', 'twitter-wjs');<\/script><\/li><li class=\"gplus\" style=\"width:68px\"><div class=\"g-plusone\" data-size=\"medium\" data-href=\"https:\/\/www.caritasne2.org.br\/site\/caritas-brasileira-ne2-divulga-selecionada-para-edital-de-assessora-pedagoigicoa\/\"><\/div><\/li><li class=\"ssb_linkedin\" style=\"width:64px\"><script src=\"\/\/platform.linkedin.com\/in.js\" type=\"text\/javascript\">lang: en_US<\/script><script type=\"IN\/Share\" data-url=\"https:\/\/www.caritasne2.org.br\/site\/caritas-brasileira-ne2-divulga-selecionada-para-edital-de-assessora-pedagoigicoa\/\" data-counter=\"right\"><\/script><\/li><\/ul>","protected":false},"author":4,"featured_media":11669,"comment_status":"open","ping_status":"open","sticky":false,"template":"","format":"standard","meta":[],"categories":[21,20],"tags":[],"_links":{"self":[{"href":"https:\/\/www.caritasne2.org.br\/site\/wp-json\/wp\/v2\/posts\/11668"}],"collection":[{"href":"https:\/\/www.caritasne2.org.br\/site\/wp-json\/wp\/v2\/posts"}],"about":[{"href":"https:\/\/www.caritasne2.org.br\/site\/wp-json\/wp\/v2\/types\/post"}],"author":[{"embeddable":true,"href":"https:\/\/www.caritasne2.org.br\/site\/wp-json\/wp\/v2\/users\/4"}],"replies":[{"embeddable":true,"href":"https:\/\/www.caritasne2.org.br\/site\/wp-json\/wp\/v2\/comments?post=11668"}],"version-history":[{"count":4,"href":"https:\/\/www.caritasne2.org.br\/site\/wp-json\/wp\/v2\/posts\/11668\/revisions"}],"predecessor-version":[{"id":11673,"href":"https:\/\/www.caritasne2.org.br\/site\/wp-json\/wp\/v2\/posts\/11668\/revisions\/11673"}],"wp:featuredmedia":[{"embeddable":true,"href":"https:\/\/www.caritasne2.org.br\/site\/wp-json\/wp\/v2\/media\/11669"}],"wp:attachment":[{"href":"https:\/\/www.caritasne2.org.br\/site\/wp-json\/wp\/v2\/media?parent=11668"}],"wp:term":[{"taxonomy":"category","embeddable":true,"href":"https:\/\/www.caritasne2.org.br\/site\/wp-json\/wp\/v2\/categories?post=11668"},{"taxonomy":"post_tag","embeddable":true,"href":"https:\/\/www.caritasne2.org.br\/site\/wp-json\/wp\/v2\/tags?post=11668"}],"curies":[{"name":"wp","href":"https:\/\/api.w.org\/{rel}","templated":true}]}}