{"id":11652,"date":"2023-11-21T20:29:16","date_gmt":"2023-11-21T23:29:16","guid":{"rendered":"https:\/\/www.caritasne2.org.br\/site\/?p=11652"},"modified":"2023-11-21T20:30:01","modified_gmt":"2023-11-21T23:30:01","slug":"caritas-ne-divulga-selecionados-para-etapa-entrevistas-do-edital-no-006-2023","status":"publish","type":"post","link":"https:\/\/www.caritasne2.org.br\/site\/caritas-ne-divulga-selecionados-para-etapa-entrevistas-do-edital-no-006-2023\/","title":{"rendered":"C\u00e1ritas NE divulga selecionados para etapa das entrevistas no edital N\u00ba 006\/2023"},"content":{"rendered":"<p style=\"text-align: justify;\">A C\u00e1ritas Brasileira Regional NE2, organismo da Confer\u00eancia Nacional dos Bispos do Brasil (CNBB), no uso de suas atribui\u00e7\u00f5es legais, torna p\u00fablico os (as) selecionados (as) para entrevistas no processo seletivo simplificado \u2013Edital N\u00ba 006\/2023 CBNE2 para contrata\u00e7\u00e3o imediata de 1 (uma) vaga de assessor (a) pedag\u00f3gico (a).<\/p>\n<p style=\"text-align: justify;\">Confira os (as) selecionados (as):<\/p>\n<ul style=\"text-align: justify;\">\n<li><strong>Valqu\u00edria Flor\u00eancio de Brito<\/strong><\/li>\n<li><strong>Ana Paula Gomes da Silva<\/strong><\/li>\n<li><strong>Cain\u00e3 Ferraz e Silva<\/strong><\/li>\n<\/ul>\n<p style=\"text-align: justify;\">Os (as) selecionados (as) devem comparecer na sede da C\u00e1ritas Brasileira NE2 localizada na rua Monte Castelo,176, Boa Vista, em dia e hor\u00e1rio previamente agendado e informado pela institui\u00e7\u00e3o.<\/p>\n<p style=\"text-align: justify;\">Comiss\u00e3o de Sele\u00e7\u00e3o da CBNE2<\/p>\n<p>&nbsp;<\/p>\n<ul class=\"ssb_list_wrapper\"><li class=\"fb2\" style=\"width:135px\"><iframe src=\"\/\/www.facebook.com\/plugins\/like.php?href=https%3A%2F%2Fwww.caritasne2.org.br%2Fsite%2Fcaritas-ne-divulga-selecionados-para-etapa-entrevistas-do-edital-no-006-2023%2F&amp;layout=button_count&amp;action=like&amp;show_faces=false&amp;share=true&amp;width=135&amp;height=21&amp;appId=307091639398582\" scrolling=\"no\" frameborder=\"0\" style=\"border:none; overflow:hidden;  width:150px; height:21px;\" allowTransparency=\"true\"><\/iframe><\/li><li class=\"twtr\" style=\"width:90px\"><a href=\"https:\/\/twitter.com\/share\" class=\"twitter-share-button\" data-url=\"https:\/\/www.caritasne2.org.br\/site\/caritas-ne-divulga-selecionados-para-etapa-entrevistas-do-edital-no-006-2023\/\">&nbsp;<\/a><script>!function(d,s,id){var js,fjs=d.getElementsByTagName(s)[0],p=\/^http:\/.test(d.location)?'http':'https';if(!d.getElementById(id)){js=d.createElement(s);js.id=id;js.src=p+':\/\/platform.twitter.com\/widgets.js';fjs.parentNode.insertBefore(js,fjs);}}(document, 'script', 'twitter-wjs');<\/script><\/li><li class=\"gplus\" style=\"width:68px\"><div class=\"g-plusone\" data-size=\"medium\" data-href=\"https:\/\/www.caritasne2.org.br\/site\/caritas-ne-divulga-selecionados-para-etapa-entrevistas-do-edital-no-006-2023\/\"><\/div><\/li><li class=\"ssb_linkedin\" style=\"width:64px\"><script src=\"\/\/platform.linkedin.com\/in.js\" type=\"text\/javascript\">lang: en_US<\/script><script type=\"IN\/Share\" data-url=\"https:\/\/www.caritasne2.org.br\/site\/caritas-ne-divulga-selecionados-para-etapa-entrevistas-do-edital-no-006-2023\/\" data-counter=\"right\"><\/script><\/li><\/ul>","protected":false},"excerpt":{"rendered":"<p>A C\u00e1ritas Brasileira Regional NE2, organismo da Confer\u00eancia Nacional dos Bispos do Brasil (CNBB), no uso de suas atribui\u00e7\u00f5es legais, torna p\u00fablico os (as) selecionados (as) para entrevistas no processo seletivo simplificado \u2013Edital N\u00ba 006\/2023 CBNE2 para contrata\u00e7\u00e3o imediata de 1 (uma) vaga de assessor (a) pedag\u00f3gico (a). Confira os (as) selecionados (as): Valqu\u00edria Flor\u00eancio de Brito Ana Paula Gomes da Silva Cain\u00e3 Ferraz e [&hellip;]<\/p>\n<ul class=\"ssb_list_wrapper\"><li class=\"fb2\" style=\"width:135px\"><iframe src=\"\/\/www.facebook.com\/plugins\/like.php?href=https%3A%2F%2Fwww.caritasne2.org.br%2Fsite%2Fcaritas-ne-divulga-selecionados-para-etapa-entrevistas-do-edital-no-006-2023%2F&amp;layout=button_count&amp;action=like&amp;show_faces=false&amp;share=true&amp;width=135&amp;height=21&amp;appId=307091639398582\" scrolling=\"no\" frameborder=\"0\" style=\"border:none; overflow:hidden;  width:150px; height:21px;\" allowTransparency=\"true\"><\/iframe><\/li><li class=\"twtr\" style=\"width:90px\"><a href=\"https:\/\/twitter.com\/share\" class=\"twitter-share-button\" data-url=\"https:\/\/www.caritasne2.org.br\/site\/caritas-ne-divulga-selecionados-para-etapa-entrevistas-do-edital-no-006-2023\/\">&nbsp;<\/a><script>!function(d,s,id){var js,fjs=d.getElementsByTagName(s)[0],p=\/^http:\/.test(d.location)?'http':'https';if(!d.getElementById(id)){js=d.createElement(s);js.id=id;js.src=p+':\/\/platform.twitter.com\/widgets.js';fjs.parentNode.insertBefore(js,fjs);}}(document, 'script', 'twitter-wjs');<\/script><\/li><li class=\"gplus\" style=\"width:68px\"><div class=\"g-plusone\" data-size=\"medium\" data-href=\"https:\/\/www.caritasne2.org.br\/site\/caritas-ne-divulga-selecionados-para-etapa-entrevistas-do-edital-no-006-2023\/\"><\/div><\/li><li class=\"ssb_linkedin\" style=\"width:64px\"><script src=\"\/\/platform.linkedin.com\/in.js\" type=\"text\/javascript\">lang: en_US<\/script><script type=\"IN\/Share\" data-url=\"https:\/\/www.caritasne2.org.br\/site\/caritas-ne-divulga-selecionados-para-etapa-entrevistas-do-edital-no-006-2023\/\" data-counter=\"right\"><\/script><\/li><\/ul>","protected":false},"author":4,"featured_media":11653,"comment_status":"open","ping_status":"open","sticky":false,"template":"","format":"standard","meta":[],"categories":[21,20],"tags":[],"_links":{"self":[{"href":"https:\/\/www.caritasne2.org.br\/site\/wp-json\/wp\/v2\/posts\/11652"}],"collection":[{"href":"https:\/\/www.caritasne2.org.br\/site\/wp-json\/wp\/v2\/posts"}],"about":[{"href":"https:\/\/www.caritasne2.org.br\/site\/wp-json\/wp\/v2\/types\/post"}],"author":[{"embeddable":true,"href":"https:\/\/www.caritasne2.org.br\/site\/wp-json\/wp\/v2\/users\/4"}],"replies":[{"embeddable":true,"href":"https:\/\/www.caritasne2.org.br\/site\/wp-json\/wp\/v2\/comments?post=11652"}],"version-history":[{"count":4,"href":"https:\/\/www.caritasne2.org.br\/site\/wp-json\/wp\/v2\/posts\/11652\/revisions"}],"predecessor-version":[{"id":11657,"href":"https:\/\/www.caritasne2.org.br\/site\/wp-json\/wp\/v2\/posts\/11652\/revisions\/11657"}],"wp:featuredmedia":[{"embeddable":true,"href":"https:\/\/www.caritasne2.org.br\/site\/wp-json\/wp\/v2\/media\/11653"}],"wp:attachment":[{"href":"https:\/\/www.caritasne2.org.br\/site\/wp-json\/wp\/v2\/media?parent=11652"}],"wp:term":[{"taxonomy":"category","embeddable":true,"href":"https:\/\/www.caritasne2.org.br\/site\/wp-json\/wp\/v2\/categories?post=11652"},{"taxonomy":"post_tag","embeddable":true,"href":"https:\/\/www.caritasne2.org.br\/site\/wp-json\/wp\/v2\/tags?post=11652"}],"curies":[{"name":"wp","href":"https:\/\/api.w.org\/{rel}","templated":true}]}}