{"id":1152,"date":"2013-07-09T12:11:48","date_gmt":"2013-07-09T15:11:48","guid":{"rendered":"http:\/\/ne2.caritas.org.br.s174889.gridserver.com\/?p=1152"},"modified":"2017-07-11T15:24:00","modified_gmt":"2017-07-11T18:24:00","slug":"seminario-em-campina-grande-debate-tema-por-um-estado-servico-da-nacao","status":"publish","type":"post","link":"https:\/\/www.caritasne2.org.br\/site\/seminario-em-campina-grande-debate-tema-por-um-estado-servico-da-nacao\/","title":{"rendered":"Semin\u00e1rio em Campina Grande debate o tema \u201cPor um Estado a Servi\u00e7o da Na\u00e7\u00e3o\u201d"},"content":{"rendered":"<p style=\"text-align: justify;\">\u201cPor um Estado a Servi\u00e7o da Na\u00e7\u00e3o\u201d. Este foi\u00a0o tema\u00a0debatido no Semin\u00e1rio Regional que aconteceu na cidade de\u00a0Campina Grande (PB), em prepara\u00e7\u00e3o para a 5\u00aa Semana Social Brasileira. Promovido pelo Regional Nordeste 2 da CNBB, estiveram\u00a0presentes representantes das 21 dioceses do Regional, incluindo membros das pastorais sociais, ONGs e representantes da sociedade civil organizada. Dom Jos\u00e9 Lu\u00eds, bispo de Pesqueira (PE) e bispo referencial para as Pastorais Sociais, bem como\u00a0Dom Frei Manoel\u00a0Delson Pedreira, da Diocese de Campina Grande\u00a0compareceram\u00a0ao\u00a0evento, que\u00a0foi realizado\u00a0nos dias 5, 6 e 7 de julho na Escola Virgem de Lourdes.<\/p>\n<p style=\"text-align: justify;\">Durante o Semin\u00e1rio, as comunidades eclesiais, os movimentos, as pastorais, os organismos e as for\u00e7as sociais refletiram sobre as estruturas sociais, pol\u00edticas e econ\u00f4micas do Estado Brasileiro, visando participar do processo de sua democratiza\u00e7\u00e3o. As propostas discutidas durante o Semin\u00e1rio ser\u00e3o levadas para a 5\u00aa Semana Social Brasileira, que acontece de 3 a 5 de setembro em Bras\u00edlia.<\/p>\n<p style=\"text-align: justify;\">Durante os 3 dias, aconteceram\u00a0palestras, atividades em grupo, reflex\u00f5es, al\u00e9m de uma celebra\u00e7\u00e3o ecum\u00eanica e visita ao Maior S\u00e3o Jo\u00e3o do Mundo.<\/p>\n<p style=\"text-align: justify;\">A C\u00e1ritas Brasileira Regional NE2 participou do evento e foi representada pela agente\u00a0Rosa Am\u00e9lia, da C\u00e1ritas Diocesana de Campina Grande, e por Marcos Bezerra, da coordena\u00e7\u00e3o colegiada da C\u00e1ritas NE2 e articulador das Pastorais Sociais da CNBB NE2.\u00a0\u00a0<\/p>\n<p><strong>A 5\u00aa SEMANA SOCIAL BRASILEIRA<\/strong><\/p>\n<p style=\"text-align: justify;\">A 5\u00aa SSB \u00e9 um processo nacional que est\u00e1 em curso desde 2011 em todo o Brasil e promove a participa\u00e7\u00e3o ampla de pessoas e entidades, a abertura ao ecumenismo e di\u00e1logo inter-religioso, o pluralismo de ideias e valores, o exerc\u00edcio do debate democr\u00e1tico em todas as inst\u00e2ncias e o ensaio coletivo de iniciativas transformadoras. Primeiro as Dioceses, depois todos os Regionais da CNBB est\u00e3o realizando os semin\u00e1rios de prepara\u00e7\u00e3o. Os resultados de todos os eventos, com suas propostas, ser\u00e3o apresentados em Bras\u00edlia para a elabora\u00e7\u00e3o de um documento final, que ser\u00e1 levado \u00e0s inst\u00e2ncias do Governo brasileiro.<\/p>\n<p style=\"text-align: justify;\">Por C\u00e1ritas NE2\u00a0 com informa\u00e7\u00f5es da Pascom Diocesana<\/p>\n<ul class=\"ssb_list_wrapper\"><li class=\"fb2\" style=\"width:135px\"><iframe src=\"\/\/www.facebook.com\/plugins\/like.php?href=https%3A%2F%2Fwww.caritasne2.org.br%2Fsite%2Fseminario-em-campina-grande-debate-tema-por-um-estado-servico-da-nacao%2F&amp;layout=button_count&amp;action=like&amp;show_faces=false&amp;share=true&amp;width=135&amp;height=21&amp;appId=307091639398582\" scrolling=\"no\" frameborder=\"0\" style=\"border:none; overflow:hidden;  width:150px; height:21px;\" allowTransparency=\"true\"><\/iframe><\/li><li class=\"twtr\" style=\"width:90px\"><a href=\"https:\/\/twitter.com\/share\" class=\"twitter-share-button\" data-url=\"https:\/\/www.caritasne2.org.br\/site\/seminario-em-campina-grande-debate-tema-por-um-estado-servico-da-nacao\/\">&nbsp;<\/a><script>!function(d,s,id){var js,fjs=d.getElementsByTagName(s)[0],p=\/^http:\/.test(d.location)?'http':'https';if(!d.getElementById(id)){js=d.createElement(s);js.id=id;js.src=p+':\/\/platform.twitter.com\/widgets.js';fjs.parentNode.insertBefore(js,fjs);}}(document, 'script', 'twitter-wjs');<\/script><\/li><li class=\"gplus\" style=\"width:68px\"><div class=\"g-plusone\" data-size=\"medium\" data-href=\"https:\/\/www.caritasne2.org.br\/site\/seminario-em-campina-grande-debate-tema-por-um-estado-servico-da-nacao\/\"><\/div><\/li><li class=\"ssb_linkedin\" style=\"width:64px\"><script src=\"\/\/platform.linkedin.com\/in.js\" type=\"text\/javascript\">lang: en_US<\/script><script type=\"IN\/Share\" data-url=\"https:\/\/www.caritasne2.org.br\/site\/seminario-em-campina-grande-debate-tema-por-um-estado-servico-da-nacao\/\" data-counter=\"right\"><\/script><\/li><\/ul>","protected":false},"excerpt":{"rendered":"<p>\u201cPor um Estado a Servi\u00e7o da Na\u00e7\u00e3o\u201d. Este foi\u00a0o tema\u00a0debatido no Semin\u00e1rio Regional que aconteceu na cidade de\u00a0Campina Grande (PB), em prepara\u00e7\u00e3o para a 5\u00aa Semana Social Brasileira. Promovido pelo Regional Nordeste 2 da CNBB, estiveram\u00a0presentes representantes das 21 dioceses do Regional, incluindo membros das pastorais sociais, ONGs e representantes da sociedade civil organizada. Dom Jos\u00e9 Lu\u00eds, bispo de Pesqueira (PE) e bispo referencial para [&hellip;]<\/p>\n<ul class=\"ssb_list_wrapper\"><li class=\"fb2\" style=\"width:135px\"><iframe src=\"\/\/www.facebook.com\/plugins\/like.php?href=https%3A%2F%2Fwww.caritasne2.org.br%2Fsite%2Fseminario-em-campina-grande-debate-tema-por-um-estado-servico-da-nacao%2F&amp;layout=button_count&amp;action=like&amp;show_faces=false&amp;share=true&amp;width=135&amp;height=21&amp;appId=307091639398582\" scrolling=\"no\" frameborder=\"0\" style=\"border:none; overflow:hidden;  width:150px; height:21px;\" allowTransparency=\"true\"><\/iframe><\/li><li class=\"twtr\" style=\"width:90px\"><a href=\"https:\/\/twitter.com\/share\" class=\"twitter-share-button\" data-url=\"https:\/\/www.caritasne2.org.br\/site\/seminario-em-campina-grande-debate-tema-por-um-estado-servico-da-nacao\/\">&nbsp;<\/a><script>!function(d,s,id){var js,fjs=d.getElementsByTagName(s)[0],p=\/^http:\/.test(d.location)?'http':'https';if(!d.getElementById(id)){js=d.createElement(s);js.id=id;js.src=p+':\/\/platform.twitter.com\/widgets.js';fjs.parentNode.insertBefore(js,fjs);}}(document, 'script', 'twitter-wjs');<\/script><\/li><li class=\"gplus\" style=\"width:68px\"><div class=\"g-plusone\" data-size=\"medium\" data-href=\"https:\/\/www.caritasne2.org.br\/site\/seminario-em-campina-grande-debate-tema-por-um-estado-servico-da-nacao\/\"><\/div><\/li><li class=\"ssb_linkedin\" style=\"width:64px\"><script src=\"\/\/platform.linkedin.com\/in.js\" type=\"text\/javascript\">lang: en_US<\/script><script type=\"IN\/Share\" data-url=\"https:\/\/www.caritasne2.org.br\/site\/seminario-em-campina-grande-debate-tema-por-um-estado-servico-da-nacao\/\" data-counter=\"right\"><\/script><\/li><\/ul>","protected":false},"author":4,"featured_media":1153,"comment_status":"open","ping_status":"open","sticky":false,"template":"","format":"standard","meta":[],"categories":[20],"tags":[251,252,67,253,254],"_links":{"self":[{"href":"https:\/\/www.caritasne2.org.br\/site\/wp-json\/wp\/v2\/posts\/1152"}],"collection":[{"href":"https:\/\/www.caritasne2.org.br\/site\/wp-json\/wp\/v2\/posts"}],"about":[{"href":"https:\/\/www.caritasne2.org.br\/site\/wp-json\/wp\/v2\/types\/post"}],"author":[{"embeddable":true,"href":"https:\/\/www.caritasne2.org.br\/site\/wp-json\/wp\/v2\/users\/4"}],"replies":[{"embeddable":true,"href":"https:\/\/www.caritasne2.org.br\/site\/wp-json\/wp\/v2\/comments?post=1152"}],"version-history":[{"count":0,"href":"https:\/\/www.caritasne2.org.br\/site\/wp-json\/wp\/v2\/posts\/1152\/revisions"}],"wp:featuredmedia":[{"embeddable":true,"href":"https:\/\/www.caritasne2.org.br\/site\/wp-json\/wp\/v2\/media\/1153"}],"wp:attachment":[{"href":"https:\/\/www.caritasne2.org.br\/site\/wp-json\/wp\/v2\/media?parent=1152"}],"wp:term":[{"taxonomy":"category","embeddable":true,"href":"https:\/\/www.caritasne2.org.br\/site\/wp-json\/wp\/v2\/categories?post=1152"},{"taxonomy":"post_tag","embeddable":true,"href":"https:\/\/www.caritasne2.org.br\/site\/wp-json\/wp\/v2\/tags?post=1152"}],"curies":[{"name":"wp","href":"https:\/\/api.w.org\/{rel}","templated":true}]}}