{"id":1144,"date":"2013-07-09T11:28:29","date_gmt":"2013-07-09T14:28:29","guid":{"rendered":"http:\/\/ne2.caritas.org.br.s174889.gridserver.com\/?p=1144"},"modified":"2017-07-11T15:24:00","modified_gmt":"2017-07-11T18:24:00","slug":"protagonismo-juvenil-jovens-contribuem-para-desenvolvimento-sustentavel-solidario","status":"publish","type":"post","link":"https:\/\/www.caritasne2.org.br\/site\/protagonismo-juvenil-jovens-contribuem-para-desenvolvimento-sustentavel-solidario\/","title":{"rendered":"Protagonismo Juvenil: Jovens contribuem para o Desenvolvimento Sustent\u00e1vel e Solid\u00e1rio"},"content":{"rendered":"<p style=\"text-align: justify;\">Com o intuito de tra\u00e7ar novos caminhos pela perman\u00eancia e conviv\u00eancia do homem e da mulher no semi\u00e1rido, o Projeto Ra\u00edzes contou com a participa\u00e7\u00e3o da juventude. Foram selecionados 18 jovens, filhos e filhas de agricultores e agricultoras, dedicados \u00e0 terra (agricultura) e a escola (educa\u00e7\u00e3o), criativos e sonhadores por natureza, os chamados Agente de Desenvolvimento Local (ADL), para contribuir com a constru\u00e7\u00e3o do novo modelo de desenvolvimento sustent\u00e1vel e solid\u00e1rio, atendendo as necessidades rurais.<\/p>\n<p style=\"text-align: justify;\">O jovem ADL \u00e9 um ator social capacitado para atuar no desenvolvimento local e no acompanhamento \u00e0s fam\u00edlias. Atrav\u00e9s do Projeto Ra\u00edzes, esses jovens s\u00e3o descobertos e revelam um potencial humano e social que integra as comunidades rurais. S\u00e3o pessoas abertas a novos aprendizados e sens\u00edveis aos desafios do campo.<\/p>\n<p style=\"text-align: justify;\">O munic\u00edpio de Cacimbas-PB, foi uma das cidades beneficiadas pela iniciativa do Projeto Ra\u00edzes. Naquela localidade, j\u00e1 existia uma organiza\u00e7\u00e3o chamada Central das Associa\u00e7\u00f5es Comunit\u00e1rias do Munic\u00edpio de Cacimbas e Regi\u00e3o (CAMEC), constitu\u00edda por 15 associa\u00e7\u00f5es, cujo objetivo \u00e9 articular e mobilizar as comunidades rurais e os agricultores e agricultoras para o fortalecimento da organiza\u00e7\u00e3o comunit\u00e1ria.<\/p>\n<p style=\"text-align: justify;\">O Projeto Ra\u00edzes fortaleceu e ampliou a diversidade de a\u00e7\u00f5es que a CAMEC j\u00e1 desenvolvia no munic\u00edpio. Entre estas, as diversas capacita\u00e7\u00f5es de produ\u00e7\u00e3o e gera\u00e7\u00e3o de renda, voltada para a valoriza\u00e7\u00e3o da produ\u00e7\u00e3o nos pequenos e diversos espa\u00e7os dos quintais e\/ou redor de casa: frutas, verduras org\u00e2nicas, plantas medicinais e cria\u00e7\u00e3o de pequenos animais.<\/p>\n<p style=\"text-align: justify;\"><a href=\"http:\/\/ne2.caritas.org.br.s174889.gridserver.com\/2013\/07\/09\/protagonismo-juvenil-jovens-contribuem-para-desenvolvimento-sustentavel-solidario\/materia-protagonismo-juvenil-1-2\/\" rel=\"attachment wp-att-1147\"><img decoding=\"async\" loading=\"lazy\" class=\"alignleft size-medium wp-image-1147\" title=\"Mat\u00e9ria Protagonismo Juvenil (1)\" src=\"http:\/\/ne2.caritas.org.br.s174889.gridserver.com\/wp-content\/uploads\/2013\/07\/Mat\u00e9ria-Protagonismo-Juvenil-11-300x200.jpg\" alt=\"\" width=\"300\" height=\"200\" srcset=\"https:\/\/www.caritasne2.org.br\/site\/wp-content\/uploads\/2013\/07\/Mat\u00e9ria-Protagonismo-Juvenil-11-300x200.jpg 300w, https:\/\/www.caritasne2.org.br\/site\/wp-content\/uploads\/2013\/07\/Mat\u00e9ria-Protagonismo-Juvenil-11.jpg 640w\" sizes=\"(max-width: 300px) 100vw, 300px\" \/><\/a>Al\u00e9m disso, houve uma maior participa\u00e7\u00e3o da juventude no associativismo e na organiza\u00e7\u00e3o comunit\u00e1ria, atrav\u00e9s dos agentes de desenvolvimento local do Projeto Ra\u00edzes. \u201cO protagonismo da juventude dentro do associativismo aqui no munic\u00edpio de Cacimbas trouxe resultados muito positivos\u201d, destacou Gilberto Nunes de Souza, presidente da CAMEC.<\/p>\n<p style=\"text-align: justify;\">Os resultados e impactos apresentados revelam o potencial do trabalho da Juventude: jovens abertos a aprendizagem e a troca de saberes; a ocupa\u00e7\u00e3o em espa\u00e7os pol\u00edticos, acesso as faculdades, novas perspectivas de trabalho. Eles se tornaram verdadeiros exemplos dentro da comunidade, mediante a forma\u00e7\u00e3o pol\u00edtica e capacidade de se organizarem para lutar por seus direitos, diminuindo assim o \u00eaxodo rural.<\/p>\n<p style=\"text-align: justify;\">O jovem Aldair dos Santos Gomes, 22 anos, \u00e9 ADL desde 2008. Para ele, a participa\u00e7\u00e3o no projeto proporcionou um crescimento pessoal e profissional. \u201cEu era um jovem totalmente alheio a toda esta discuss\u00e3o que se dava na comunidade, pois s\u00f3 estudava e n\u00e3o me sentia atra\u00eddo a participar dos debates\u201d, disse o agente, que hoje cursa licenciatura em Biologia. Ele tamb\u00e9m participa da coordena\u00e7\u00e3o do conselho municipal dos Fundos Rotativos Solid\u00e1rios, em Cacimbas; \u00e9 presidente do Conselho Municipal de Desenvolvimento Rural Sustent\u00e1vel e membro da Comiss\u00e3o Comunit\u00e1ria de Fundos Rotativos Solid\u00e1rios de Monteiro.<\/p>\n<p style=\"text-align: justify;\">\u00a0Como tudo que \u00e9 novo entusiasma e assusta os Agentes de Desenvolvimento Local (ADL) enfrentaram um pouco de dificuldades e grande resist\u00eancia das fam\u00edlias das comunidades, no in\u00edcio do projeto. A agente Claliane dos Santos Silva, 22 anos, explicou que a forma\u00e7\u00e3o foi um processo longo e aconteceu atrav\u00e9s de reuni\u00f5es e encontros nas associa\u00e7\u00f5es e visitas de interc\u00e2mbio. \u201cNo inicio a gente pra conseguir a credibilidade das fam\u00edlias, teve que mostrar trabalho, mostrar servi\u00e7o na constru\u00e7\u00e3o das cisternas, na organiza\u00e7\u00e3o dos quintais produtivos em que muitas fam\u00edlias foram beneficiadas\u201d, contou.<\/p>\n<p style=\"text-align: justify;\">Para apresentar a proposta do Projeto Ra\u00edzes, os agentes de desenvolvimento local usaram uma estrat\u00e9gia. \u201cN\u00f3s n\u00e3o fomos diretamente \u00e0s fam\u00edlias. Apresentamos primeiro, nas reuni\u00f5es mensais das centrais das associa\u00e7\u00f5es (CAMEC) do munic\u00edpio de Cacimbas, aonde se chegou a um consenso sobre a escolha das comunidades que seriam beneficiadas. Depois da sele\u00e7\u00e3o, n\u00f3s partimos em campo para identificar a aptid\u00e3o de cada fam\u00edlia, levando em considera\u00e7\u00e3o o que cada uma j\u00e1 fazia ou sabia fazer de melhor. Valorizamos o que a fam\u00edlia tinha vontade de fazer e produzir\u201d, explicou Claliane Silva, que hoje \u00e9 formada em Pedagogia e faz especializa\u00e7\u00e3o em Educa\u00e7\u00e3o Ambiental.<\/p>\n<p style=\"text-align: justify;\">No munic\u00edpio de Po\u00e7o Dantas-PB, a agente de desenvolvimento local Maria Aparecida, ajuda na articula\u00e7\u00e3o do projeto e conta que hoje em dia as pessoas da comunidade lhe v\u00eaem de forma diferente por acreditarem na proposta do Projeto Ra\u00edzes. \u201cElas me procuram para saber algumas informa\u00e7\u00f5es e projetos para a comunidade. Hoje, elas se tornaram pessoas que s\u00e3o muito receptivas e aderem bem a iniciativa\u201d, disse.<\/p>\n<p style=\"text-align: justify;\"><span style=\"text-decoration: underline;\"><strong>Experi\u00eancia: <\/strong><\/span>O Projeto Ra\u00edzes \u00e9 uma parceria da C\u00e1ritas com a Organiza\u00e7\u00e3o espanhola Manos Unidas e o Banco do Nordeste (BNB),\u00a0 e\u00a0tem como objetivo promover a melhoria das condi\u00e7\u00f5es de vida na regi\u00e3o\u00a0semi\u00e1rida, atrav\u00e9s da amplia\u00e7\u00e3o do acesso \u00e0 \u00e1gua e do aprimoramento dos modos de produ\u00e7\u00e3o agr\u00edcola, al\u00e9m do fortalecimento da organiza\u00e7\u00e3o social e da atua\u00e7\u00e3o\u00a0da popula\u00e7\u00e3o no controle das pol\u00edticas P\u00fablicas.<\/p>\n<p style=\"text-align: justify;\">\u00a0por Manuela Paix\u00e3o e Dan\u00fasia Dias | Jornalistas &#8211; Assessoria de Comunica\u00e7\u00e3o C\u00e1ritas NE2<\/p>\n<ul class=\"ssb_list_wrapper\"><li class=\"fb2\" style=\"width:135px\"><iframe src=\"\/\/www.facebook.com\/plugins\/like.php?href=https%3A%2F%2Fwww.caritasne2.org.br%2Fsite%2Fprotagonismo-juvenil-jovens-contribuem-para-desenvolvimento-sustentavel-solidario%2F&amp;layout=button_count&amp;action=like&amp;show_faces=false&amp;share=true&amp;width=135&amp;height=21&amp;appId=307091639398582\" scrolling=\"no\" frameborder=\"0\" style=\"border:none; overflow:hidden;  width:150px; height:21px;\" allowTransparency=\"true\"><\/iframe><\/li><li class=\"twtr\" style=\"width:90px\"><a href=\"https:\/\/twitter.com\/share\" class=\"twitter-share-button\" data-url=\"https:\/\/www.caritasne2.org.br\/site\/protagonismo-juvenil-jovens-contribuem-para-desenvolvimento-sustentavel-solidario\/\">&nbsp;<\/a><script>!function(d,s,id){var js,fjs=d.getElementsByTagName(s)[0],p=\/^http:\/.test(d.location)?'http':'https';if(!d.getElementById(id)){js=d.createElement(s);js.id=id;js.src=p+':\/\/platform.twitter.com\/widgets.js';fjs.parentNode.insertBefore(js,fjs);}}(document, 'script', 'twitter-wjs');<\/script><\/li><li class=\"gplus\" style=\"width:68px\"><div class=\"g-plusone\" data-size=\"medium\" data-href=\"https:\/\/www.caritasne2.org.br\/site\/protagonismo-juvenil-jovens-contribuem-para-desenvolvimento-sustentavel-solidario\/\"><\/div><\/li><li class=\"ssb_linkedin\" style=\"width:64px\"><script src=\"\/\/platform.linkedin.com\/in.js\" type=\"text\/javascript\">lang: en_US<\/script><script type=\"IN\/Share\" data-url=\"https:\/\/www.caritasne2.org.br\/site\/protagonismo-juvenil-jovens-contribuem-para-desenvolvimento-sustentavel-solidario\/\" data-counter=\"right\"><\/script><\/li><\/ul>","protected":false},"excerpt":{"rendered":"<p>Com o intuito de tra\u00e7ar novos caminhos pela perman\u00eancia e conviv\u00eancia do homem e da mulher no semi\u00e1rido, o Projeto Ra\u00edzes contou com a participa\u00e7\u00e3o da juventude. Foram selecionados 18 jovens, filhos e filhas de agricultores e agricultoras, dedicados \u00e0 terra (agricultura) e a escola (educa\u00e7\u00e3o), criativos e sonhadores por natureza, os chamados Agente de Desenvolvimento Local (ADL), para contribuir com a constru\u00e7\u00e3o do novo [&hellip;]<\/p>\n<ul class=\"ssb_list_wrapper\"><li class=\"fb2\" style=\"width:135px\"><iframe src=\"\/\/www.facebook.com\/plugins\/like.php?href=https%3A%2F%2Fwww.caritasne2.org.br%2Fsite%2Fprotagonismo-juvenil-jovens-contribuem-para-desenvolvimento-sustentavel-solidario%2F&amp;layout=button_count&amp;action=like&amp;show_faces=false&amp;share=true&amp;width=135&amp;height=21&amp;appId=307091639398582\" scrolling=\"no\" frameborder=\"0\" style=\"border:none; overflow:hidden;  width:150px; height:21px;\" allowTransparency=\"true\"><\/iframe><\/li><li class=\"twtr\" style=\"width:90px\"><a href=\"https:\/\/twitter.com\/share\" class=\"twitter-share-button\" data-url=\"https:\/\/www.caritasne2.org.br\/site\/protagonismo-juvenil-jovens-contribuem-para-desenvolvimento-sustentavel-solidario\/\">&nbsp;<\/a><script>!function(d,s,id){var js,fjs=d.getElementsByTagName(s)[0],p=\/^http:\/.test(d.location)?'http':'https';if(!d.getElementById(id)){js=d.createElement(s);js.id=id;js.src=p+':\/\/platform.twitter.com\/widgets.js';fjs.parentNode.insertBefore(js,fjs);}}(document, 'script', 'twitter-wjs');<\/script><\/li><li class=\"gplus\" style=\"width:68px\"><div class=\"g-plusone\" data-size=\"medium\" data-href=\"https:\/\/www.caritasne2.org.br\/site\/protagonismo-juvenil-jovens-contribuem-para-desenvolvimento-sustentavel-solidario\/\"><\/div><\/li><li class=\"ssb_linkedin\" style=\"width:64px\"><script src=\"\/\/platform.linkedin.com\/in.js\" type=\"text\/javascript\">lang: en_US<\/script><script type=\"IN\/Share\" data-url=\"https:\/\/www.caritasne2.org.br\/site\/protagonismo-juvenil-jovens-contribuem-para-desenvolvimento-sustentavel-solidario\/\" data-counter=\"right\"><\/script><\/li><\/ul>","protected":false},"author":4,"featured_media":1145,"comment_status":"open","ping_status":"open","sticky":false,"template":"","format":"standard","meta":[],"categories":[20,250],"tags":[247,67,85,249,108,130],"_links":{"self":[{"href":"https:\/\/www.caritasne2.org.br\/site\/wp-json\/wp\/v2\/posts\/1144"}],"collection":[{"href":"https:\/\/www.caritasne2.org.br\/site\/wp-json\/wp\/v2\/posts"}],"about":[{"href":"https:\/\/www.caritasne2.org.br\/site\/wp-json\/wp\/v2\/types\/post"}],"author":[{"embeddable":true,"href":"https:\/\/www.caritasne2.org.br\/site\/wp-json\/wp\/v2\/users\/4"}],"replies":[{"embeddable":true,"href":"https:\/\/www.caritasne2.org.br\/site\/wp-json\/wp\/v2\/comments?post=1144"}],"version-history":[{"count":0,"href":"https:\/\/www.caritasne2.org.br\/site\/wp-json\/wp\/v2\/posts\/1144\/revisions"}],"wp:featuredmedia":[{"embeddable":true,"href":"https:\/\/www.caritasne2.org.br\/site\/wp-json\/wp\/v2\/media\/1145"}],"wp:attachment":[{"href":"https:\/\/www.caritasne2.org.br\/site\/wp-json\/wp\/v2\/media?parent=1144"}],"wp:term":[{"taxonomy":"category","embeddable":true,"href":"https:\/\/www.caritasne2.org.br\/site\/wp-json\/wp\/v2\/categories?post=1144"},{"taxonomy":"post_tag","embeddable":true,"href":"https:\/\/www.caritasne2.org.br\/site\/wp-json\/wp\/v2\/tags?post=1144"}],"curies":[{"name":"wp","href":"https:\/\/api.w.org\/{rel}","templated":true}]}}