{"id":11413,"date":"2023-09-18T19:44:02","date_gmt":"2023-09-18T22:44:02","guid":{"rendered":"https:\/\/www.caritasne2.org.br\/site\/?p=11413"},"modified":"2023-09-18T19:46:54","modified_gmt":"2023-09-18T22:46:54","slug":"11413-2","status":"publish","type":"post","link":"https:\/\/www.caritasne2.org.br\/site\/11413-2\/","title":{"rendered":"C\u00e1ritas Brasileira NE2 celebra 22 anos de esperan\u00e7a, profetismo e resist\u00eancia"},"content":{"rendered":"<p style=\"text-align: justify;\">No dia 15 de setembro de 2023 a C\u00e1ritas Brasileira NE2 comemora os 22 anos de profetismo, resist\u00eancia, esperan\u00e7a , e solidariedade pelas pessoas em situa\u00e7\u00e3o de vulnerabilidade nos estados de atua\u00e7\u00e3o no nordeste s\u00e3o eles Alagoas, Para\u00edba, Pernambuco e Rio Grande do Norte.<\/p>\n<p style=\"text-align: justify;\">Nessas mais de duas d\u00e9cadas o Regional NE2 vem construindo na pr\u00e1tica uma \u00a0sociedade do Bem Viver, semeada atrav\u00e9s da defesa do Bem \u00a0Comum e da miss\u00e3o \u00a0que ao estender uma m\u00e3o, estruturas se movimentam e um novo mundo se constr\u00f3i.\u00a0 As causas dos pobres, a urg\u00eancia de olhar para o meio ambiente, \u00a0e afirmar o compromisso com a ecologia integral, movimenta a organiza\u00e7\u00e3o fundada por Dom Helder Camara em de novembro de 1956.<\/p>\n<p style=\"text-align: justify;\">A celebra\u00e7\u00e3o ocorreu na Igreja das Fronteiras, local onde o \u00a0Dom da Paz \u00a0viveu parte da sua vida, foi o local escolhido para missa de a\u00e7\u00e3o de gra\u00e7as. Celebrada pelo Bispo Referencial do Regional NE2, Dom Frei Manoel Delson e co-celebrada pelos padres Joatan Vitorino, presidente da C\u00e1ritas Arquidiocesana de Olinda e Recife, e Fabio Potiguar, p\u00e1roco da Igreja das Fronteiras.<\/p>\n<p style=\"text-align: justify;\">Tamb\u00e9m participaram agentes C\u00e1ritas, volunt\u00e1rios, e entidades parceiras que fizeram e fazem parte da hist\u00f3ria e caminhada ao longo desses 22 anos da Rede NE2.<\/p>\n<p style=\"text-align: justify;\">Para Jos\u00e9 Matias, volunt\u00e1rio da C\u00e1ritas Diocesana de Penedo, \u201cparticipar de um momento como esse \u00e9 sentir a presen\u00e7a de Deus em cada gesto, ato e abra\u00e7o do irm\u00e3o. Ao longo dos 22 anos a C\u00e1ritas Regional Nordeste 2 construiu \u00a0sua hist\u00f3ria, pautada nos desafios, conquistas e reconstru\u00e7\u00e3o, mas \u00a0agora o tempo \u00e9 de novas coisas e de colheita. \u00a0Colheita de novos rumos, novos desafios e \u00a0com certeza de novas conquistas\u201d, comentou.<\/p>\n<p>&nbsp;<\/p>\n<p><img decoding=\"async\" loading=\"lazy\" class=\" wp-image-11420 aligncenter\" src=\"https:\/\/www.caritasne2.org.br\/site\/wp-content\/uploads\/2023\/09\/WhatsApp-Image-2023-09-18-at-16.29.52-225x300.jpeg\" alt=\"\" width=\"293\" height=\"391\" srcset=\"https:\/\/www.caritasne2.org.br\/site\/wp-content\/uploads\/2023\/09\/WhatsApp-Image-2023-09-18-at-16.29.52-225x300.jpeg 225w, https:\/\/www.caritasne2.org.br\/site\/wp-content\/uploads\/2023\/09\/WhatsApp-Image-2023-09-18-at-16.29.52-768x1024.jpeg 768w, https:\/\/www.caritasne2.org.br\/site\/wp-content\/uploads\/2023\/09\/WhatsApp-Image-2023-09-18-at-16.29.52-1152x1536.jpeg 1152w, https:\/\/www.caritasne2.org.br\/site\/wp-content\/uploads\/2023\/09\/WhatsApp-Image-2023-09-18-at-16.29.52.jpeg 1200w\" sizes=\"(max-width: 293px) 100vw, 293px\" \/><\/p>\n<p><img decoding=\"async\" loading=\"lazy\" class=\" wp-image-11419 aligncenter\" src=\"https:\/\/www.caritasne2.org.br\/site\/wp-content\/uploads\/2023\/09\/WhatsApp-Image-2023-09-18-at-16.29.52-3-225x300.jpeg\" alt=\"\" width=\"296\" height=\"395\" srcset=\"https:\/\/www.caritasne2.org.br\/site\/wp-content\/uploads\/2023\/09\/WhatsApp-Image-2023-09-18-at-16.29.52-3-225x300.jpeg 225w, https:\/\/www.caritasne2.org.br\/site\/wp-content\/uploads\/2023\/09\/WhatsApp-Image-2023-09-18-at-16.29.52-3-768x1024.jpeg 768w, https:\/\/www.caritasne2.org.br\/site\/wp-content\/uploads\/2023\/09\/WhatsApp-Image-2023-09-18-at-16.29.52-3-1152x1536.jpeg 1152w, https:\/\/www.caritasne2.org.br\/site\/wp-content\/uploads\/2023\/09\/WhatsApp-Image-2023-09-18-at-16.29.52-3.jpeg 1200w\" sizes=\"(max-width: 296px) 100vw, 296px\" \/><\/p>\n<p><img decoding=\"async\" loading=\"lazy\" class=\" wp-image-11417 aligncenter\" src=\"https:\/\/www.caritasne2.org.br\/site\/wp-content\/uploads\/2023\/09\/WhatsApp-Image-2023-09-18-at-16.29.52-1-225x300.jpeg\" alt=\"\" width=\"283\" height=\"377\" srcset=\"https:\/\/www.caritasne2.org.br\/site\/wp-content\/uploads\/2023\/09\/WhatsApp-Image-2023-09-18-at-16.29.52-1-225x300.jpeg 225w, https:\/\/www.caritasne2.org.br\/site\/wp-content\/uploads\/2023\/09\/WhatsApp-Image-2023-09-18-at-16.29.52-1-768x1024.jpeg 768w, https:\/\/www.caritasne2.org.br\/site\/wp-content\/uploads\/2023\/09\/WhatsApp-Image-2023-09-18-at-16.29.52-1-1152x1536.jpeg 1152w, https:\/\/www.caritasne2.org.br\/site\/wp-content\/uploads\/2023\/09\/WhatsApp-Image-2023-09-18-at-16.29.52-1.jpeg 1200w\" sizes=\"(max-width: 283px) 100vw, 283px\" \/><\/p>\n<p><img decoding=\"async\" loading=\"lazy\" class=\" wp-image-11416 aligncenter\" src=\"https:\/\/www.caritasne2.org.br\/site\/wp-content\/uploads\/2023\/09\/WhatsApp-Image-2023-09-18-at-16.29.51-225x300.jpeg\" alt=\"\" width=\"284\" height=\"379\" srcset=\"https:\/\/www.caritasne2.org.br\/site\/wp-content\/uploads\/2023\/09\/WhatsApp-Image-2023-09-18-at-16.29.51-225x300.jpeg 225w, https:\/\/www.caritasne2.org.br\/site\/wp-content\/uploads\/2023\/09\/WhatsApp-Image-2023-09-18-at-16.29.51-768x1024.jpeg 768w, https:\/\/www.caritasne2.org.br\/site\/wp-content\/uploads\/2023\/09\/WhatsApp-Image-2023-09-18-at-16.29.51-1152x1536.jpeg 1152w, https:\/\/www.caritasne2.org.br\/site\/wp-content\/uploads\/2023\/09\/WhatsApp-Image-2023-09-18-at-16.29.51.jpeg 1200w\" sizes=\"(max-width: 284px) 100vw, 284px\" \/><\/p>\n<p><img decoding=\"async\" loading=\"lazy\" class=\" wp-image-11414 aligncenter\" src=\"https:\/\/www.caritasne2.org.br\/site\/wp-content\/uploads\/2023\/09\/WhatsApp-Image-2023-09-18-at-16.29.51-1-300x225.jpeg\" alt=\"\" width=\"364\" height=\"273\" srcset=\"https:\/\/www.caritasne2.org.br\/site\/wp-content\/uploads\/2023\/09\/WhatsApp-Image-2023-09-18-at-16.29.51-1-300x225.jpeg 300w, https:\/\/www.caritasne2.org.br\/site\/wp-content\/uploads\/2023\/09\/WhatsApp-Image-2023-09-18-at-16.29.51-1-1024x768.jpeg 1024w, https:\/\/www.caritasne2.org.br\/site\/wp-content\/uploads\/2023\/09\/WhatsApp-Image-2023-09-18-at-16.29.51-1-768x576.jpeg 768w, https:\/\/www.caritasne2.org.br\/site\/wp-content\/uploads\/2023\/09\/WhatsApp-Image-2023-09-18-at-16.29.51-1-1536x1152.jpeg 1536w, https:\/\/www.caritasne2.org.br\/site\/wp-content\/uploads\/2023\/09\/WhatsApp-Image-2023-09-18-at-16.29.51-1.jpeg 1600w\" sizes=\"(max-width: 364px) 100vw, 364px\" \/><\/p>\n<p>&nbsp;<\/p>\n<p style=\"text-align: justify;\">\n<ul class=\"ssb_list_wrapper\"><li class=\"fb2\" style=\"width:135px\"><iframe src=\"\/\/www.facebook.com\/plugins\/like.php?href=https%3A%2F%2Fwww.caritasne2.org.br%2Fsite%2F11413-2%2F&amp;layout=button_count&amp;action=like&amp;show_faces=false&amp;share=true&amp;width=135&amp;height=21&amp;appId=307091639398582\" scrolling=\"no\" frameborder=\"0\" style=\"border:none; overflow:hidden;  width:150px; height:21px;\" allowTransparency=\"true\"><\/iframe><\/li><li class=\"twtr\" style=\"width:90px\"><a href=\"https:\/\/twitter.com\/share\" class=\"twitter-share-button\" data-url=\"https:\/\/www.caritasne2.org.br\/site\/11413-2\/\">&nbsp;<\/a><script>!function(d,s,id){var js,fjs=d.getElementsByTagName(s)[0],p=\/^http:\/.test(d.location)?'http':'https';if(!d.getElementById(id)){js=d.createElement(s);js.id=id;js.src=p+':\/\/platform.twitter.com\/widgets.js';fjs.parentNode.insertBefore(js,fjs);}}(document, 'script', 'twitter-wjs');<\/script><\/li><li class=\"gplus\" style=\"width:68px\"><div class=\"g-plusone\" data-size=\"medium\" data-href=\"https:\/\/www.caritasne2.org.br\/site\/11413-2\/\"><\/div><\/li><li class=\"ssb_linkedin\" style=\"width:64px\"><script src=\"\/\/platform.linkedin.com\/in.js\" type=\"text\/javascript\">lang: en_US<\/script><script type=\"IN\/Share\" data-url=\"https:\/\/www.caritasne2.org.br\/site\/11413-2\/\" data-counter=\"right\"><\/script><\/li><\/ul>","protected":false},"excerpt":{"rendered":"<p>No dia 15 de setembro de 2023 a C\u00e1ritas Brasileira NE2 comemora os 22 anos de profetismo, resist\u00eancia, esperan\u00e7a , e solidariedade pelas pessoas em situa\u00e7\u00e3o de vulnerabilidade nos estados de atua\u00e7\u00e3o no nordeste s\u00e3o eles Alagoas, Para\u00edba, Pernambuco e Rio Grande do Norte. Nessas mais de duas d\u00e9cadas o Regional NE2 vem construindo na pr\u00e1tica uma \u00a0sociedade do Bem Viver, semeada atrav\u00e9s da defesa [&hellip;]<\/p>\n<ul class=\"ssb_list_wrapper\"><li class=\"fb2\" style=\"width:135px\"><iframe src=\"\/\/www.facebook.com\/plugins\/like.php?href=https%3A%2F%2Fwww.caritasne2.org.br%2Fsite%2F11413-2%2F&amp;layout=button_count&amp;action=like&amp;show_faces=false&amp;share=true&amp;width=135&amp;height=21&amp;appId=307091639398582\" scrolling=\"no\" frameborder=\"0\" style=\"border:none; overflow:hidden;  width:150px; height:21px;\" allowTransparency=\"true\"><\/iframe><\/li><li class=\"twtr\" style=\"width:90px\"><a href=\"https:\/\/twitter.com\/share\" class=\"twitter-share-button\" data-url=\"https:\/\/www.caritasne2.org.br\/site\/11413-2\/\">&nbsp;<\/a><script>!function(d,s,id){var js,fjs=d.getElementsByTagName(s)[0],p=\/^http:\/.test(d.location)?'http':'https';if(!d.getElementById(id)){js=d.createElement(s);js.id=id;js.src=p+':\/\/platform.twitter.com\/widgets.js';fjs.parentNode.insertBefore(js,fjs);}}(document, 'script', 'twitter-wjs');<\/script><\/li><li class=\"gplus\" style=\"width:68px\"><div class=\"g-plusone\" data-size=\"medium\" data-href=\"https:\/\/www.caritasne2.org.br\/site\/11413-2\/\"><\/div><\/li><li class=\"ssb_linkedin\" style=\"width:64px\"><script src=\"\/\/platform.linkedin.com\/in.js\" type=\"text\/javascript\">lang: en_US<\/script><script type=\"IN\/Share\" data-url=\"https:\/\/www.caritasne2.org.br\/site\/11413-2\/\" data-counter=\"right\"><\/script><\/li><\/ul>","protected":false},"author":4,"featured_media":11421,"comment_status":"open","ping_status":"open","sticky":false,"template":"","format":"standard","meta":[],"categories":[21,20,466,259],"tags":[],"_links":{"self":[{"href":"https:\/\/www.caritasne2.org.br\/site\/wp-json\/wp\/v2\/posts\/11413"}],"collection":[{"href":"https:\/\/www.caritasne2.org.br\/site\/wp-json\/wp\/v2\/posts"}],"about":[{"href":"https:\/\/www.caritasne2.org.br\/site\/wp-json\/wp\/v2\/types\/post"}],"author":[{"embeddable":true,"href":"https:\/\/www.caritasne2.org.br\/site\/wp-json\/wp\/v2\/users\/4"}],"replies":[{"embeddable":true,"href":"https:\/\/www.caritasne2.org.br\/site\/wp-json\/wp\/v2\/comments?post=11413"}],"version-history":[{"count":3,"href":"https:\/\/www.caritasne2.org.br\/site\/wp-json\/wp\/v2\/posts\/11413\/revisions"}],"predecessor-version":[{"id":11424,"href":"https:\/\/www.caritasne2.org.br\/site\/wp-json\/wp\/v2\/posts\/11413\/revisions\/11424"}],"wp:featuredmedia":[{"embeddable":true,"href":"https:\/\/www.caritasne2.org.br\/site\/wp-json\/wp\/v2\/media\/11421"}],"wp:attachment":[{"href":"https:\/\/www.caritasne2.org.br\/site\/wp-json\/wp\/v2\/media?parent=11413"}],"wp:term":[{"taxonomy":"category","embeddable":true,"href":"https:\/\/www.caritasne2.org.br\/site\/wp-json\/wp\/v2\/categories?post=11413"},{"taxonomy":"post_tag","embeddable":true,"href":"https:\/\/www.caritasne2.org.br\/site\/wp-json\/wp\/v2\/tags?post=11413"}],"curies":[{"name":"wp","href":"https:\/\/api.w.org\/{rel}","templated":true}]}}