{"id":1134,"date":"2013-07-09T09:37:02","date_gmt":"2013-07-09T12:37:02","guid":{"rendered":"http:\/\/ne2.caritas.org.br.s174889.gridserver.com\/?p=1134"},"modified":"2017-07-11T15:24:00","modified_gmt":"2017-07-11T18:24:00","slug":"caritas-diocesana-de-pesqueira-marca-presenca-na-oficina-de-mobilizacao-de-recursos-da-caritas-brasileira","status":"publish","type":"post","link":"https:\/\/www.caritasne2.org.br\/site\/caritas-diocesana-de-pesqueira-marca-presenca-na-oficina-de-mobilizacao-de-recursos-da-caritas-brasileira\/","title":{"rendered":"C\u00e1ritas Diocesana de Pesqueira marca presen\u00e7a na Oficina de Mobiliza\u00e7\u00e3o de Recursos da C\u00e1ritas Brasileira"},"content":{"rendered":"<p style=\"text-align: justify;\">Dia 07 de julho, a C\u00e1ritas Diocesana de Pesqueira esteve na Oficina de Mobiliza\u00e7\u00e3o de Recursos com a publicit\u00e1ria Renata Costa, da C\u00e1ritas Brasileira em Bras\u00edlia. Representaram a C\u00e1ritas Diocesana de Pesqueira Neilda Pereira, coordenadora geral da C\u00e1ritas Diocesana de Pesqueira, Magna Pollyanna, gerente administrativo e Adriana Leal, comunicadora popular. O evento aconteceu em Olinda, na sede do Conselho da Pastoral dos Pescadores. O objetivo da oficina foi ampliar a vis\u00e3o sobre a capta\u00e7\u00e3o de recursos para projetos sociais.<\/p>\n<p style=\"text-align: justify;\">Al\u00e9m da C\u00e1ritas Diocesana de Pesqueira, diversas outras C\u00e1ritas marcaram presen\u00e7a na oficina, tais como as C\u00e1ritas Diocesana de Caic\u00f3, Natal, Mossor\u00f3, Garanhuns, Macei\u00f3, Palmeira dos \u00cdndios, Arapiraca, Penedo e Caruaru, que somatizou 30 pessoas.<\/p>\n<p style=\"text-align: justify;\">A parte da mobiliza\u00e7\u00e3o foi colocada no evento n\u00e3o apenas como capta\u00e7\u00e3o de recursos financeiros, mas a concilia\u00e7\u00e3o de interesses. \u201cA \u00e1rea social faz parte do interesse de qualquer empresa nos dias de hoje\u201d, disse Renata, enfatizando a quest\u00e3o da responsabilidade social nas organiza\u00e7\u00f5es da atualidade, que \u00e9 mais uma ferramenta de marketing das grandes empresas para divulgar uma imagem favor\u00e1vel aos clientes e fornecedores.<\/p>\n<p style=\"text-align: justify;\">O investimento na rede de pessoas foi colocado como uma rica e diversa fonte de oportunidade, onde esta foi vista como essencial \u00e0 entrada de financiamento na institui\u00e7\u00e3o. \u201cA rede de contatos \u00e9 a sobreviv\u00eancia da mobiliza\u00e7\u00e3o de recursos\u201d, declarou Renata, que informou ainda que antes de mobilizar poss\u00edveis colaboradores \u00e9 importante investir em recursos internos, como a imagem da organiza\u00e7\u00e3o dentro do seu espa\u00e7o e requisitos externos, como a comunica\u00e7\u00e3o e parcerias.<\/p>\n<p style=\"text-align: justify;\">A publicit\u00e1ria Renata ainda citou como importante ferramenta de marketing o uso da internet com pesquisa no Google sobre estrat\u00e9gias de organiza\u00e7\u00f5es afins, leitura de livros e revistas especializadas, recebimento de newsletter especializados para amplia\u00e7\u00e3o do conhecimento da capta\u00e7\u00e3o de recursos em ONGs. \u201cA pesquisa \u00e9 o fio da meada da criatividade\u201d, afirmou Renata.<\/p>\n<p style=\"text-align: justify;\">Ainda foram abordadas diversas ideias de capta\u00e7\u00e3o de recursos como caixas para dep\u00f3sito de moedas em pontos comerciais, coopera\u00e7\u00e3o internacional, convites \u00e0 parceria em faturas de supermercado, rela\u00e7\u00e3o pr\u00f3xima com os ve\u00edculos de comunica\u00e7\u00e3o. \u201cEsteja atento aos temas de destaque na m\u00eddia; ofere\u00e7a servi\u00e7os gratuitos \u00e0 comunidade e paute a m\u00eddia\u201d, completou Renata, mostrando mais uma estrat\u00e9gia de sucesso para atrair a m\u00eddia.<\/p>\n<p style=\"text-align: justify;\">por Adriana Leal | Comunicadora Popular da Diocese de Pesqueira\/C\u00e1ritas\u00a0Diocesana<\/p>\n<ul class=\"ssb_list_wrapper\"><li class=\"fb2\" style=\"width:135px\"><iframe src=\"\/\/www.facebook.com\/plugins\/like.php?href=https%3A%2F%2Fwww.caritasne2.org.br%2Fsite%2Fcaritas-diocesana-de-pesqueira-marca-presenca-na-oficina-de-mobilizacao-de-recursos-da-caritas-brasileira%2F&amp;layout=button_count&amp;action=like&amp;show_faces=false&amp;share=true&amp;width=135&amp;height=21&amp;appId=307091639398582\" scrolling=\"no\" frameborder=\"0\" style=\"border:none; overflow:hidden;  width:150px; height:21px;\" allowTransparency=\"true\"><\/iframe><\/li><li class=\"twtr\" style=\"width:90px\"><a href=\"https:\/\/twitter.com\/share\" class=\"twitter-share-button\" data-url=\"https:\/\/www.caritasne2.org.br\/site\/caritas-diocesana-de-pesqueira-marca-presenca-na-oficina-de-mobilizacao-de-recursos-da-caritas-brasileira\/\">&nbsp;<\/a><script>!function(d,s,id){var js,fjs=d.getElementsByTagName(s)[0],p=\/^http:\/.test(d.location)?'http':'https';if(!d.getElementById(id)){js=d.createElement(s);js.id=id;js.src=p+':\/\/platform.twitter.com\/widgets.js';fjs.parentNode.insertBefore(js,fjs);}}(document, 'script', 'twitter-wjs');<\/script><\/li><li class=\"gplus\" style=\"width:68px\"><div class=\"g-plusone\" data-size=\"medium\" data-href=\"https:\/\/www.caritasne2.org.br\/site\/caritas-diocesana-de-pesqueira-marca-presenca-na-oficina-de-mobilizacao-de-recursos-da-caritas-brasileira\/\"><\/div><\/li><li class=\"ssb_linkedin\" style=\"width:64px\"><script src=\"\/\/platform.linkedin.com\/in.js\" type=\"text\/javascript\">lang: en_US<\/script><script type=\"IN\/Share\" data-url=\"https:\/\/www.caritasne2.org.br\/site\/caritas-diocesana-de-pesqueira-marca-presenca-na-oficina-de-mobilizacao-de-recursos-da-caritas-brasileira\/\" data-counter=\"right\"><\/script><\/li><\/ul>","protected":false},"excerpt":{"rendered":"<p>Dia 07 de julho, a C\u00e1ritas Diocesana de Pesqueira esteve na Oficina de Mobiliza\u00e7\u00e3o de Recursos com a publicit\u00e1ria Renata Costa, da C\u00e1ritas Brasileira em Bras\u00edlia. Representaram a C\u00e1ritas Diocesana de Pesqueira Neilda Pereira, coordenadora geral da C\u00e1ritas Diocesana de Pesqueira, Magna Pollyanna, gerente administrativo e Adriana Leal, comunicadora popular. O evento aconteceu em Olinda, na sede do Conselho da Pastoral dos Pescadores. O objetivo [&hellip;]<\/p>\n<ul class=\"ssb_list_wrapper\"><li class=\"fb2\" style=\"width:135px\"><iframe src=\"\/\/www.facebook.com\/plugins\/like.php?href=https%3A%2F%2Fwww.caritasne2.org.br%2Fsite%2Fcaritas-diocesana-de-pesqueira-marca-presenca-na-oficina-de-mobilizacao-de-recursos-da-caritas-brasileira%2F&amp;layout=button_count&amp;action=like&amp;show_faces=false&amp;share=true&amp;width=135&amp;height=21&amp;appId=307091639398582\" scrolling=\"no\" frameborder=\"0\" style=\"border:none; overflow:hidden;  width:150px; height:21px;\" allowTransparency=\"true\"><\/iframe><\/li><li class=\"twtr\" style=\"width:90px\"><a href=\"https:\/\/twitter.com\/share\" class=\"twitter-share-button\" data-url=\"https:\/\/www.caritasne2.org.br\/site\/caritas-diocesana-de-pesqueira-marca-presenca-na-oficina-de-mobilizacao-de-recursos-da-caritas-brasileira\/\">&nbsp;<\/a><script>!function(d,s,id){var js,fjs=d.getElementsByTagName(s)[0],p=\/^http:\/.test(d.location)?'http':'https';if(!d.getElementById(id)){js=d.createElement(s);js.id=id;js.src=p+':\/\/platform.twitter.com\/widgets.js';fjs.parentNode.insertBefore(js,fjs);}}(document, 'script', 'twitter-wjs');<\/script><\/li><li class=\"gplus\" style=\"width:68px\"><div class=\"g-plusone\" data-size=\"medium\" data-href=\"https:\/\/www.caritasne2.org.br\/site\/caritas-diocesana-de-pesqueira-marca-presenca-na-oficina-de-mobilizacao-de-recursos-da-caritas-brasileira\/\"><\/div><\/li><li class=\"ssb_linkedin\" style=\"width:64px\"><script src=\"\/\/platform.linkedin.com\/in.js\" type=\"text\/javascript\">lang: en_US<\/script><script type=\"IN\/Share\" data-url=\"https:\/\/www.caritasne2.org.br\/site\/caritas-diocesana-de-pesqueira-marca-presenca-na-oficina-de-mobilizacao-de-recursos-da-caritas-brasileira\/\" data-counter=\"right\"><\/script><\/li><\/ul>","protected":false},"author":4,"featured_media":1135,"comment_status":"open","ping_status":"open","sticky":false,"template":"","format":"standard","meta":[],"categories":[20],"tags":[67,243,244],"_links":{"self":[{"href":"https:\/\/www.caritasne2.org.br\/site\/wp-json\/wp\/v2\/posts\/1134"}],"collection":[{"href":"https:\/\/www.caritasne2.org.br\/site\/wp-json\/wp\/v2\/posts"}],"about":[{"href":"https:\/\/www.caritasne2.org.br\/site\/wp-json\/wp\/v2\/types\/post"}],"author":[{"embeddable":true,"href":"https:\/\/www.caritasne2.org.br\/site\/wp-json\/wp\/v2\/users\/4"}],"replies":[{"embeddable":true,"href":"https:\/\/www.caritasne2.org.br\/site\/wp-json\/wp\/v2\/comments?post=1134"}],"version-history":[{"count":0,"href":"https:\/\/www.caritasne2.org.br\/site\/wp-json\/wp\/v2\/posts\/1134\/revisions"}],"wp:featuredmedia":[{"embeddable":true,"href":"https:\/\/www.caritasne2.org.br\/site\/wp-json\/wp\/v2\/media\/1135"}],"wp:attachment":[{"href":"https:\/\/www.caritasne2.org.br\/site\/wp-json\/wp\/v2\/media?parent=1134"}],"wp:term":[{"taxonomy":"category","embeddable":true,"href":"https:\/\/www.caritasne2.org.br\/site\/wp-json\/wp\/v2\/categories?post=1134"},{"taxonomy":"post_tag","embeddable":true,"href":"https:\/\/www.caritasne2.org.br\/site\/wp-json\/wp\/v2\/tags?post=1134"}],"curies":[{"name":"wp","href":"https:\/\/api.w.org\/{rel}","templated":true}]}}