{"id":11217,"date":"2023-08-01T10:51:09","date_gmt":"2023-08-01T13:51:09","guid":{"rendered":"https:\/\/www.caritasne2.org.br\/site\/?p=11217"},"modified":"2023-09-07T15:22:52","modified_gmt":"2023-09-07T18:22:52","slug":"familias-afetadas-pelas-fortes-chuvas-em-alagoas-comecam-a-recebem-cestas-de-alimentos-e-kits-de-higiene-e-limpeza","status":"publish","type":"post","link":"https:\/\/www.caritasne2.org.br\/site\/familias-afetadas-pelas-fortes-chuvas-em-alagoas-comecam-a-recebem-cestas-de-alimentos-e-kits-de-higiene-e-limpeza\/","title":{"rendered":"Fam\u00edlias afetadas pelas fortes chuvas em Alagoas come\u00e7am a receber cestas de alimentos e kits de higiene e limpeza"},"content":{"rendered":"<p style=\"text-align: center;\"><em>A iniciativa faz parte de uma parceria da C\u00e1ritas Brasileira NE2 e Funda\u00e7\u00e3o do Banco do Brasil (FBB)<\/em><\/p>\n<p>As fortes chuvas deram uma \u201ctr\u00e9gua\u201d, mas a situa\u00e7\u00e3o vulner\u00e1vel das fam\u00edlias afetadas pelas enchentes em Pernambuco e Alagoas no m\u00eas de junho ainda s\u00e3o vis\u00edveis no dia a dia. Centenas de destro\u00e7os e lama fazem parte da casa e ruas das comunidades que fazem as fam\u00edlias conviverem com a incerteza de uma resolu\u00e7\u00e3o para seu problema.<\/p>\n<p>Buscando mitigar essa situa\u00e7\u00e3o, a A\u00e7\u00e3o Humanit\u00e1ria Enchentes em Alagoas e Pernambuco foi criada. A iniciativa \u00e9 uma parceria da C\u00e1ritas Brasileira NE2 e Funda\u00e7\u00e3o Banco do Brasil (FBB) e ir\u00e1 contemplar ao todo mais de 3 mil fam\u00edlias com cestas de alimentos e kits de higiene e limpeza. As entregas est\u00e3o sendo feitas a partir de uma for\u00e7a tarefa nas par\u00f3quias da regi\u00e3o da Arquidiocese de Macei\u00f3, com a ajuda da C\u00e1ritas Arquidiocesana de Macei\u00f3 e volunt\u00e1rios\/as.<\/p>\n<p>Ao todo, 10 munic\u00edpios em situa\u00e7\u00e3o de maior vulnerabilidade ser\u00e3o contemplados pela a\u00e7\u00e3o, sendo eles: Macei\u00f3, Rio Largo, Murici, Branquinha, Matriz de Camaragibe, S\u00e3o Luiz do Quitunde, Atalaia, Jacu\u00edpe, Joaquim Gomes e Passos de Camaragibe.<\/p>\n<p><img decoding=\"async\" loading=\"lazy\" class=\" wp-image-11218 aligncenter\" src=\"https:\/\/www.caritasne2.org.br\/site\/wp-content\/uploads\/2023\/08\/WhatsApp-Image-2023-07-31-at-12.39.20-300x225.jpeg\" alt=\"\" width=\"397\" height=\"298\" srcset=\"https:\/\/www.caritasne2.org.br\/site\/wp-content\/uploads\/2023\/08\/WhatsApp-Image-2023-07-31-at-12.39.20-300x225.jpeg 300w, https:\/\/www.caritasne2.org.br\/site\/wp-content\/uploads\/2023\/08\/WhatsApp-Image-2023-07-31-at-12.39.20-1024x768.jpeg 1024w, https:\/\/www.caritasne2.org.br\/site\/wp-content\/uploads\/2023\/08\/WhatsApp-Image-2023-07-31-at-12.39.20-768x576.jpeg 768w, https:\/\/www.caritasne2.org.br\/site\/wp-content\/uploads\/2023\/08\/WhatsApp-Image-2023-07-31-at-12.39.20-1536x1152.jpeg 1536w, https:\/\/www.caritasne2.org.br\/site\/wp-content\/uploads\/2023\/08\/WhatsApp-Image-2023-07-31-at-12.39.20.jpeg 1600w\" sizes=\"(max-width: 397px) 100vw, 397px\" \/><\/p>\n<p><img decoding=\"async\" loading=\"lazy\" class=\"wp-image-11219 aligncenter\" src=\"https:\/\/www.caritasne2.org.br\/site\/wp-content\/uploads\/2023\/08\/WhatsApp-Image-2023-07-31-at-12.39.18-300x225.jpeg\" alt=\"\" width=\"389\" height=\"292\" srcset=\"https:\/\/www.caritasne2.org.br\/site\/wp-content\/uploads\/2023\/08\/WhatsApp-Image-2023-07-31-at-12.39.18-300x225.jpeg 300w, https:\/\/www.caritasne2.org.br\/site\/wp-content\/uploads\/2023\/08\/WhatsApp-Image-2023-07-31-at-12.39.18-1024x768.jpeg 1024w, https:\/\/www.caritasne2.org.br\/site\/wp-content\/uploads\/2023\/08\/WhatsApp-Image-2023-07-31-at-12.39.18-768x576.jpeg 768w, https:\/\/www.caritasne2.org.br\/site\/wp-content\/uploads\/2023\/08\/WhatsApp-Image-2023-07-31-at-12.39.18-1536x1152.jpeg 1536w, https:\/\/www.caritasne2.org.br\/site\/wp-content\/uploads\/2023\/08\/WhatsApp-Image-2023-07-31-at-12.39.18.jpeg 1600w\" sizes=\"(max-width: 389px) 100vw, 389px\" \/><\/p>\n<p><img decoding=\"async\" loading=\"lazy\" class=\" wp-image-11220 aligncenter\" src=\"https:\/\/www.caritasne2.org.br\/site\/wp-content\/uploads\/2023\/08\/WhatsApp-Image-2023-07-31-at-12.39.16-2-300x225.jpeg\" alt=\"\" width=\"384\" height=\"288\" srcset=\"https:\/\/www.caritasne2.org.br\/site\/wp-content\/uploads\/2023\/08\/WhatsApp-Image-2023-07-31-at-12.39.16-2-300x225.jpeg 300w, https:\/\/www.caritasne2.org.br\/site\/wp-content\/uploads\/2023\/08\/WhatsApp-Image-2023-07-31-at-12.39.16-2-1024x768.jpeg 1024w, https:\/\/www.caritasne2.org.br\/site\/wp-content\/uploads\/2023\/08\/WhatsApp-Image-2023-07-31-at-12.39.16-2-768x576.jpeg 768w, https:\/\/www.caritasne2.org.br\/site\/wp-content\/uploads\/2023\/08\/WhatsApp-Image-2023-07-31-at-12.39.16-2-1536x1152.jpeg 1536w, https:\/\/www.caritasne2.org.br\/site\/wp-content\/uploads\/2023\/08\/WhatsApp-Image-2023-07-31-at-12.39.16-2.jpeg 1600w\" sizes=\"(max-width: 384px) 100vw, 384px\" \/><\/p>\n<p><img decoding=\"async\" loading=\"lazy\" class=\" wp-image-11221 aligncenter\" src=\"https:\/\/www.caritasne2.org.br\/site\/wp-content\/uploads\/2023\/08\/WhatsApp-Image-2023-07-31-at-12.39.15-300x225.jpeg\" alt=\"\" width=\"394\" height=\"295\" srcset=\"https:\/\/www.caritasne2.org.br\/site\/wp-content\/uploads\/2023\/08\/WhatsApp-Image-2023-07-31-at-12.39.15-300x225.jpeg 300w, https:\/\/www.caritasne2.org.br\/site\/wp-content\/uploads\/2023\/08\/WhatsApp-Image-2023-07-31-at-12.39.15-1024x768.jpeg 1024w, https:\/\/www.caritasne2.org.br\/site\/wp-content\/uploads\/2023\/08\/WhatsApp-Image-2023-07-31-at-12.39.15-768x576.jpeg 768w, https:\/\/www.caritasne2.org.br\/site\/wp-content\/uploads\/2023\/08\/WhatsApp-Image-2023-07-31-at-12.39.15-1536x1152.jpeg 1536w, https:\/\/www.caritasne2.org.br\/site\/wp-content\/uploads\/2023\/08\/WhatsApp-Image-2023-07-31-at-12.39.15.jpeg 1600w\" sizes=\"(max-width: 394px) 100vw, 394px\" \/><\/p>\n<p>&#x1f4f8;Fotos: entrega na Par\u00f3quia S\u00e3o Jos\u00e9 Oper\u00e1rio- Fern\u00e3o Velho- Macei\u00f3<\/p>\n<ul class=\"ssb_list_wrapper\"><li class=\"fb2\" style=\"width:135px\"><iframe src=\"\/\/www.facebook.com\/plugins\/like.php?href=https%3A%2F%2Fwww.caritasne2.org.br%2Fsite%2Ffamilias-afetadas-pelas-fortes-chuvas-em-alagoas-comecam-a-recebem-cestas-de-alimentos-e-kits-de-higiene-e-limpeza%2F&amp;layout=button_count&amp;action=like&amp;show_faces=false&amp;share=true&amp;width=135&amp;height=21&amp;appId=307091639398582\" scrolling=\"no\" frameborder=\"0\" style=\"border:none; overflow:hidden;  width:150px; height:21px;\" allowTransparency=\"true\"><\/iframe><\/li><li class=\"twtr\" style=\"width:90px\"><a href=\"https:\/\/twitter.com\/share\" class=\"twitter-share-button\" data-url=\"https:\/\/www.caritasne2.org.br\/site\/familias-afetadas-pelas-fortes-chuvas-em-alagoas-comecam-a-recebem-cestas-de-alimentos-e-kits-de-higiene-e-limpeza\/\">&nbsp;<\/a><script>!function(d,s,id){var js,fjs=d.getElementsByTagName(s)[0],p=\/^http:\/.test(d.location)?'http':'https';if(!d.getElementById(id)){js=d.createElement(s);js.id=id;js.src=p+':\/\/platform.twitter.com\/widgets.js';fjs.parentNode.insertBefore(js,fjs);}}(document, 'script', 'twitter-wjs');<\/script><\/li><li class=\"gplus\" style=\"width:68px\"><div class=\"g-plusone\" data-size=\"medium\" data-href=\"https:\/\/www.caritasne2.org.br\/site\/familias-afetadas-pelas-fortes-chuvas-em-alagoas-comecam-a-recebem-cestas-de-alimentos-e-kits-de-higiene-e-limpeza\/\"><\/div><\/li><li class=\"ssb_linkedin\" style=\"width:64px\"><script src=\"\/\/platform.linkedin.com\/in.js\" type=\"text\/javascript\">lang: en_US<\/script><script type=\"IN\/Share\" data-url=\"https:\/\/www.caritasne2.org.br\/site\/familias-afetadas-pelas-fortes-chuvas-em-alagoas-comecam-a-recebem-cestas-de-alimentos-e-kits-de-higiene-e-limpeza\/\" data-counter=\"right\"><\/script><\/li><\/ul>","protected":false},"excerpt":{"rendered":"<p>A iniciativa faz parte de uma parceria da C\u00e1ritas Brasileira NE2 e Funda\u00e7\u00e3o do Banco do Brasil (FBB) As fortes chuvas deram uma \u201ctr\u00e9gua\u201d, mas a situa\u00e7\u00e3o vulner\u00e1vel das fam\u00edlias afetadas pelas enchentes em Pernambuco e Alagoas no m\u00eas de junho ainda s\u00e3o vis\u00edveis no dia a dia. Centenas de destro\u00e7os e lama fazem parte da casa e ruas das comunidades que fazem as fam\u00edlias [&hellip;]<\/p>\n<ul class=\"ssb_list_wrapper\"><li class=\"fb2\" style=\"width:135px\"><iframe src=\"\/\/www.facebook.com\/plugins\/like.php?href=https%3A%2F%2Fwww.caritasne2.org.br%2Fsite%2Ffamilias-afetadas-pelas-fortes-chuvas-em-alagoas-comecam-a-recebem-cestas-de-alimentos-e-kits-de-higiene-e-limpeza%2F&amp;layout=button_count&amp;action=like&amp;show_faces=false&amp;share=true&amp;width=135&amp;height=21&amp;appId=307091639398582\" scrolling=\"no\" frameborder=\"0\" style=\"border:none; overflow:hidden;  width:150px; height:21px;\" allowTransparency=\"true\"><\/iframe><\/li><li class=\"twtr\" style=\"width:90px\"><a href=\"https:\/\/twitter.com\/share\" class=\"twitter-share-button\" data-url=\"https:\/\/www.caritasne2.org.br\/site\/familias-afetadas-pelas-fortes-chuvas-em-alagoas-comecam-a-recebem-cestas-de-alimentos-e-kits-de-higiene-e-limpeza\/\">&nbsp;<\/a><script>!function(d,s,id){var js,fjs=d.getElementsByTagName(s)[0],p=\/^http:\/.test(d.location)?'http':'https';if(!d.getElementById(id)){js=d.createElement(s);js.id=id;js.src=p+':\/\/platform.twitter.com\/widgets.js';fjs.parentNode.insertBefore(js,fjs);}}(document, 'script', 'twitter-wjs');<\/script><\/li><li class=\"gplus\" style=\"width:68px\"><div class=\"g-plusone\" data-size=\"medium\" data-href=\"https:\/\/www.caritasne2.org.br\/site\/familias-afetadas-pelas-fortes-chuvas-em-alagoas-comecam-a-recebem-cestas-de-alimentos-e-kits-de-higiene-e-limpeza\/\"><\/div><\/li><li class=\"ssb_linkedin\" style=\"width:64px\"><script src=\"\/\/platform.linkedin.com\/in.js\" type=\"text\/javascript\">lang: en_US<\/script><script type=\"IN\/Share\" data-url=\"https:\/\/www.caritasne2.org.br\/site\/familias-afetadas-pelas-fortes-chuvas-em-alagoas-comecam-a-recebem-cestas-de-alimentos-e-kits-de-higiene-e-limpeza\/\" data-counter=\"right\"><\/script><\/li><\/ul>","protected":false},"author":4,"featured_media":11223,"comment_status":"open","ping_status":"open","sticky":false,"template":"","format":"standard","meta":[],"categories":[21,20],"tags":[],"_links":{"self":[{"href":"https:\/\/www.caritasne2.org.br\/site\/wp-json\/wp\/v2\/posts\/11217"}],"collection":[{"href":"https:\/\/www.caritasne2.org.br\/site\/wp-json\/wp\/v2\/posts"}],"about":[{"href":"https:\/\/www.caritasne2.org.br\/site\/wp-json\/wp\/v2\/types\/post"}],"author":[{"embeddable":true,"href":"https:\/\/www.caritasne2.org.br\/site\/wp-json\/wp\/v2\/users\/4"}],"replies":[{"embeddable":true,"href":"https:\/\/www.caritasne2.org.br\/site\/wp-json\/wp\/v2\/comments?post=11217"}],"version-history":[{"count":5,"href":"https:\/\/www.caritasne2.org.br\/site\/wp-json\/wp\/v2\/posts\/11217\/revisions"}],"predecessor-version":[{"id":11400,"href":"https:\/\/www.caritasne2.org.br\/site\/wp-json\/wp\/v2\/posts\/11217\/revisions\/11400"}],"wp:featuredmedia":[{"embeddable":true,"href":"https:\/\/www.caritasne2.org.br\/site\/wp-json\/wp\/v2\/media\/11223"}],"wp:attachment":[{"href":"https:\/\/www.caritasne2.org.br\/site\/wp-json\/wp\/v2\/media?parent=11217"}],"wp:term":[{"taxonomy":"category","embeddable":true,"href":"https:\/\/www.caritasne2.org.br\/site\/wp-json\/wp\/v2\/categories?post=11217"},{"taxonomy":"post_tag","embeddable":true,"href":"https:\/\/www.caritasne2.org.br\/site\/wp-json\/wp\/v2\/tags?post=11217"}],"curies":[{"name":"wp","href":"https:\/\/api.w.org\/{rel}","templated":true}]}}