{"id":11198,"date":"2023-07-25T16:10:35","date_gmt":"2023-07-25T19:10:35","guid":{"rendered":"https:\/\/www.caritasne2.org.br\/site\/?p=11198"},"modified":"2023-07-25T16:10:35","modified_gmt":"2023-07-25T19:10:35","slug":"caritas-ne2-promove-formacao-para-agentes-e-agricultores-as-sobre-lei-dos-organicos-em-pesqueira","status":"publish","type":"post","link":"https:\/\/www.caritasne2.org.br\/site\/caritas-ne2-promove-formacao-para-agentes-e-agricultores-as-sobre-lei-dos-organicos-em-pesqueira\/","title":{"rendered":"C\u00e1ritas NE2 promove forma\u00e7\u00e3o para agentes e agricultores (as) sobre Lei dos Org\u00e2nicos, em Pesqueira"},"content":{"rendered":"<p>Com o intuito de apresentar a legisla\u00e7\u00e3o brasileira de adequa\u00e7\u00e3o \u00e0s conformidades da agricultura org\u00e2nica e apoiar no planejamento para a transi\u00e7\u00e3o agroecol\u00f3gica de Unidades Produtivas, entre os dias 14 e 15 de julho, agentes C\u00e1ritas do Regional NE2 realizaram uma forma\u00e7\u00e3o sobre a Lei dos Org\u00e2nicos, no Semin\u00e1rio S\u00e3o Jos\u00e9, em Pesqueira. Participaram da forma\u00e7\u00e3o agentes da C\u00e1ritas Diocesana de Garanhuns, Afogados de Ingazeira, Pesqueira, Nazar\u00e9 da Mata e Olinda, al\u00e9m de agricultores (as) e organiza\u00e7\u00f5es parceiras do territ\u00f3rio.<\/p>\n<p>O momento teve in\u00edcio com a m\u00edstica, seguida da forma\u00e7\u00e3o com o facilitador Paulo Santana, da Comiss\u00e3o da Produ\u00e7\u00e3o Org\u00e2nica no Estado de Pernambuco (CPOrg\/PE), que contextualizou sobre o Sistema Brasileiro de Avalia\u00e7\u00e3o das Conformidades da Agricultura Org\u00e2nica. Dentro da tem\u00e1tica foi discutido os par\u00e2metros de quem \u00e9 agricultor (a) familiar no Brasil e as condi\u00e7\u00f5es para acessar as pol\u00edticas p\u00fablicas de adequa\u00e7\u00e3o \u00e0s conformidades da agricultura org\u00e2nica. A condu\u00e7\u00e3o do momento teve exemplos pr\u00e1ticos e com intera\u00e7\u00f5es com os presentes.<\/p>\n<p>\u201cAchei muito interessante o curso. J\u00e1 tinha conhecimento da certifica\u00e7\u00e3o de org\u00e2nico, mas a forma\u00e7\u00e3o ajudou ainda mais a constru\u00edmos a Pol\u00edtica de Agroecologia de Afogados da Ingazeira. O debate trouxe essa reflex\u00e3o e a possibilidade de levarmos a\u00e7\u00f5es nesta dire\u00e7\u00e3o de adequa\u00e7\u00e3o \u00e0s conformidades org\u00e2nicas\u201d, afirmou o agricultor Jose Elison Leite.<\/p>\n<p><img decoding=\"async\" loading=\"lazy\" class=\" wp-image-11201 aligncenter\" src=\"https:\/\/www.caritasne2.org.br\/site\/wp-content\/uploads\/2023\/07\/WhatsApp-Image-2023-07-15-at-13.39.23-300x225.jpeg\" alt=\"\" width=\"479\" height=\"359\" srcset=\"https:\/\/www.caritasne2.org.br\/site\/wp-content\/uploads\/2023\/07\/WhatsApp-Image-2023-07-15-at-13.39.23-300x225.jpeg 300w, https:\/\/www.caritasne2.org.br\/site\/wp-content\/uploads\/2023\/07\/WhatsApp-Image-2023-07-15-at-13.39.23-1024x769.jpeg 1024w, https:\/\/www.caritasne2.org.br\/site\/wp-content\/uploads\/2023\/07\/WhatsApp-Image-2023-07-15-at-13.39.23-768x577.jpeg 768w, https:\/\/www.caritasne2.org.br\/site\/wp-content\/uploads\/2023\/07\/WhatsApp-Image-2023-07-15-at-13.39.23.jpeg 1280w\" sizes=\"(max-width: 479px) 100vw, 479px\" \/><\/p>\n<p>Ainda dentro da forma\u00e7\u00e3o, houve interc\u00e2mbio com uma visita ao S\u00edtio Pag\u00e3o, em Sanhar\u00f3, onde foram discutidos alguns crit\u00e9rios de como contribuir com o processo de transi\u00e7\u00e3o agroecol\u00f3gica de uma unidade produtiva familiar em termos de produ\u00e7\u00e3o org\u00e2nica de base agroecol\u00f3gica.<\/p>\n<p><img decoding=\"async\" loading=\"lazy\" class=\" wp-image-11200 aligncenter\" src=\"https:\/\/www.caritasne2.org.br\/site\/wp-content\/uploads\/2023\/07\/WhatsApp-Image-2023-07-15-at-13.39.23-1-300x225.jpeg\" alt=\"\" width=\"500\" height=\"375\" srcset=\"https:\/\/www.caritasne2.org.br\/site\/wp-content\/uploads\/2023\/07\/WhatsApp-Image-2023-07-15-at-13.39.23-1-300x225.jpeg 300w, https:\/\/www.caritasne2.org.br\/site\/wp-content\/uploads\/2023\/07\/WhatsApp-Image-2023-07-15-at-13.39.23-1-1024x769.jpeg 1024w, https:\/\/www.caritasne2.org.br\/site\/wp-content\/uploads\/2023\/07\/WhatsApp-Image-2023-07-15-at-13.39.23-1-768x577.jpeg 768w, https:\/\/www.caritasne2.org.br\/site\/wp-content\/uploads\/2023\/07\/WhatsApp-Image-2023-07-15-at-13.39.23-1.jpeg 1156w\" sizes=\"(max-width: 500px) 100vw, 500px\" \/><\/p>\n<p>Ao final, todos os presentes estavam bem agradecidos pela forma\u00e7\u00e3o porque ajudou a esclarecer e conhecer mais sobre a Lei dos Org\u00e2nicos. \u201cO curso foi uma oportunidade de semeadura em construir caminhos. A C\u00e1ritas tem um papel de fato, assim como fez com as estrat\u00e9gias de levar as cisternas e a seguran\u00e7a alimentar as fam\u00edlias\u201d, avaliou o agente C\u00e1ritas Diocesana de Pesqueira, Itamar de Carvalho.<\/p>\n<ul class=\"ssb_list_wrapper\"><li class=\"fb2\" style=\"width:135px\"><iframe src=\"\/\/www.facebook.com\/plugins\/like.php?href=https%3A%2F%2Fwww.caritasne2.org.br%2Fsite%2Fcaritas-ne2-promove-formacao-para-agentes-e-agricultores-as-sobre-lei-dos-organicos-em-pesqueira%2F&amp;layout=button_count&amp;action=like&amp;show_faces=false&amp;share=true&amp;width=135&amp;height=21&amp;appId=307091639398582\" scrolling=\"no\" frameborder=\"0\" style=\"border:none; overflow:hidden;  width:150px; height:21px;\" allowTransparency=\"true\"><\/iframe><\/li><li class=\"twtr\" style=\"width:90px\"><a href=\"https:\/\/twitter.com\/share\" class=\"twitter-share-button\" data-url=\"https:\/\/www.caritasne2.org.br\/site\/caritas-ne2-promove-formacao-para-agentes-e-agricultores-as-sobre-lei-dos-organicos-em-pesqueira\/\">&nbsp;<\/a><script>!function(d,s,id){var js,fjs=d.getElementsByTagName(s)[0],p=\/^http:\/.test(d.location)?'http':'https';if(!d.getElementById(id)){js=d.createElement(s);js.id=id;js.src=p+':\/\/platform.twitter.com\/widgets.js';fjs.parentNode.insertBefore(js,fjs);}}(document, 'script', 'twitter-wjs');<\/script><\/li><li class=\"gplus\" style=\"width:68px\"><div class=\"g-plusone\" data-size=\"medium\" data-href=\"https:\/\/www.caritasne2.org.br\/site\/caritas-ne2-promove-formacao-para-agentes-e-agricultores-as-sobre-lei-dos-organicos-em-pesqueira\/\"><\/div><\/li><li class=\"ssb_linkedin\" style=\"width:64px\"><script src=\"\/\/platform.linkedin.com\/in.js\" type=\"text\/javascript\">lang: en_US<\/script><script type=\"IN\/Share\" data-url=\"https:\/\/www.caritasne2.org.br\/site\/caritas-ne2-promove-formacao-para-agentes-e-agricultores-as-sobre-lei-dos-organicos-em-pesqueira\/\" data-counter=\"right\"><\/script><\/li><\/ul>","protected":false},"excerpt":{"rendered":"<p>Com o intuito de apresentar a legisla\u00e7\u00e3o brasileira de adequa\u00e7\u00e3o \u00e0s conformidades da agricultura org\u00e2nica e apoiar no planejamento para a transi\u00e7\u00e3o agroecol\u00f3gica de Unidades Produtivas, entre os dias 14 e 15 de julho, agentes C\u00e1ritas do Regional NE2 realizaram uma forma\u00e7\u00e3o sobre a Lei dos Org\u00e2nicos, no Semin\u00e1rio S\u00e3o Jos\u00e9, em Pesqueira. Participaram da forma\u00e7\u00e3o agentes da C\u00e1ritas Diocesana de Garanhuns, Afogados de Ingazeira, [&hellip;]<\/p>\n<ul class=\"ssb_list_wrapper\"><li class=\"fb2\" style=\"width:135px\"><iframe src=\"\/\/www.facebook.com\/plugins\/like.php?href=https%3A%2F%2Fwww.caritasne2.org.br%2Fsite%2Fcaritas-ne2-promove-formacao-para-agentes-e-agricultores-as-sobre-lei-dos-organicos-em-pesqueira%2F&amp;layout=button_count&amp;action=like&amp;show_faces=false&amp;share=true&amp;width=135&amp;height=21&amp;appId=307091639398582\" scrolling=\"no\" frameborder=\"0\" style=\"border:none; overflow:hidden;  width:150px; height:21px;\" allowTransparency=\"true\"><\/iframe><\/li><li class=\"twtr\" style=\"width:90px\"><a href=\"https:\/\/twitter.com\/share\" class=\"twitter-share-button\" data-url=\"https:\/\/www.caritasne2.org.br\/site\/caritas-ne2-promove-formacao-para-agentes-e-agricultores-as-sobre-lei-dos-organicos-em-pesqueira\/\">&nbsp;<\/a><script>!function(d,s,id){var js,fjs=d.getElementsByTagName(s)[0],p=\/^http:\/.test(d.location)?'http':'https';if(!d.getElementById(id)){js=d.createElement(s);js.id=id;js.src=p+':\/\/platform.twitter.com\/widgets.js';fjs.parentNode.insertBefore(js,fjs);}}(document, 'script', 'twitter-wjs');<\/script><\/li><li class=\"gplus\" style=\"width:68px\"><div class=\"g-plusone\" data-size=\"medium\" data-href=\"https:\/\/www.caritasne2.org.br\/site\/caritas-ne2-promove-formacao-para-agentes-e-agricultores-as-sobre-lei-dos-organicos-em-pesqueira\/\"><\/div><\/li><li class=\"ssb_linkedin\" style=\"width:64px\"><script src=\"\/\/platform.linkedin.com\/in.js\" type=\"text\/javascript\">lang: en_US<\/script><script type=\"IN\/Share\" data-url=\"https:\/\/www.caritasne2.org.br\/site\/caritas-ne2-promove-formacao-para-agentes-e-agricultores-as-sobre-lei-dos-organicos-em-pesqueira\/\" data-counter=\"right\"><\/script><\/li><\/ul>","protected":false},"author":4,"featured_media":11199,"comment_status":"open","ping_status":"open","sticky":false,"template":"","format":"standard","meta":[],"categories":[21,20],"tags":[],"_links":{"self":[{"href":"https:\/\/www.caritasne2.org.br\/site\/wp-json\/wp\/v2\/posts\/11198"}],"collection":[{"href":"https:\/\/www.caritasne2.org.br\/site\/wp-json\/wp\/v2\/posts"}],"about":[{"href":"https:\/\/www.caritasne2.org.br\/site\/wp-json\/wp\/v2\/types\/post"}],"author":[{"embeddable":true,"href":"https:\/\/www.caritasne2.org.br\/site\/wp-json\/wp\/v2\/users\/4"}],"replies":[{"embeddable":true,"href":"https:\/\/www.caritasne2.org.br\/site\/wp-json\/wp\/v2\/comments?post=11198"}],"version-history":[{"count":2,"href":"https:\/\/www.caritasne2.org.br\/site\/wp-json\/wp\/v2\/posts\/11198\/revisions"}],"predecessor-version":[{"id":11203,"href":"https:\/\/www.caritasne2.org.br\/site\/wp-json\/wp\/v2\/posts\/11198\/revisions\/11203"}],"wp:featuredmedia":[{"embeddable":true,"href":"https:\/\/www.caritasne2.org.br\/site\/wp-json\/wp\/v2\/media\/11199"}],"wp:attachment":[{"href":"https:\/\/www.caritasne2.org.br\/site\/wp-json\/wp\/v2\/media?parent=11198"}],"wp:term":[{"taxonomy":"category","embeddable":true,"href":"https:\/\/www.caritasne2.org.br\/site\/wp-json\/wp\/v2\/categories?post=11198"},{"taxonomy":"post_tag","embeddable":true,"href":"https:\/\/www.caritasne2.org.br\/site\/wp-json\/wp\/v2\/tags?post=11198"}],"curies":[{"name":"wp","href":"https:\/\/api.w.org\/{rel}","templated":true}]}}