{"id":11197,"date":"2023-07-25T16:47:37","date_gmt":"2023-07-25T19:47:37","guid":{"rendered":"https:\/\/www.caritasne2.org.br\/site\/?p=11197"},"modified":"2023-07-25T16:47:37","modified_gmt":"2023-07-25T19:47:37","slug":"seminario-de-transicao-energetica-promove-discussao-sobre-impactos-de-megaprojetos-e-geracao-de-energia-renovaveis","status":"publish","type":"post","link":"https:\/\/www.caritasne2.org.br\/site\/seminario-de-transicao-energetica-promove-discussao-sobre-impactos-de-megaprojetos-e-geracao-de-energia-renovaveis\/","title":{"rendered":"Semin\u00e1rio de Transi\u00e7\u00e3o Energ\u00e9tica promove discuss\u00e3o sobre impactos de megaprojetos e gera\u00e7\u00e3o de energia renov\u00e1veis"},"content":{"rendered":"<p>As grandes transforma\u00e7\u00f5es n\u00e3o s\u00e3o constru\u00eddas \u00e0 escrivaninha ou no escrit\u00f3rio. Por isso, \u201ccada qual desempenha um papel fundamental, num \u00fanico projeto criado, para escrever uma nova p\u00e1gina da hist\u00f3ria, uma p\u00e1gina cheia de esperan\u00e7a, cheia de paz, cheia de reconcilia\u00e7\u00e3o\u201d. Existe uma \u00abarquitetura\u00bb da paz, na qual interv\u00eam as v\u00e1rias institui\u00e7\u00f5es da sociedade, cada uma dentro de sua compet\u00eancia, mas h\u00e1 tamb\u00e9m um \u00abartesanato\u00bb da paz que nos envolve a todos.\u00a0\u00a0Papa Francisco \u2013 Fratelli Tutti.<\/p>\n<p>Essa arquitetura da paz a qual o Papa nos convida a refletir em sua enc\u00edclica demonstra perfeitamente o sentimento de partilha e comunh\u00e3o vivenciado no Semin\u00e1rio Transi\u00e7\u00e3o Energ\u00e9tica Justa e Inclusiva para constru\u00e7\u00e3o de uma sociedade do Bem Viver que aconteceu dos dias 19 a 21 de junho, no Centro Diocesano de Patos, na Para\u00edba.<\/p>\n<p>A abertura do evento foi marcada pela visita \u00e0 usina solar do Bem Viver I, no munic\u00edpio de Matur\u00e9ia. Cerca de 30 agentes C\u00e1ritas dos quatro estados acompanhados pela C\u00e1ritas Brasileira NE2 \u2013 CBNE2 conheceram experi\u00eancias de tecnologias sociais e\u00a0de uma cooperativa solar que contempla 22 pessoas da regi\u00e3o coordenada pelo\u00a0Comit\u00ea de Energia Renov\u00e1vel CERSA. Os cooperados\/as tem direito a uma parte da energia gerada pela usina abatendo assim o valor da conta de luz.<\/p>\n<p>\u201cO local tem uma import\u00e2ncia muito significativa, ele \u00e9 a materializa\u00e7\u00e3o de uma ideia de partilha de experi\u00eancias coletivas e alternativa sustent\u00e1vel para o futuro\u201d, declara Jos\u00e9 de Anchieta, coordenador do comit\u00ea de energia renov\u00e1vel do semin\u00e1rio da Para\u00edba. O momento aconteceu no\u00a0Centro de Educa\u00e7\u00e3o e Forma\u00e7\u00e3o Social \u2013 CEPFS,\u00a0no in\u00edcio da visita foi realizada a apresenta\u00e7\u00e3o institucional que exibiu algumas das a\u00e7\u00f5es desenvolvidas no territ\u00f3rio, sobretudo com a constru\u00e7\u00e3o de tecnologias sociais de baixo custo para oportunizar acesso \u00e0 \u00e1gua \u00e0s pessoas do Semi\u00e1rido e Sert\u00e3o na Para\u00edba.<\/p>\n<p>As atividades do segundo dia do Semin\u00e1rio tiveram in\u00edcio na parte da manh\u00e3, com o primeiro painel : Transi\u00e7\u00e3o Energ\u00e9tica e os impactos socioambientais de megaprojetos que contou com a participa\u00e7\u00e3o de Yanara Pessoa Leal (advogada) e Manoel Vidal (Engenheiro Ambiental) &#8211; Membros da Comiss\u00e3o de An\u00e1lise e estudos de Impacto Ambiental (CAEIA) da Superintend\u00eancia de Administra\u00e7\u00e3o do Meio Ambiente (SUDEMA)\u00a0\u00a0respectivamente, Van\u00fabia Martins de Oliveira ,Comiss\u00e3o Pastoral da Terra (CPT) e o Prof. Heitor Scalambrini \u2013 f\u00edsico e professor aposentado da Universidade Federal de Pernambuco (UFPE).<\/p>\n<p>Entre as falas dos painelistas e coloca\u00e7\u00f5es dos participantes foi destacado o modelo de energia descentralizada como uma op\u00e7\u00e3o de futuro para mitigar os impactos socioambientais de implementa\u00e7\u00e3o de megaprojetos. \u201cExiste\u00a0uma corrida por investimentos: cada vez que o capital entra em crise, ele corre para a terra. A gente transforma tudo em coisa, e vende, o que sustenta essa narrativa desenvolvimentista. A perpetua\u00e7\u00e3o da concentra\u00e7\u00e3o de renda e poder nas m\u00e3os de poucos refor\u00e7a a captura pol\u00edtica do poder, diminui a for\u00e7a dos arcabou\u00e7os legais e a financeiriza\u00e7\u00e3o da terra\u201d, destaca Van\u00fabia.<\/p>\n<p>No momento da tarde foi apresentado o painel \u201cAtua\u00e7\u00e3o da sociedade civil e sistema de justi\u00e7a frente \u00e0s viola\u00e7\u00f5es de direitos nas comunidades atingidas por megaprojetos de gera\u00e7\u00e3o de energia\u201d, que contou com a participa\u00e7\u00e3o do Procurador Regional da Rep\u00fablica, Jos\u00e9 Godoy, o Defensor P\u00fablico da Uni\u00e3o,\u00a0Edson J\u00falio\u00a0e o representante do Centro de A\u00e7\u00e3o Cultural (CENTRAC), Claudionor Vital Pereira.<\/p>\n<p>Durante as falas foi destacado o abuso das empresas nas entrelinhas dos contratos de arrendamento, que muitas vezes rezam uma renova\u00e7\u00e3o autom\u00e1tica de 20, 30 anos ou mais. \u00a0\u201cO custo da energia el\u00e9trica \u00e9 alt\u00edssimo, com monop\u00f3lios dados a empresas privadas, que n\u00e3o tem compromisso com o povo brasileiro, mas apenas com o lucro. Qual agricultor\/a tem condi\u00e7\u00f5es ter um motor bomba em sua propriedade e consegue pagar a conta de energia? Os juros no Brasil s\u00e3o alt\u00edssimos e cumprem o objetivo de dar lucros exorbitantes aos bancos. Todos esses elementos s\u00e3o entraves para que se tenha uma transi\u00e7\u00e3o energ\u00e9tica justa e inclusiva\u201d, destacou o promotor Godoy.<\/p>\n<p>Na hora de abertura para falas, os agricultores\/as presentes tamb\u00e9m tiveram voz e se colocaram diante das situa\u00e7\u00f5es vivenciadas em seus territ\u00f3rios. \u00a0&#8220;At\u00e9 quando essas fam\u00edlias v\u00e3o conviver com essa situa\u00e7\u00e3o, abandonando seus s\u00edtios, suas casas e propriedades por causa dos aerogeradores. Eu mesmo fui um dos afetados e tive que abandonar meu s\u00edtio, minha propriedade. Hoje em dia eu sou um visitante no meu s\u00edtio, que se encontra abandonado por ter uma torre e\u00f3lica h\u00e1 poucos metros em cima da casa\u201d, relata o agricultor Sim\u00e3o Salgado, do munic\u00edpio de Caet\u00e9s, Pernambuco.<\/p>\n<p>No \u00faltimo dia de exposi\u00e7\u00e3o dos pain\u00e9is, o tema trazido pelo bispo da Diocese de Cajazeiras,\u00a0Dom Francisco de Sales, foi a transi\u00e7\u00e3o energ\u00e9tica e a Casa Comum.\u00a0 Ele destacou a defesa na substitui\u00e7\u00e3o das\u00a0matrizes de petr\u00f3leo, carv\u00e3o e g\u00e1s por matrizes de energias renov\u00e1veis, menos danosas ou recorrendo a solu\u00e7\u00f5es transit\u00f3rias.\u00a0\u201cNa comunidade internacional nas \u00faltimas d\u00e9cadas, as quest\u00f5es ambientais deram origem a um amplo debate p\u00fablico. Um passo de um ponto de inflex\u00e3o que n\u00e3o se pode mais retornar. Um apelo do Papa para que todos possam responder a esse chamado com a\u00e7\u00f5es urgentes e incisivas. Que a nossa gera\u00e7\u00e3o assuma as responsabilidades com o presente e com o futuro. O Papa nos convida para encarar a quest\u00e3o ambiental unida a um conjunto de a\u00e7\u00f5es e naquilo que chama de ecologia integral. Que mundo queremos deixar como heran\u00e7a para os filhos dessa gera\u00e7\u00e3o?\u201d, finalizou o Bispo.<\/p>\n<p>O evento concluiu com uma celebra\u00e7\u00e3o eucar\u00edstica, onde todos em comunh\u00e3o agradeceram as trocas durante os dias e encaminhamentos.<\/p>\n<p><img decoding=\"async\" loading=\"lazy\" class=\"alignnone  wp-image-11205\" src=\"https:\/\/www.caritasne2.org.br\/site\/wp-content\/uploads\/2023\/07\/IMG_9715-300x200.jpg\" alt=\"\" width=\"462\" height=\"308\" srcset=\"https:\/\/www.caritasne2.org.br\/site\/wp-content\/uploads\/2023\/07\/IMG_9715-300x200.jpg 300w, https:\/\/www.caritasne2.org.br\/site\/wp-content\/uploads\/2023\/07\/IMG_9715-1024x683.jpg 1024w, https:\/\/www.caritasne2.org.br\/site\/wp-content\/uploads\/2023\/07\/IMG_9715-768x512.jpg 768w, https:\/\/www.caritasne2.org.br\/site\/wp-content\/uploads\/2023\/07\/IMG_9715-1536x1024.jpg 1536w, https:\/\/www.caritasne2.org.br\/site\/wp-content\/uploads\/2023\/07\/IMG_9715-2048x1365.jpg 2048w\" sizes=\"(max-width: 462px) 100vw, 462px\" \/><\/p>\n<p><img decoding=\"async\" loading=\"lazy\" class=\"alignnone  wp-image-11206\" src=\"https:\/\/www.caritasne2.org.br\/site\/wp-content\/uploads\/2023\/07\/IMG_9763-300x200.jpg\" alt=\"\" width=\"458\" height=\"305\" srcset=\"https:\/\/www.caritasne2.org.br\/site\/wp-content\/uploads\/2023\/07\/IMG_9763-300x200.jpg 300w, https:\/\/www.caritasne2.org.br\/site\/wp-content\/uploads\/2023\/07\/IMG_9763-1024x683.jpg 1024w, https:\/\/www.caritasne2.org.br\/site\/wp-content\/uploads\/2023\/07\/IMG_9763-768x512.jpg 768w, https:\/\/www.caritasne2.org.br\/site\/wp-content\/uploads\/2023\/07\/IMG_9763-1536x1024.jpg 1536w, https:\/\/www.caritasne2.org.br\/site\/wp-content\/uploads\/2023\/07\/IMG_9763-2048x1365.jpg 2048w\" sizes=\"(max-width: 458px) 100vw, 458px\" \/><\/p>\n<p><img decoding=\"async\" loading=\"lazy\" class=\"alignnone  wp-image-11209\" src=\"https:\/\/www.caritasne2.org.br\/site\/wp-content\/uploads\/2023\/07\/WhatsApp-Image-2023-07-20-at-10.39.40-300x169.jpeg\" alt=\"\" width=\"456\" height=\"257\" srcset=\"https:\/\/www.caritasne2.org.br\/site\/wp-content\/uploads\/2023\/07\/WhatsApp-Image-2023-07-20-at-10.39.40-300x169.jpeg 300w, https:\/\/www.caritasne2.org.br\/site\/wp-content\/uploads\/2023\/07\/WhatsApp-Image-2023-07-20-at-10.39.40-1024x576.jpeg 1024w, https:\/\/www.caritasne2.org.br\/site\/wp-content\/uploads\/2023\/07\/WhatsApp-Image-2023-07-20-at-10.39.40-768x432.jpeg 768w, https:\/\/www.caritasne2.org.br\/site\/wp-content\/uploads\/2023\/07\/WhatsApp-Image-2023-07-20-at-10.39.40-1536x864.jpeg 1536w, https:\/\/www.caritasne2.org.br\/site\/wp-content\/uploads\/2023\/07\/WhatsApp-Image-2023-07-20-at-10.39.40-588x330.jpeg 588w, https:\/\/www.caritasne2.org.br\/site\/wp-content\/uploads\/2023\/07\/WhatsApp-Image-2023-07-20-at-10.39.40.jpeg 1600w\" sizes=\"(max-width: 456px) 100vw, 456px\" \/><\/p>\n<p><img decoding=\"async\" loading=\"lazy\" class=\"alignnone  wp-image-11210\" src=\"https:\/\/www.caritasne2.org.br\/site\/wp-content\/uploads\/2023\/07\/WhatsApp-Image-2023-07-20-at-10.39.39-2-300x200.jpeg\" alt=\"\" width=\"459\" height=\"306\" srcset=\"https:\/\/www.caritasne2.org.br\/site\/wp-content\/uploads\/2023\/07\/WhatsApp-Image-2023-07-20-at-10.39.39-2-300x200.jpeg 300w, https:\/\/www.caritasne2.org.br\/site\/wp-content\/uploads\/2023\/07\/WhatsApp-Image-2023-07-20-at-10.39.39-2-1024x683.jpeg 1024w, https:\/\/www.caritasne2.org.br\/site\/wp-content\/uploads\/2023\/07\/WhatsApp-Image-2023-07-20-at-10.39.39-2-768x512.jpeg 768w, https:\/\/www.caritasne2.org.br\/site\/wp-content\/uploads\/2023\/07\/WhatsApp-Image-2023-07-20-at-10.39.39-2-1536x1024.jpeg 1536w, https:\/\/www.caritasne2.org.br\/site\/wp-content\/uploads\/2023\/07\/WhatsApp-Image-2023-07-20-at-10.39.39-2.jpeg 1600w\" sizes=\"(max-width: 459px) 100vw, 459px\" \/><\/p>\n<p><img decoding=\"async\" loading=\"lazy\" class=\"alignnone  wp-image-11211\" src=\"https:\/\/www.caritasne2.org.br\/site\/wp-content\/uploads\/2023\/07\/WhatsApp-Image-2023-07-20-at-10.39.39-1-300x200.jpeg\" alt=\"\" width=\"459\" height=\"306\" srcset=\"https:\/\/www.caritasne2.org.br\/site\/wp-content\/uploads\/2023\/07\/WhatsApp-Image-2023-07-20-at-10.39.39-1-300x200.jpeg 300w, https:\/\/www.caritasne2.org.br\/site\/wp-content\/uploads\/2023\/07\/WhatsApp-Image-2023-07-20-at-10.39.39-1-1024x683.jpeg 1024w, https:\/\/www.caritasne2.org.br\/site\/wp-content\/uploads\/2023\/07\/WhatsApp-Image-2023-07-20-at-10.39.39-1-768x512.jpeg 768w, https:\/\/www.caritasne2.org.br\/site\/wp-content\/uploads\/2023\/07\/WhatsApp-Image-2023-07-20-at-10.39.39-1-1536x1024.jpeg 1536w, https:\/\/www.caritasne2.org.br\/site\/wp-content\/uploads\/2023\/07\/WhatsApp-Image-2023-07-20-at-10.39.39-1.jpeg 1600w\" sizes=\"(max-width: 459px) 100vw, 459px\" \/><\/p>\n<p><img decoding=\"async\" loading=\"lazy\" class=\"alignnone  wp-image-11212\" src=\"https:\/\/www.caritasne2.org.br\/site\/wp-content\/uploads\/2023\/07\/WhatsApp-Image-2023-07-20-at-10.39.39-300x200.jpeg\" alt=\"\" width=\"462\" height=\"308\" srcset=\"https:\/\/www.caritasne2.org.br\/site\/wp-content\/uploads\/2023\/07\/WhatsApp-Image-2023-07-20-at-10.39.39-300x200.jpeg 300w, https:\/\/www.caritasne2.org.br\/site\/wp-content\/uploads\/2023\/07\/WhatsApp-Image-2023-07-20-at-10.39.39-1024x683.jpeg 1024w, https:\/\/www.caritasne2.org.br\/site\/wp-content\/uploads\/2023\/07\/WhatsApp-Image-2023-07-20-at-10.39.39-768x512.jpeg 768w, https:\/\/www.caritasne2.org.br\/site\/wp-content\/uploads\/2023\/07\/WhatsApp-Image-2023-07-20-at-10.39.39-1536x1024.jpeg 1536w, https:\/\/www.caritasne2.org.br\/site\/wp-content\/uploads\/2023\/07\/WhatsApp-Image-2023-07-20-at-10.39.39.jpeg 1600w\" sizes=\"(max-width: 462px) 100vw, 462px\" \/><\/p>\n<ul class=\"ssb_list_wrapper\"><li class=\"fb2\" style=\"width:135px\"><iframe src=\"\/\/www.facebook.com\/plugins\/like.php?href=https%3A%2F%2Fwww.caritasne2.org.br%2Fsite%2Fseminario-de-transicao-energetica-promove-discussao-sobre-impactos-de-megaprojetos-e-geracao-de-energia-renovaveis%2F&amp;layout=button_count&amp;action=like&amp;show_faces=false&amp;share=true&amp;width=135&amp;height=21&amp;appId=307091639398582\" scrolling=\"no\" frameborder=\"0\" style=\"border:none; overflow:hidden;  width:150px; height:21px;\" allowTransparency=\"true\"><\/iframe><\/li><li class=\"twtr\" style=\"width:90px\"><a href=\"https:\/\/twitter.com\/share\" class=\"twitter-share-button\" data-url=\"https:\/\/www.caritasne2.org.br\/site\/seminario-de-transicao-energetica-promove-discussao-sobre-impactos-de-megaprojetos-e-geracao-de-energia-renovaveis\/\">&nbsp;<\/a><script>!function(d,s,id){var js,fjs=d.getElementsByTagName(s)[0],p=\/^http:\/.test(d.location)?'http':'https';if(!d.getElementById(id)){js=d.createElement(s);js.id=id;js.src=p+':\/\/platform.twitter.com\/widgets.js';fjs.parentNode.insertBefore(js,fjs);}}(document, 'script', 'twitter-wjs');<\/script><\/li><li class=\"gplus\" style=\"width:68px\"><div class=\"g-plusone\" data-size=\"medium\" data-href=\"https:\/\/www.caritasne2.org.br\/site\/seminario-de-transicao-energetica-promove-discussao-sobre-impactos-de-megaprojetos-e-geracao-de-energia-renovaveis\/\"><\/div><\/li><li class=\"ssb_linkedin\" style=\"width:64px\"><script src=\"\/\/platform.linkedin.com\/in.js\" type=\"text\/javascript\">lang: en_US<\/script><script type=\"IN\/Share\" data-url=\"https:\/\/www.caritasne2.org.br\/site\/seminario-de-transicao-energetica-promove-discussao-sobre-impactos-de-megaprojetos-e-geracao-de-energia-renovaveis\/\" data-counter=\"right\"><\/script><\/li><\/ul>","protected":false},"excerpt":{"rendered":"<p>As grandes transforma\u00e7\u00f5es n\u00e3o s\u00e3o constru\u00eddas \u00e0 escrivaninha ou no escrit\u00f3rio. Por isso, \u201ccada qual desempenha um papel fundamental, num \u00fanico projeto criado, para escrever uma nova p\u00e1gina da hist\u00f3ria, uma p\u00e1gina cheia de esperan\u00e7a, cheia de paz, cheia de reconcilia\u00e7\u00e3o\u201d. Existe uma \u00abarquitetura\u00bb da paz, na qual interv\u00eam as v\u00e1rias institui\u00e7\u00f5es da sociedade, cada uma dentro de sua compet\u00eancia, mas h\u00e1 tamb\u00e9m um \u00abartesanato\u00bb [&hellip;]<\/p>\n<ul class=\"ssb_list_wrapper\"><li class=\"fb2\" style=\"width:135px\"><iframe src=\"\/\/www.facebook.com\/plugins\/like.php?href=https%3A%2F%2Fwww.caritasne2.org.br%2Fsite%2Fseminario-de-transicao-energetica-promove-discussao-sobre-impactos-de-megaprojetos-e-geracao-de-energia-renovaveis%2F&amp;layout=button_count&amp;action=like&amp;show_faces=false&amp;share=true&amp;width=135&amp;height=21&amp;appId=307091639398582\" scrolling=\"no\" frameborder=\"0\" style=\"border:none; overflow:hidden;  width:150px; height:21px;\" allowTransparency=\"true\"><\/iframe><\/li><li class=\"twtr\" style=\"width:90px\"><a href=\"https:\/\/twitter.com\/share\" class=\"twitter-share-button\" data-url=\"https:\/\/www.caritasne2.org.br\/site\/seminario-de-transicao-energetica-promove-discussao-sobre-impactos-de-megaprojetos-e-geracao-de-energia-renovaveis\/\">&nbsp;<\/a><script>!function(d,s,id){var js,fjs=d.getElementsByTagName(s)[0],p=\/^http:\/.test(d.location)?'http':'https';if(!d.getElementById(id)){js=d.createElement(s);js.id=id;js.src=p+':\/\/platform.twitter.com\/widgets.js';fjs.parentNode.insertBefore(js,fjs);}}(document, 'script', 'twitter-wjs');<\/script><\/li><li class=\"gplus\" style=\"width:68px\"><div class=\"g-plusone\" data-size=\"medium\" data-href=\"https:\/\/www.caritasne2.org.br\/site\/seminario-de-transicao-energetica-promove-discussao-sobre-impactos-de-megaprojetos-e-geracao-de-energia-renovaveis\/\"><\/div><\/li><li class=\"ssb_linkedin\" style=\"width:64px\"><script src=\"\/\/platform.linkedin.com\/in.js\" type=\"text\/javascript\">lang: en_US<\/script><script type=\"IN\/Share\" data-url=\"https:\/\/www.caritasne2.org.br\/site\/seminario-de-transicao-energetica-promove-discussao-sobre-impactos-de-megaprojetos-e-geracao-de-energia-renovaveis\/\" data-counter=\"right\"><\/script><\/li><\/ul>","protected":false},"author":4,"featured_media":11204,"comment_status":"open","ping_status":"open","sticky":false,"template":"","format":"standard","meta":[],"categories":[21,20],"tags":[],"_links":{"self":[{"href":"https:\/\/www.caritasne2.org.br\/site\/wp-json\/wp\/v2\/posts\/11197"}],"collection":[{"href":"https:\/\/www.caritasne2.org.br\/site\/wp-json\/wp\/v2\/posts"}],"about":[{"href":"https:\/\/www.caritasne2.org.br\/site\/wp-json\/wp\/v2\/types\/post"}],"author":[{"embeddable":true,"href":"https:\/\/www.caritasne2.org.br\/site\/wp-json\/wp\/v2\/users\/4"}],"replies":[{"embeddable":true,"href":"https:\/\/www.caritasne2.org.br\/site\/wp-json\/wp\/v2\/comments?post=11197"}],"version-history":[{"count":1,"href":"https:\/\/www.caritasne2.org.br\/site\/wp-json\/wp\/v2\/posts\/11197\/revisions"}],"predecessor-version":[{"id":11213,"href":"https:\/\/www.caritasne2.org.br\/site\/wp-json\/wp\/v2\/posts\/11197\/revisions\/11213"}],"wp:featuredmedia":[{"embeddable":true,"href":"https:\/\/www.caritasne2.org.br\/site\/wp-json\/wp\/v2\/media\/11204"}],"wp:attachment":[{"href":"https:\/\/www.caritasne2.org.br\/site\/wp-json\/wp\/v2\/media?parent=11197"}],"wp:term":[{"taxonomy":"category","embeddable":true,"href":"https:\/\/www.caritasne2.org.br\/site\/wp-json\/wp\/v2\/categories?post=11197"},{"taxonomy":"post_tag","embeddable":true,"href":"https:\/\/www.caritasne2.org.br\/site\/wp-json\/wp\/v2\/tags?post=11197"}],"curies":[{"name":"wp","href":"https:\/\/api.w.org\/{rel}","templated":true}]}}