{"id":1119,"date":"2013-06-28T09:55:18","date_gmt":"2013-06-28T12:55:18","guid":{"rendered":"http:\/\/ne2.caritas.org.br.s174889.gridserver.com\/?p=1119"},"modified":"2017-07-11T15:24:01","modified_gmt":"2017-07-11T18:24:01","slug":"encontro-caritas-paroquiais-acontece-em-pesqueira","status":"publish","type":"post","link":"https:\/\/www.caritasne2.org.br\/site\/encontro-caritas-paroquiais-acontece-em-pesqueira\/","title":{"rendered":"Encontro com as C\u00e1ritas Paroquiais acontece em Pesqueira"},"content":{"rendered":"<p style=\"text-align: justify;\">Dia 21 de junho o Semin\u00e1rio S\u00e3o Jos\u00e9, em Pesqueira, foi o espa\u00e7o escolhido para receber representantes das C\u00e1ritas Paroquiais, al\u00e9m de outros\/as interessados em implantar as C\u00e1ritas Paroquiais em suas devidas par\u00f3quias. Estiveram presentes aproximadamente 20 pessoas. Dentre as C\u00e1ritas Paroquias presentes estavam a de Jata\u00faba, Venturosa, Po\u00e7\u00e3o e Tupanatinga; e representantes das par\u00f3quias de Pedra, Belo Jardim e Pesqueira, que pretendem implantar a C\u00e1ritas Paroquial. O encontro denominado <strong>C\u00e1ritas: um novo jeito de viver a solidariedade<\/strong> teve como objetivo levar informa\u00e7\u00f5es sobre a forma\u00e7\u00e3o e atua\u00e7\u00e3o das C\u00e1ritas Paroquiais, que tem a\u00e7\u00e3o junto \u00e0 C\u00e1ritas Diocesana de Pesqueira.<\/p>\n<p style=\"text-align: justify;\"><a href=\"http:\/\/ne2.caritas.org.br.s174889.gridserver.com\/2013\/06\/28\/encontro-caritas-paroquiais-acontece-em-pesqueira\/encontro-caritas-paroquiais-02\/\" rel=\"attachment wp-att-1124\"><img decoding=\"async\" loading=\"lazy\" class=\"alignleft  wp-image-1124\" title=\"Encontro C\u00e1ritas Paroquiais 02\" src=\"http:\/\/ne2.caritas.org.br.s174889.gridserver.com\/wp-content\/uploads\/2013\/06\/Encontro-C\u00e1ritas-Paroquiais-02-300x225.jpg\" alt=\"\" width=\"268\" height=\"201\" srcset=\"https:\/\/www.caritasne2.org.br\/site\/wp-content\/uploads\/2013\/06\/Encontro-C\u00e1ritas-Paroquiais-02-300x225.jpg 300w, https:\/\/www.caritasne2.org.br\/site\/wp-content\/uploads\/2013\/06\/Encontro-C\u00e1ritas-Paroquiais-02.jpg 640w\" sizes=\"(max-width: 268px) 100vw, 268px\" \/><\/a>Durante o evento a C\u00e1ritas Diocesana foi apresentada pela coordenadora geral da C\u00e1ritas Diocesana de Pesqueira, Neilda Pereira, que tra\u00e7ou um hist\u00f3rico da institui\u00e7\u00e3o no Brasil, que teve in\u00edcio em 1956, por Dom H\u00e9lder C\u00e2mara. \u201cA C\u00e1ritas foi fundada com o objetivo de olhar para o mais pobre na situa\u00e7\u00e3o de exclus\u00e3o social\u201d, explicou Neilda. \u201cA C\u00e1ritas tem o papel de atuar em conjunto com as pastorais sociais\u201d, completou.<\/p>\n<p style=\"text-align: justify;\">\u00a0Em Pesqueira a C\u00e1ritas Diocesana surgiu como objetivo de organizar as campanhas emergenciais e estruturantes dentro do \u00e2mbito da Diocese de Pesqueira e hoje est\u00e1 voltada \u00e0 organiza\u00e7\u00e3o das C\u00e1ritas Paroquiais.<\/p>\n<p style=\"text-align: justify;\">Atualmente mais de 170 pa\u00edses tem a presen\u00e7a da C\u00e1ritas, e a primeira Diocese<a href=\"http:\/\/ne2.caritas.org.br.s174889.gridserver.com\/2013\/06\/28\/encontro-caritas-paroquiais-acontece-em-pesqueira\/encontro-caritas-paroquiais-03\/\" rel=\"attachment wp-att-1125\"><img decoding=\"async\" loading=\"lazy\" class=\"alignright  wp-image-1125\" title=\"Encontro C\u00e1ritas Paroquiais 03\" src=\"http:\/\/ne2.caritas.org.br.s174889.gridserver.com\/wp-content\/uploads\/2013\/06\/Encontro-C\u00e1ritas-Paroquiais-03-300x250.jpg\" alt=\"\" width=\"264\" height=\"220\" \/><\/a> no Regional Nordeste 2 que iniciou o trabalho das C\u00e1ritas Paroquiais foi a Diocese de Pesqueira, que hoje conta com a C\u00e1ritas Paroquial Santa Clara de Assis, C\u00e1ritas Paroquial Cruzeiro de Po\u00e7\u00e3o, C\u00e1ritas Paroquial Dom H\u00e9lder C\u00e2mara, C\u00e1ritas Paroquiais Santana de Bu\u00edque e C\u00e1ritas Paroquial Quit\u00e9ria Abgail de Ara\u00fajo.<\/p>\n<p style=\"text-align: justify;\"><strong>A Casa de Jos\u00e9lia<\/strong> &#8211; Na ocasi\u00e3o, representantes de Pedra, Vilma Maria e Paulo Ferreira, apresentaram uma a\u00e7\u00e3o chamada Casa de Jos\u00e9lia atrav\u00e9s de um painel com fotos onde mostraram o reviver de uma senhora chamada Jos\u00e9lia, m\u00e3e de cinco filhos, que vivia, sem renda fixa, numa casa de apenas dois c\u00f4modos, totalmente deteriorada, sem a menor infraestrutura. \u201cS\u00f3 tem uma cama, n\u00e3o tem fog\u00e3o\u201d, explicou Vilma, afirmando que reuniu um grupo volunt\u00e1rio da par\u00f3quia para reformar a casa, que hoje j\u00e1 dobrou de tamanho. Hoje Jos\u00e9lia se encontra em tratamento, numa casa de repouso e os filhos est\u00e3o sob a cust\u00f3dia do pai, que \u00e9 separado de Jos\u00e9lia. Vilma e Paulo est\u00e3o na expectativa de que Jos\u00e9lia possa muito em breve voltar para a casa nova, a fim de cuidar dos filhos e viver num ambiente mais digno.<\/p>\n<p style=\"text-align: justify;\">\u00a0por\u00a0Adriana Leal, jornalista da\u00a0Diocese de Pesqueira\/C\u00e1ritas Diocesana<\/p>\n<ul class=\"ssb_list_wrapper\"><li class=\"fb2\" style=\"width:135px\"><iframe src=\"\/\/www.facebook.com\/plugins\/like.php?href=https%3A%2F%2Fwww.caritasne2.org.br%2Fsite%2Fencontro-caritas-paroquiais-acontece-em-pesqueira%2F&amp;layout=button_count&amp;action=like&amp;show_faces=false&amp;share=true&amp;width=135&amp;height=21&amp;appId=307091639398582\" scrolling=\"no\" frameborder=\"0\" style=\"border:none; overflow:hidden;  width:150px; height:21px;\" allowTransparency=\"true\"><\/iframe><\/li><li class=\"twtr\" style=\"width:90px\"><a href=\"https:\/\/twitter.com\/share\" class=\"twitter-share-button\" data-url=\"https:\/\/www.caritasne2.org.br\/site\/encontro-caritas-paroquiais-acontece-em-pesqueira\/\">&nbsp;<\/a><script>!function(d,s,id){var js,fjs=d.getElementsByTagName(s)[0],p=\/^http:\/.test(d.location)?'http':'https';if(!d.getElementById(id)){js=d.createElement(s);js.id=id;js.src=p+':\/\/platform.twitter.com\/widgets.js';fjs.parentNode.insertBefore(js,fjs);}}(document, 'script', 'twitter-wjs');<\/script><\/li><li class=\"gplus\" style=\"width:68px\"><div class=\"g-plusone\" data-size=\"medium\" data-href=\"https:\/\/www.caritasne2.org.br\/site\/encontro-caritas-paroquiais-acontece-em-pesqueira\/\"><\/div><\/li><li class=\"ssb_linkedin\" style=\"width:64px\"><script src=\"\/\/platform.linkedin.com\/in.js\" type=\"text\/javascript\">lang: en_US<\/script><script type=\"IN\/Share\" data-url=\"https:\/\/www.caritasne2.org.br\/site\/encontro-caritas-paroquiais-acontece-em-pesqueira\/\" data-counter=\"right\"><\/script><\/li><\/ul>","protected":false},"excerpt":{"rendered":"<p>Dia 21 de junho o Semin\u00e1rio S\u00e3o Jos\u00e9, em Pesqueira, foi o espa\u00e7o escolhido para receber representantes das C\u00e1ritas Paroquiais, al\u00e9m de outros\/as interessados em implantar as C\u00e1ritas Paroquiais em suas devidas par\u00f3quias. Estiveram presentes aproximadamente 20 pessoas. Dentre as C\u00e1ritas Paroquias presentes estavam a de Jata\u00faba, Venturosa, Po\u00e7\u00e3o e Tupanatinga; e representantes das par\u00f3quias de Pedra, Belo Jardim e Pesqueira, que pretendem implantar a [&hellip;]<\/p>\n<ul class=\"ssb_list_wrapper\"><li class=\"fb2\" style=\"width:135px\"><iframe src=\"\/\/www.facebook.com\/plugins\/like.php?href=https%3A%2F%2Fwww.caritasne2.org.br%2Fsite%2Fencontro-caritas-paroquiais-acontece-em-pesqueira%2F&amp;layout=button_count&amp;action=like&amp;show_faces=false&amp;share=true&amp;width=135&amp;height=21&amp;appId=307091639398582\" scrolling=\"no\" frameborder=\"0\" style=\"border:none; overflow:hidden;  width:150px; height:21px;\" allowTransparency=\"true\"><\/iframe><\/li><li class=\"twtr\" style=\"width:90px\"><a href=\"https:\/\/twitter.com\/share\" class=\"twitter-share-button\" data-url=\"https:\/\/www.caritasne2.org.br\/site\/encontro-caritas-paroquiais-acontece-em-pesqueira\/\">&nbsp;<\/a><script>!function(d,s,id){var js,fjs=d.getElementsByTagName(s)[0],p=\/^http:\/.test(d.location)?'http':'https';if(!d.getElementById(id)){js=d.createElement(s);js.id=id;js.src=p+':\/\/platform.twitter.com\/widgets.js';fjs.parentNode.insertBefore(js,fjs);}}(document, 'script', 'twitter-wjs');<\/script><\/li><li class=\"gplus\" style=\"width:68px\"><div class=\"g-plusone\" data-size=\"medium\" data-href=\"https:\/\/www.caritasne2.org.br\/site\/encontro-caritas-paroquiais-acontece-em-pesqueira\/\"><\/div><\/li><li class=\"ssb_linkedin\" style=\"width:64px\"><script src=\"\/\/platform.linkedin.com\/in.js\" type=\"text\/javascript\">lang: en_US<\/script><script type=\"IN\/Share\" data-url=\"https:\/\/www.caritasne2.org.br\/site\/encontro-caritas-paroquiais-acontece-em-pesqueira\/\" data-counter=\"right\"><\/script><\/li><\/ul>","protected":false},"author":4,"featured_media":1126,"comment_status":"open","ping_status":"open","sticky":false,"template":"","format":"standard","meta":[],"categories":[20],"tags":[241,67,147],"_links":{"self":[{"href":"https:\/\/www.caritasne2.org.br\/site\/wp-json\/wp\/v2\/posts\/1119"}],"collection":[{"href":"https:\/\/www.caritasne2.org.br\/site\/wp-json\/wp\/v2\/posts"}],"about":[{"href":"https:\/\/www.caritasne2.org.br\/site\/wp-json\/wp\/v2\/types\/post"}],"author":[{"embeddable":true,"href":"https:\/\/www.caritasne2.org.br\/site\/wp-json\/wp\/v2\/users\/4"}],"replies":[{"embeddable":true,"href":"https:\/\/www.caritasne2.org.br\/site\/wp-json\/wp\/v2\/comments?post=1119"}],"version-history":[{"count":0,"href":"https:\/\/www.caritasne2.org.br\/site\/wp-json\/wp\/v2\/posts\/1119\/revisions"}],"wp:featuredmedia":[{"embeddable":true,"href":"https:\/\/www.caritasne2.org.br\/site\/wp-json\/wp\/v2\/media\/1126"}],"wp:attachment":[{"href":"https:\/\/www.caritasne2.org.br\/site\/wp-json\/wp\/v2\/media?parent=1119"}],"wp:term":[{"taxonomy":"category","embeddable":true,"href":"https:\/\/www.caritasne2.org.br\/site\/wp-json\/wp\/v2\/categories?post=1119"},{"taxonomy":"post_tag","embeddable":true,"href":"https:\/\/www.caritasne2.org.br\/site\/wp-json\/wp\/v2\/tags?post=1119"}],"curies":[{"name":"wp","href":"https:\/\/api.w.org\/{rel}","templated":true}]}}