{"id":11165,"date":"2023-07-20T10:52:03","date_gmt":"2023-07-20T13:52:03","guid":{"rendered":"https:\/\/www.caritasne2.org.br\/site\/?p=11165"},"modified":"2023-07-20T10:52:03","modified_gmt":"2023-07-20T13:52:03","slug":"empreendedores-venezuelanos-recebem-kits-para-ampliar-negocios-nas-areas-de-gastronomia-beleza-e-corte-e-costura","status":"publish","type":"post","link":"https:\/\/www.caritasne2.org.br\/site\/empreendedores-venezuelanos-recebem-kits-para-ampliar-negocios-nas-areas-de-gastronomia-beleza-e-corte-e-costura\/","title":{"rendered":"Empreendedores venezuelanos recebem kits para ampliar neg\u00f3cios nas \u00e1reas de gastronomia, beleza e corte e costura"},"content":{"rendered":"<p>Buscando promover a inclus\u00e3o social e profissional de empreendedores migrantes venezuelanos que buscam reconstruir sua vida aqui no Brasil, o Programa de Migra\u00e7\u00e3o e Ref\u00fagio da C\u00e1ritas Brasileira NE2 \u2013 CBNE2 vem realizando a\u00e7\u00f5es de fomento, promo\u00e7\u00e3o e fortalecimento dos seus empreendimentos.<\/p>\n<p>Com este objetivo, no \u00faltimo dia 10, a secret\u00e1ria executiva da CBNE2, Neilda Pereira e agentes C\u00e1ritas receberam na sede da C\u00e1ritas\u00a0 a visita do senador Humberto Costa (PT) e Bispo Auxiliar da Arquidiocese de Olinda e Recife, Dom Limacedo, que realizaram a entrega dos equipamentos para os empreendimentos na linha de corte e costura, sal\u00e3o de cabeleireiro e gastronomia aos empreendedores migrantes assessorados pelo Programa de Migra\u00e7\u00e3o e Ref\u00fagio.<\/p>\n<p><img decoding=\"async\" loading=\"lazy\" class=\" wp-image-11176 aligncenter\" src=\"https:\/\/www.caritasne2.org.br\/site\/wp-content\/uploads\/2023\/07\/WhatsApp-Image-2023-07-10-at-15.24.25-1-300x225.jpeg\" alt=\"\" width=\"512\" height=\"384\" srcset=\"https:\/\/www.caritasne2.org.br\/site\/wp-content\/uploads\/2023\/07\/WhatsApp-Image-2023-07-10-at-15.24.25-1-300x225.jpeg 300w, https:\/\/www.caritasne2.org.br\/site\/wp-content\/uploads\/2023\/07\/WhatsApp-Image-2023-07-10-at-15.24.25-1-1024x768.jpeg 1024w, https:\/\/www.caritasne2.org.br\/site\/wp-content\/uploads\/2023\/07\/WhatsApp-Image-2023-07-10-at-15.24.25-1-768x576.jpeg 768w, https:\/\/www.caritasne2.org.br\/site\/wp-content\/uploads\/2023\/07\/WhatsApp-Image-2023-07-10-at-15.24.25-1-1536x1152.jpeg 1536w, https:\/\/www.caritasne2.org.br\/site\/wp-content\/uploads\/2023\/07\/WhatsApp-Image-2023-07-10-at-15.24.25-1.jpeg 1600w\" sizes=\"(max-width: 512px) 100vw, 512px\" \/><\/p>\n<p>\u201cPra mim \u00e9 uma alegria por ter uma parceria com um projeto como esse. Eu fiquei muito feliz que aquela emenda parlamentar ajudou um conjunto de pessoas que precisam, n\u00e3o somente ter um apoio imediato, mas de repensar sua vida, construir o seu caminho e desenvolver sua capacidade de empreender\u201d, afirmou Humberto Costa.<\/p>\n<p>O momento foi marcado de muita emo\u00e7\u00e3o e gratid\u00e3o pelos migrantes venezuelanos que ir\u00e3o ampliar seus neg\u00f3cios nessas \u00e1reas. A entrega foi poss\u00edvel gra\u00e7as a uma parceria da C\u00e1ritas Brasileira NE2 e o Minist\u00e9rio da Justi\u00e7a.<\/p>\n<p><img decoding=\"async\" loading=\"lazy\" class=\" wp-image-11174 alignleft\" src=\"https:\/\/www.caritasne2.org.br\/site\/wp-content\/uploads\/2023\/07\/WhatsApp-Image-2023-07-20-at-10.48.34-1-300x145.jpeg\" alt=\"\" width=\"357\" height=\"172\" srcset=\"https:\/\/www.caritasne2.org.br\/site\/wp-content\/uploads\/2023\/07\/WhatsApp-Image-2023-07-20-at-10.48.34-1-300x145.jpeg 300w, https:\/\/www.caritasne2.org.br\/site\/wp-content\/uploads\/2023\/07\/WhatsApp-Image-2023-07-20-at-10.48.34-1-1024x494.jpeg 1024w, https:\/\/www.caritasne2.org.br\/site\/wp-content\/uploads\/2023\/07\/WhatsApp-Image-2023-07-20-at-10.48.34-1-768x370.jpeg 768w, https:\/\/www.caritasne2.org.br\/site\/wp-content\/uploads\/2023\/07\/WhatsApp-Image-2023-07-20-at-10.48.34-1.jpeg 1170w\" sizes=\"(max-width: 357px) 100vw, 357px\" \/>A alegria de Idairis Maita, uma das empreendedoras migrantes venezuelanas contempladas pelo kit de costura era n\u00edtida. Ela confecciona bolsas e estava muito encantada quando viu sua m\u00e1quina de costura. \u201cAgora vou poder confeccionar minhas bolsas com essa m\u00e1quina. Estou muito feliz e grata por ter sido contemplada com esse kit\u201d, afirmou Idairis.<\/p>\n<p>&nbsp;<\/p>\n<p>&nbsp;<\/p>\n<ul class=\"ssb_list_wrapper\"><li class=\"fb2\" style=\"width:135px\"><iframe src=\"\/\/www.facebook.com\/plugins\/like.php?href=https%3A%2F%2Fwww.caritasne2.org.br%2Fsite%2Fempreendedores-venezuelanos-recebem-kits-para-ampliar-negocios-nas-areas-de-gastronomia-beleza-e-corte-e-costura%2F&amp;layout=button_count&amp;action=like&amp;show_faces=false&amp;share=true&amp;width=135&amp;height=21&amp;appId=307091639398582\" scrolling=\"no\" frameborder=\"0\" style=\"border:none; overflow:hidden;  width:150px; height:21px;\" allowTransparency=\"true\"><\/iframe><\/li><li class=\"twtr\" style=\"width:90px\"><a href=\"https:\/\/twitter.com\/share\" class=\"twitter-share-button\" data-url=\"https:\/\/www.caritasne2.org.br\/site\/empreendedores-venezuelanos-recebem-kits-para-ampliar-negocios-nas-areas-de-gastronomia-beleza-e-corte-e-costura\/\">&nbsp;<\/a><script>!function(d,s,id){var js,fjs=d.getElementsByTagName(s)[0],p=\/^http:\/.test(d.location)?'http':'https';if(!d.getElementById(id)){js=d.createElement(s);js.id=id;js.src=p+':\/\/platform.twitter.com\/widgets.js';fjs.parentNode.insertBefore(js,fjs);}}(document, 'script', 'twitter-wjs');<\/script><\/li><li class=\"gplus\" style=\"width:68px\"><div class=\"g-plusone\" data-size=\"medium\" data-href=\"https:\/\/www.caritasne2.org.br\/site\/empreendedores-venezuelanos-recebem-kits-para-ampliar-negocios-nas-areas-de-gastronomia-beleza-e-corte-e-costura\/\"><\/div><\/li><li class=\"ssb_linkedin\" style=\"width:64px\"><script src=\"\/\/platform.linkedin.com\/in.js\" type=\"text\/javascript\">lang: en_US<\/script><script type=\"IN\/Share\" data-url=\"https:\/\/www.caritasne2.org.br\/site\/empreendedores-venezuelanos-recebem-kits-para-ampliar-negocios-nas-areas-de-gastronomia-beleza-e-corte-e-costura\/\" data-counter=\"right\"><\/script><\/li><\/ul>","protected":false},"excerpt":{"rendered":"<p>Buscando promover a inclus\u00e3o social e profissional de empreendedores migrantes venezuelanos que buscam reconstruir sua vida aqui no Brasil, o Programa de Migra\u00e7\u00e3o e Ref\u00fagio da C\u00e1ritas Brasileira NE2 \u2013 CBNE2 vem realizando a\u00e7\u00f5es de fomento, promo\u00e7\u00e3o e fortalecimento dos seus empreendimentos. Com este objetivo, no \u00faltimo dia 10, a secret\u00e1ria executiva da CBNE2, Neilda Pereira e agentes C\u00e1ritas receberam na sede da C\u00e1ritas\u00a0 a [&hellip;]<\/p>\n<ul class=\"ssb_list_wrapper\"><li class=\"fb2\" style=\"width:135px\"><iframe src=\"\/\/www.facebook.com\/plugins\/like.php?href=https%3A%2F%2Fwww.caritasne2.org.br%2Fsite%2Fempreendedores-venezuelanos-recebem-kits-para-ampliar-negocios-nas-areas-de-gastronomia-beleza-e-corte-e-costura%2F&amp;layout=button_count&amp;action=like&amp;show_faces=false&amp;share=true&amp;width=135&amp;height=21&amp;appId=307091639398582\" scrolling=\"no\" frameborder=\"0\" style=\"border:none; overflow:hidden;  width:150px; height:21px;\" allowTransparency=\"true\"><\/iframe><\/li><li class=\"twtr\" style=\"width:90px\"><a href=\"https:\/\/twitter.com\/share\" class=\"twitter-share-button\" data-url=\"https:\/\/www.caritasne2.org.br\/site\/empreendedores-venezuelanos-recebem-kits-para-ampliar-negocios-nas-areas-de-gastronomia-beleza-e-corte-e-costura\/\">&nbsp;<\/a><script>!function(d,s,id){var js,fjs=d.getElementsByTagName(s)[0],p=\/^http:\/.test(d.location)?'http':'https';if(!d.getElementById(id)){js=d.createElement(s);js.id=id;js.src=p+':\/\/platform.twitter.com\/widgets.js';fjs.parentNode.insertBefore(js,fjs);}}(document, 'script', 'twitter-wjs');<\/script><\/li><li class=\"gplus\" style=\"width:68px\"><div class=\"g-plusone\" data-size=\"medium\" data-href=\"https:\/\/www.caritasne2.org.br\/site\/empreendedores-venezuelanos-recebem-kits-para-ampliar-negocios-nas-areas-de-gastronomia-beleza-e-corte-e-costura\/\"><\/div><\/li><li class=\"ssb_linkedin\" style=\"width:64px\"><script src=\"\/\/platform.linkedin.com\/in.js\" type=\"text\/javascript\">lang: en_US<\/script><script type=\"IN\/Share\" data-url=\"https:\/\/www.caritasne2.org.br\/site\/empreendedores-venezuelanos-recebem-kits-para-ampliar-negocios-nas-areas-de-gastronomia-beleza-e-corte-e-costura\/\" data-counter=\"right\"><\/script><\/li><\/ul>","protected":false},"author":4,"featured_media":11166,"comment_status":"open","ping_status":"open","sticky":false,"template":"","format":"standard","meta":[],"categories":[21,20],"tags":[],"_links":{"self":[{"href":"https:\/\/www.caritasne2.org.br\/site\/wp-json\/wp\/v2\/posts\/11165"}],"collection":[{"href":"https:\/\/www.caritasne2.org.br\/site\/wp-json\/wp\/v2\/posts"}],"about":[{"href":"https:\/\/www.caritasne2.org.br\/site\/wp-json\/wp\/v2\/types\/post"}],"author":[{"embeddable":true,"href":"https:\/\/www.caritasne2.org.br\/site\/wp-json\/wp\/v2\/users\/4"}],"replies":[{"embeddable":true,"href":"https:\/\/www.caritasne2.org.br\/site\/wp-json\/wp\/v2\/comments?post=11165"}],"version-history":[{"count":3,"href":"https:\/\/www.caritasne2.org.br\/site\/wp-json\/wp\/v2\/posts\/11165\/revisions"}],"predecessor-version":[{"id":11177,"href":"https:\/\/www.caritasne2.org.br\/site\/wp-json\/wp\/v2\/posts\/11165\/revisions\/11177"}],"wp:featuredmedia":[{"embeddable":true,"href":"https:\/\/www.caritasne2.org.br\/site\/wp-json\/wp\/v2\/media\/11166"}],"wp:attachment":[{"href":"https:\/\/www.caritasne2.org.br\/site\/wp-json\/wp\/v2\/media?parent=11165"}],"wp:term":[{"taxonomy":"category","embeddable":true,"href":"https:\/\/www.caritasne2.org.br\/site\/wp-json\/wp\/v2\/categories?post=11165"},{"taxonomy":"post_tag","embeddable":true,"href":"https:\/\/www.caritasne2.org.br\/site\/wp-json\/wp\/v2\/tags?post=11165"}],"curies":[{"name":"wp","href":"https:\/\/api.w.org\/{rel}","templated":true}]}}