{"id":11160,"date":"2023-07-18T14:03:32","date_gmt":"2023-07-18T17:03:32","guid":{"rendered":"https:\/\/www.caritasne2.org.br\/site\/?p=11160"},"modified":"2023-07-18T14:03:32","modified_gmt":"2023-07-18T17:03:32","slug":"migrantes-assessorados-pelo-programa-de-migracao-e-refugio-da-cbne2-participam-de-formacao-sobre-cursos-profissionalizantes","status":"publish","type":"post","link":"https:\/\/www.caritasne2.org.br\/site\/migrantes-assessorados-pelo-programa-de-migracao-e-refugio-da-cbne2-participam-de-formacao-sobre-cursos-profissionalizantes\/","title":{"rendered":"Migrantes assessorados pelo Programa de Migra\u00e7\u00e3o e Ref\u00fagio da CBNE2 participam de forma\u00e7\u00e3o sobre cursos profissionalizantes"},"content":{"rendered":"<p>Cada dia o n\u00famero de migrantes denominados de pa\u00edses da Am\u00e9rica do Sul chegando ao Brasil vem aumentando. Mais de cem mil migrantes venezuelanos chegaram ao Brasil at\u00e9 o momento, segundo a Organiza\u00e7\u00e3o das Na\u00e7\u00f5es Unidas (ONU). Trazendo consigo a esperan\u00e7a de dias melhores em outra na\u00e7\u00e3o, eles trazem uma expectativa de logo conseguir uma inser\u00e7\u00e3o no mercado de trabalho e assim conseguir seu sustento.<\/p>\n<p>Buscando promover a inclus\u00e3o social dos migrantes que chegam nos estados de Pernambuco, Para\u00edba, Alagoas e Rio Grande do Norte, o Programa de Migra\u00e7\u00e3o e Ref\u00fagio da C\u00e1ritas Brasileira NE2 \u2013 CBNE2 realiza a\u00e7\u00f5es com a finalidade de acompanhamento, orienta\u00e7\u00e3o e acolhimento. Cerca de 300 fam\u00edlias migrantes que est\u00e3o localizadas na Regi\u00e3o Metropolitana do Recife (RMR), entre elas venezuelanas, cubanas e peruanas s\u00e3o acompanhadas pelo programa.<\/p>\n<p>E foi com o intuito de propor um momento imersivo em cursos t\u00e9cnicos e profissionalizantes que nesta manh\u00e3 de quinta-feira, 13, aconteceu o \u201cCity Tour\u201d, uma parceria da CBNE2 com o Senac Pernambuco. Cerca de 20 migrantes conheceram cursos nas \u00e1reas de beleza, corte e costura, tecnologia, sa\u00fade e gastronomia oferecidos pela institui\u00e7\u00e3o.<\/p>\n<p><img decoding=\"async\" loading=\"lazy\" class=\" wp-image-11163 aligncenter\" src=\"https:\/\/www.caritasne2.org.br\/site\/wp-content\/uploads\/2023\/07\/WhatsApp-Image-2023-07-13-at-14.45.40-300x225.jpeg\" alt=\"\" width=\"475\" height=\"356\" srcset=\"https:\/\/www.caritasne2.org.br\/site\/wp-content\/uploads\/2023\/07\/WhatsApp-Image-2023-07-13-at-14.45.40-300x225.jpeg 300w, https:\/\/www.caritasne2.org.br\/site\/wp-content\/uploads\/2023\/07\/WhatsApp-Image-2023-07-13-at-14.45.40-1024x768.jpeg 1024w, https:\/\/www.caritasne2.org.br\/site\/wp-content\/uploads\/2023\/07\/WhatsApp-Image-2023-07-13-at-14.45.40-768x576.jpeg 768w, https:\/\/www.caritasne2.org.br\/site\/wp-content\/uploads\/2023\/07\/WhatsApp-Image-2023-07-13-at-14.45.40-1536x1152.jpeg 1536w, https:\/\/www.caritasne2.org.br\/site\/wp-content\/uploads\/2023\/07\/WhatsApp-Image-2023-07-13-at-14.45.40.jpeg 1600w\" sizes=\"(max-width: 475px) 100vw, 475px\" \/><\/p>\n<p>&nbsp;<\/p>\n<p><img decoding=\"async\" loading=\"lazy\" class=\" wp-image-11162 aligncenter\" src=\"https:\/\/www.caritasne2.org.br\/site\/wp-content\/uploads\/2023\/07\/WhatsApp-Image-2023-07-13-at-14.45.33-2-300x225.jpeg\" alt=\"\" width=\"455\" height=\"341\" srcset=\"https:\/\/www.caritasne2.org.br\/site\/wp-content\/uploads\/2023\/07\/WhatsApp-Image-2023-07-13-at-14.45.33-2-300x225.jpeg 300w, https:\/\/www.caritasne2.org.br\/site\/wp-content\/uploads\/2023\/07\/WhatsApp-Image-2023-07-13-at-14.45.33-2-1024x768.jpeg 1024w, https:\/\/www.caritasne2.org.br\/site\/wp-content\/uploads\/2023\/07\/WhatsApp-Image-2023-07-13-at-14.45.33-2-768x576.jpeg 768w, https:\/\/www.caritasne2.org.br\/site\/wp-content\/uploads\/2023\/07\/WhatsApp-Image-2023-07-13-at-14.45.33-2-1536x1152.jpeg 1536w, https:\/\/www.caritasne2.org.br\/site\/wp-content\/uploads\/2023\/07\/WhatsApp-Image-2023-07-13-at-14.45.33-2.jpeg 1600w\" sizes=\"(max-width: 455px) 100vw, 455px\" \/><\/p>\n<p>A coordenadora da Central de Atendimentos do Senac, Liliane Oliveira fez a abertura do momento e estava muito entusiasmada com esse primeiro contato com os migrantes. \u201cEstou muito feliz por esse momento e com certeza \u00e9 um momento muito importante e \u00fanico para o Senac\u201d, afirmou.<\/p>\n<p>No local, esteve presente a assessora regional e membro da coordena\u00e7\u00e3o colegiada do Regional NE2, Luciana Flor\u00eancio, a educadora social do Programa de Migra\u00e7\u00e3o e Ref\u00fagio, Daniela Silva e Lucineide Santos, Coordenadora do setor de migra\u00e7\u00e3o da Prefeitura de Igarassu.<\/p>\n<ul class=\"ssb_list_wrapper\"><li class=\"fb2\" style=\"width:135px\"><iframe src=\"\/\/www.facebook.com\/plugins\/like.php?href=https%3A%2F%2Fwww.caritasne2.org.br%2Fsite%2Fmigrantes-assessorados-pelo-programa-de-migracao-e-refugio-da-cbne2-participam-de-formacao-sobre-cursos-profissionalizantes%2F&amp;layout=button_count&amp;action=like&amp;show_faces=false&amp;share=true&amp;width=135&amp;height=21&amp;appId=307091639398582\" scrolling=\"no\" frameborder=\"0\" style=\"border:none; overflow:hidden;  width:150px; height:21px;\" allowTransparency=\"true\"><\/iframe><\/li><li class=\"twtr\" style=\"width:90px\"><a href=\"https:\/\/twitter.com\/share\" class=\"twitter-share-button\" data-url=\"https:\/\/www.caritasne2.org.br\/site\/migrantes-assessorados-pelo-programa-de-migracao-e-refugio-da-cbne2-participam-de-formacao-sobre-cursos-profissionalizantes\/\">&nbsp;<\/a><script>!function(d,s,id){var js,fjs=d.getElementsByTagName(s)[0],p=\/^http:\/.test(d.location)?'http':'https';if(!d.getElementById(id)){js=d.createElement(s);js.id=id;js.src=p+':\/\/platform.twitter.com\/widgets.js';fjs.parentNode.insertBefore(js,fjs);}}(document, 'script', 'twitter-wjs');<\/script><\/li><li class=\"gplus\" style=\"width:68px\"><div class=\"g-plusone\" data-size=\"medium\" data-href=\"https:\/\/www.caritasne2.org.br\/site\/migrantes-assessorados-pelo-programa-de-migracao-e-refugio-da-cbne2-participam-de-formacao-sobre-cursos-profissionalizantes\/\"><\/div><\/li><li class=\"ssb_linkedin\" style=\"width:64px\"><script src=\"\/\/platform.linkedin.com\/in.js\" type=\"text\/javascript\">lang: en_US<\/script><script type=\"IN\/Share\" data-url=\"https:\/\/www.caritasne2.org.br\/site\/migrantes-assessorados-pelo-programa-de-migracao-e-refugio-da-cbne2-participam-de-formacao-sobre-cursos-profissionalizantes\/\" data-counter=\"right\"><\/script><\/li><\/ul>","protected":false},"excerpt":{"rendered":"<p>Cada dia o n\u00famero de migrantes denominados de pa\u00edses da Am\u00e9rica do Sul chegando ao Brasil vem aumentando. Mais de cem mil migrantes venezuelanos chegaram ao Brasil at\u00e9 o momento, segundo a Organiza\u00e7\u00e3o das Na\u00e7\u00f5es Unidas (ONU). Trazendo consigo a esperan\u00e7a de dias melhores em outra na\u00e7\u00e3o, eles trazem uma expectativa de logo conseguir uma inser\u00e7\u00e3o no mercado de trabalho e assim conseguir seu sustento. [&hellip;]<\/p>\n<ul class=\"ssb_list_wrapper\"><li class=\"fb2\" style=\"width:135px\"><iframe src=\"\/\/www.facebook.com\/plugins\/like.php?href=https%3A%2F%2Fwww.caritasne2.org.br%2Fsite%2Fmigrantes-assessorados-pelo-programa-de-migracao-e-refugio-da-cbne2-participam-de-formacao-sobre-cursos-profissionalizantes%2F&amp;layout=button_count&amp;action=like&amp;show_faces=false&amp;share=true&amp;width=135&amp;height=21&amp;appId=307091639398582\" scrolling=\"no\" frameborder=\"0\" style=\"border:none; overflow:hidden;  width:150px; height:21px;\" allowTransparency=\"true\"><\/iframe><\/li><li class=\"twtr\" style=\"width:90px\"><a href=\"https:\/\/twitter.com\/share\" class=\"twitter-share-button\" data-url=\"https:\/\/www.caritasne2.org.br\/site\/migrantes-assessorados-pelo-programa-de-migracao-e-refugio-da-cbne2-participam-de-formacao-sobre-cursos-profissionalizantes\/\">&nbsp;<\/a><script>!function(d,s,id){var js,fjs=d.getElementsByTagName(s)[0],p=\/^http:\/.test(d.location)?'http':'https';if(!d.getElementById(id)){js=d.createElement(s);js.id=id;js.src=p+':\/\/platform.twitter.com\/widgets.js';fjs.parentNode.insertBefore(js,fjs);}}(document, 'script', 'twitter-wjs');<\/script><\/li><li class=\"gplus\" style=\"width:68px\"><div class=\"g-plusone\" data-size=\"medium\" data-href=\"https:\/\/www.caritasne2.org.br\/site\/migrantes-assessorados-pelo-programa-de-migracao-e-refugio-da-cbne2-participam-de-formacao-sobre-cursos-profissionalizantes\/\"><\/div><\/li><li class=\"ssb_linkedin\" style=\"width:64px\"><script src=\"\/\/platform.linkedin.com\/in.js\" type=\"text\/javascript\">lang: en_US<\/script><script type=\"IN\/Share\" data-url=\"https:\/\/www.caritasne2.org.br\/site\/migrantes-assessorados-pelo-programa-de-migracao-e-refugio-da-cbne2-participam-de-formacao-sobre-cursos-profissionalizantes\/\" data-counter=\"right\"><\/script><\/li><\/ul>","protected":false},"author":4,"featured_media":11161,"comment_status":"open","ping_status":"open","sticky":false,"template":"","format":"standard","meta":[],"categories":[21,20],"tags":[],"_links":{"self":[{"href":"https:\/\/www.caritasne2.org.br\/site\/wp-json\/wp\/v2\/posts\/11160"}],"collection":[{"href":"https:\/\/www.caritasne2.org.br\/site\/wp-json\/wp\/v2\/posts"}],"about":[{"href":"https:\/\/www.caritasne2.org.br\/site\/wp-json\/wp\/v2\/types\/post"}],"author":[{"embeddable":true,"href":"https:\/\/www.caritasne2.org.br\/site\/wp-json\/wp\/v2\/users\/4"}],"replies":[{"embeddable":true,"href":"https:\/\/www.caritasne2.org.br\/site\/wp-json\/wp\/v2\/comments?post=11160"}],"version-history":[{"count":1,"href":"https:\/\/www.caritasne2.org.br\/site\/wp-json\/wp\/v2\/posts\/11160\/revisions"}],"predecessor-version":[{"id":11164,"href":"https:\/\/www.caritasne2.org.br\/site\/wp-json\/wp\/v2\/posts\/11160\/revisions\/11164"}],"wp:featuredmedia":[{"embeddable":true,"href":"https:\/\/www.caritasne2.org.br\/site\/wp-json\/wp\/v2\/media\/11161"}],"wp:attachment":[{"href":"https:\/\/www.caritasne2.org.br\/site\/wp-json\/wp\/v2\/media?parent=11160"}],"wp:term":[{"taxonomy":"category","embeddable":true,"href":"https:\/\/www.caritasne2.org.br\/site\/wp-json\/wp\/v2\/categories?post=11160"},{"taxonomy":"post_tag","embeddable":true,"href":"https:\/\/www.caritasne2.org.br\/site\/wp-json\/wp\/v2\/tags?post=11160"}],"curies":[{"name":"wp","href":"https:\/\/api.w.org\/{rel}","templated":true}]}}