{"id":11150,"date":"2023-07-18T13:53:13","date_gmt":"2023-07-18T16:53:13","guid":{"rendered":"https:\/\/www.caritasne2.org.br\/site\/?p=11150"},"modified":"2023-07-18T13:58:08","modified_gmt":"2023-07-18T16:58:08","slug":"caritas-regional-ne2-promove-formacao-com-agentes-de-desenvolvimento-local-adls-sobre-implantacao-de-udts","status":"publish","type":"post","link":"https:\/\/www.caritasne2.org.br\/site\/caritas-regional-ne2-promove-formacao-com-agentes-de-desenvolvimento-local-adls-sobre-implantacao-de-udts\/","title":{"rendered":"C\u00e1ritas Regional NE2 promove forma\u00e7\u00e3o com Agentes de Desenvolvimento Local (ADLs) sobre implanta\u00e7\u00e3o de UDTs"},"content":{"rendered":"<p>Para fortalecer e refor\u00e7ar a a\u00e7\u00e3o dos Agentes de Desenvolvimento Local (ADLs), a C\u00e1ritas Regional Nordeste 2 promoveu o segundo encontro formativo com os ADLS que acompanham o projeto Tecendo Redes para o Bem Viver em nove dioceses de seu territ\u00f3rio.<\/p>\n<p>A atividade ocorreu entre os dias 06 e 08 de julho, no Recanto Franciscano &#8211; Sitio Cruz, em Garanhuns e contou com a presen\u00e7a de 17 participantes, entre eles ADLs, diretorias e equipe t\u00e9cnica das entidades membro da C\u00e1ritas Diocesana de Garanhuns, C\u00e1ritas Diocesana de Pesqueira, Funda\u00e7\u00e3o Monsenhor Petronilo Pedrosa, C\u00e1ritas Diocesana de Palmeira dos \u00cdndios, A\u00e7\u00e3o Social Diocesana de Patos, C\u00e1ritas Diocesana de Campina Grande, C\u00e1ritas Diocesana de Guarabira, C\u00e1ritas Diocesana de Mossor\u00f3 e C\u00e1ritas Diocesana de Caic\u00f3.<\/p>\n<p>O encontro formativo teve como objetivos contribuir \u00a0na forma\u00e7\u00e3o sobre agroecologia; apresentar a proposta metodol\u00f3gica para implanta\u00e7\u00e3o das Unidades Demonstrativas Territoriais (UDTs) e possibilitar o di\u00e1logo e conhecimento das tecnologias sociais.<\/p>\n<p><img decoding=\"async\" loading=\"lazy\" class=\" wp-image-11152 aligncenter\" src=\"https:\/\/www.caritasne2.org.br\/site\/wp-content\/uploads\/2023\/07\/WhatsApp-Image-2023-07-13-at-11.38.08-1-300x225.jpeg\" alt=\"\" width=\"467\" height=\"350\" srcset=\"https:\/\/www.caritasne2.org.br\/site\/wp-content\/uploads\/2023\/07\/WhatsApp-Image-2023-07-13-at-11.38.08-1-300x225.jpeg 300w, https:\/\/www.caritasne2.org.br\/site\/wp-content\/uploads\/2023\/07\/WhatsApp-Image-2023-07-13-at-11.38.08-1-1024x768.jpeg 1024w, https:\/\/www.caritasne2.org.br\/site\/wp-content\/uploads\/2023\/07\/WhatsApp-Image-2023-07-13-at-11.38.08-1-768x576.jpeg 768w, https:\/\/www.caritasne2.org.br\/site\/wp-content\/uploads\/2023\/07\/WhatsApp-Image-2023-07-13-at-11.38.08-1-1536x1152.jpeg 1536w, https:\/\/www.caritasne2.org.br\/site\/wp-content\/uploads\/2023\/07\/WhatsApp-Image-2023-07-13-at-11.38.08-1.jpeg 1600w\" sizes=\"(max-width: 467px) 100vw, 467px\" \/><\/p>\n<p>Durante o encontro foi realizado um momento formativo para explanar o processo metodol\u00f3gico de implementa\u00e7\u00e3o das UDTs nas nove dioceses presentes. As UDTs s\u00e3o constitu\u00eddas a partir de quatro tecnologias sociais sendo elas: Fog\u00e3o Ecol\u00f3gico, Biodigestor, Bio\u00e1gua e Canteiro Econ\u00f4mico.<\/p>\n<p><img decoding=\"async\" loading=\"lazy\" class=\"wp-image-11157 aligncenter\" src=\"https:\/\/www.caritasne2.org.br\/site\/wp-content\/uploads\/2023\/07\/WhatsApp-Image-2023-07-13-at-11.38.15-300x225.jpeg\" alt=\"\" width=\"481\" height=\"361\" srcset=\"https:\/\/www.caritasne2.org.br\/site\/wp-content\/uploads\/2023\/07\/WhatsApp-Image-2023-07-13-at-11.38.15-300x225.jpeg 300w, https:\/\/www.caritasne2.org.br\/site\/wp-content\/uploads\/2023\/07\/WhatsApp-Image-2023-07-13-at-11.38.15-1024x768.jpeg 1024w, https:\/\/www.caritasne2.org.br\/site\/wp-content\/uploads\/2023\/07\/WhatsApp-Image-2023-07-13-at-11.38.15-768x576.jpeg 768w, https:\/\/www.caritasne2.org.br\/site\/wp-content\/uploads\/2023\/07\/WhatsApp-Image-2023-07-13-at-11.38.15-1536x1152.jpeg 1536w, https:\/\/www.caritasne2.org.br\/site\/wp-content\/uploads\/2023\/07\/WhatsApp-Image-2023-07-13-at-11.38.15.jpeg 1600w\" sizes=\"(max-width: 481px) 100vw, 481px\" \/><\/p>\n<p>&nbsp;<\/p>\n<p><img decoding=\"async\" loading=\"lazy\" class=\" wp-image-11158 aligncenter\" src=\"https:\/\/www.caritasne2.org.br\/site\/wp-content\/uploads\/2023\/07\/WhatsApp-Image-2023-07-13-at-11.38.17-300x225.jpeg\" alt=\"\" width=\"484\" height=\"363\" srcset=\"https:\/\/www.caritasne2.org.br\/site\/wp-content\/uploads\/2023\/07\/WhatsApp-Image-2023-07-13-at-11.38.17-300x225.jpeg 300w, https:\/\/www.caritasne2.org.br\/site\/wp-content\/uploads\/2023\/07\/WhatsApp-Image-2023-07-13-at-11.38.17-1024x768.jpeg 1024w, https:\/\/www.caritasne2.org.br\/site\/wp-content\/uploads\/2023\/07\/WhatsApp-Image-2023-07-13-at-11.38.17-768x576.jpeg 768w, https:\/\/www.caritasne2.org.br\/site\/wp-content\/uploads\/2023\/07\/WhatsApp-Image-2023-07-13-at-11.38.17-1536x1152.jpeg 1536w, https:\/\/www.caritasne2.org.br\/site\/wp-content\/uploads\/2023\/07\/WhatsApp-Image-2023-07-13-at-11.38.17.jpeg 1600w\" sizes=\"(max-width: 484px) 100vw, 484px\" \/><\/p>\n<p><strong>Unidade Demonstrativa Territorial (UDT)<\/strong><\/p>\n<p>Conjunto de tecnologias sociais, metodologias e pr\u00e1ticas agroecol\u00f3gicas voltadas para a produ\u00e7\u00e3o agr\u00edcola, pecu\u00e1ria, beneficiamento da produ\u00e7\u00e3o, preserva\u00e7\u00e3o e recupera\u00e7\u00e3o de agroecossistemas e ecossistemas degradados, na perspectiva de garantir a seguran\u00e7a h\u00eddrica, alimentar, energ\u00e9tica, econ\u00f4mica, em nutrientes e habitacional das fam\u00edlias.<\/p>\n<p>As UDTs podem servir de refer\u00eancia no territ\u00f3rio como espa\u00e7o pedag\u00f3gico para apoiar e inspirar fam\u00edlias agricultoras, educadores\/as, lideran\u00e7as comunit\u00e1rias e gestores p\u00fablicos na constru\u00e7\u00e3o do conhecimento ecol\u00f3gico, tendo as fam\u00edlias agricultoras como protagonistas de sua pr\u00f3pria hist\u00f3ria, contribuindo na prosperidade do territ\u00f3rio em sua volta.<\/p>\n<ul class=\"ssb_list_wrapper\"><li class=\"fb2\" style=\"width:135px\"><iframe src=\"\/\/www.facebook.com\/plugins\/like.php?href=https%3A%2F%2Fwww.caritasne2.org.br%2Fsite%2Fcaritas-regional-ne2-promove-formacao-com-agentes-de-desenvolvimento-local-adls-sobre-implantacao-de-udts%2F&amp;layout=button_count&amp;action=like&amp;show_faces=false&amp;share=true&amp;width=135&amp;height=21&amp;appId=307091639398582\" scrolling=\"no\" frameborder=\"0\" style=\"border:none; overflow:hidden;  width:150px; height:21px;\" allowTransparency=\"true\"><\/iframe><\/li><li class=\"twtr\" style=\"width:90px\"><a href=\"https:\/\/twitter.com\/share\" class=\"twitter-share-button\" data-url=\"https:\/\/www.caritasne2.org.br\/site\/caritas-regional-ne2-promove-formacao-com-agentes-de-desenvolvimento-local-adls-sobre-implantacao-de-udts\/\">&nbsp;<\/a><script>!function(d,s,id){var js,fjs=d.getElementsByTagName(s)[0],p=\/^http:\/.test(d.location)?'http':'https';if(!d.getElementById(id)){js=d.createElement(s);js.id=id;js.src=p+':\/\/platform.twitter.com\/widgets.js';fjs.parentNode.insertBefore(js,fjs);}}(document, 'script', 'twitter-wjs');<\/script><\/li><li class=\"gplus\" style=\"width:68px\"><div class=\"g-plusone\" data-size=\"medium\" data-href=\"https:\/\/www.caritasne2.org.br\/site\/caritas-regional-ne2-promove-formacao-com-agentes-de-desenvolvimento-local-adls-sobre-implantacao-de-udts\/\"><\/div><\/li><li class=\"ssb_linkedin\" style=\"width:64px\"><script src=\"\/\/platform.linkedin.com\/in.js\" type=\"text\/javascript\">lang: en_US<\/script><script type=\"IN\/Share\" data-url=\"https:\/\/www.caritasne2.org.br\/site\/caritas-regional-ne2-promove-formacao-com-agentes-de-desenvolvimento-local-adls-sobre-implantacao-de-udts\/\" data-counter=\"right\"><\/script><\/li><\/ul>","protected":false},"excerpt":{"rendered":"<p>Para fortalecer e refor\u00e7ar a a\u00e7\u00e3o dos Agentes de Desenvolvimento Local (ADLs), a C\u00e1ritas Regional Nordeste 2 promoveu o segundo encontro formativo com os ADLS que acompanham o projeto Tecendo Redes para o Bem Viver em nove dioceses de seu territ\u00f3rio. A atividade ocorreu entre os dias 06 e 08 de julho, no Recanto Franciscano &#8211; Sitio Cruz, em Garanhuns e contou com a presen\u00e7a [&hellip;]<\/p>\n<ul class=\"ssb_list_wrapper\"><li class=\"fb2\" style=\"width:135px\"><iframe src=\"\/\/www.facebook.com\/plugins\/like.php?href=https%3A%2F%2Fwww.caritasne2.org.br%2Fsite%2Fcaritas-regional-ne2-promove-formacao-com-agentes-de-desenvolvimento-local-adls-sobre-implantacao-de-udts%2F&amp;layout=button_count&amp;action=like&amp;show_faces=false&amp;share=true&amp;width=135&amp;height=21&amp;appId=307091639398582\" scrolling=\"no\" frameborder=\"0\" style=\"border:none; overflow:hidden;  width:150px; height:21px;\" allowTransparency=\"true\"><\/iframe><\/li><li class=\"twtr\" style=\"width:90px\"><a href=\"https:\/\/twitter.com\/share\" class=\"twitter-share-button\" data-url=\"https:\/\/www.caritasne2.org.br\/site\/caritas-regional-ne2-promove-formacao-com-agentes-de-desenvolvimento-local-adls-sobre-implantacao-de-udts\/\">&nbsp;<\/a><script>!function(d,s,id){var js,fjs=d.getElementsByTagName(s)[0],p=\/^http:\/.test(d.location)?'http':'https';if(!d.getElementById(id)){js=d.createElement(s);js.id=id;js.src=p+':\/\/platform.twitter.com\/widgets.js';fjs.parentNode.insertBefore(js,fjs);}}(document, 'script', 'twitter-wjs');<\/script><\/li><li class=\"gplus\" style=\"width:68px\"><div class=\"g-plusone\" data-size=\"medium\" data-href=\"https:\/\/www.caritasne2.org.br\/site\/caritas-regional-ne2-promove-formacao-com-agentes-de-desenvolvimento-local-adls-sobre-implantacao-de-udts\/\"><\/div><\/li><li class=\"ssb_linkedin\" style=\"width:64px\"><script src=\"\/\/platform.linkedin.com\/in.js\" type=\"text\/javascript\">lang: en_US<\/script><script type=\"IN\/Share\" data-url=\"https:\/\/www.caritasne2.org.br\/site\/caritas-regional-ne2-promove-formacao-com-agentes-de-desenvolvimento-local-adls-sobre-implantacao-de-udts\/\" data-counter=\"right\"><\/script><\/li><\/ul>","protected":false},"author":4,"featured_media":11151,"comment_status":"open","ping_status":"open","sticky":false,"template":"","format":"standard","meta":[],"categories":[21,20],"tags":[],"_links":{"self":[{"href":"https:\/\/www.caritasne2.org.br\/site\/wp-json\/wp\/v2\/posts\/11150"}],"collection":[{"href":"https:\/\/www.caritasne2.org.br\/site\/wp-json\/wp\/v2\/posts"}],"about":[{"href":"https:\/\/www.caritasne2.org.br\/site\/wp-json\/wp\/v2\/types\/post"}],"author":[{"embeddable":true,"href":"https:\/\/www.caritasne2.org.br\/site\/wp-json\/wp\/v2\/users\/4"}],"replies":[{"embeddable":true,"href":"https:\/\/www.caritasne2.org.br\/site\/wp-json\/wp\/v2\/comments?post=11150"}],"version-history":[{"count":3,"href":"https:\/\/www.caritasne2.org.br\/site\/wp-json\/wp\/v2\/posts\/11150\/revisions"}],"predecessor-version":[{"id":11159,"href":"https:\/\/www.caritasne2.org.br\/site\/wp-json\/wp\/v2\/posts\/11150\/revisions\/11159"}],"wp:featuredmedia":[{"embeddable":true,"href":"https:\/\/www.caritasne2.org.br\/site\/wp-json\/wp\/v2\/media\/11151"}],"wp:attachment":[{"href":"https:\/\/www.caritasne2.org.br\/site\/wp-json\/wp\/v2\/media?parent=11150"}],"wp:term":[{"taxonomy":"category","embeddable":true,"href":"https:\/\/www.caritasne2.org.br\/site\/wp-json\/wp\/v2\/categories?post=11150"},{"taxonomy":"post_tag","embeddable":true,"href":"https:\/\/www.caritasne2.org.br\/site\/wp-json\/wp\/v2\/tags?post=11150"}],"curies":[{"name":"wp","href":"https:\/\/api.w.org\/{rel}","templated":true}]}}