{"id":1115,"date":"2013-06-21T14:34:39","date_gmt":"2013-06-21T17:34:39","guid":{"rendered":"http:\/\/ne2.caritas.org.br.s174889.gridserver.com\/?p=1115"},"modified":"2017-07-11T15:24:01","modified_gmt":"2017-07-11T18:24:01","slug":"caritas-brasileira-lanca-iv-premio-odair-firmino-de-solidariedade","status":"publish","type":"post","link":"https:\/\/www.caritasne2.org.br\/site\/caritas-brasileira-lanca-iv-premio-odair-firmino-de-solidariedade\/","title":{"rendered":"C\u00e1ritas Brasileira lan\u00e7a IV Pr\u00eamio Odair Firmino de Solidariedade"},"content":{"rendered":"<p style=\"text-align: center;\">Este ano a entidade reconhecer\u00e1 experi\u00eancias que lutam para a supera\u00e7\u00e3o da pobreza extrema; inscri\u00e7\u00f5es come\u00e7am hoje e v\u00e3o at\u00e9 o dia 15 de agosto<\/p>\n<p style=\"text-align: center;\">\n<p style=\"text-align: justify;\">Soberania alimentar e solidariedade: alternativas para as desigualdades sociais. Esse \u00e9 o tema da quarta edi\u00e7\u00e3o do Pr\u00eamio Odair Firmino de Solidariedade que, neste ano, quer refletir e debater junto com a sociedade brasileira propostas de supera\u00e7\u00e3o da pobreza extrema e das desigualdades sociais.<\/p>\n<p style=\"text-align: justify;\">\u00a0As inscri\u00e7\u00f5es come\u00e7am hoje, dia 20 de junho, e v\u00e3o at\u00e9 o dia 15 de agosto. Para se inscrever \u00e9 preciso preencher uma ficha dispon\u00edvel on-line e enviar para o e-mail: caritas@caritas.org.br. Tr\u00eas experi\u00eancias ser\u00e3o premiadas e receber\u00e3o R$ 10 mil (primeiro colocado), R$ 5 mil (segundo colocado) e R$ 3 mil (terceiro colocado).<\/p>\n<p style=\"text-align: justify;\">Promovido pela C\u00e1ritas Brasileira, o Pr\u00eamio Odair Firmino reconhece os esfor\u00e7os de organiza\u00e7\u00f5es, entidades, associa\u00e7\u00f5es e grupos populares que lutam em defesa e pela melhoria da vida.<\/p>\n<p style=\"text-align: justify;\">\u00a0A iniciativa \u00e9 voltada para grupos, organiza\u00e7\u00f5es sociais, associa\u00e7\u00f5es e cooperativas, entidades e grupos comunit\u00e1rios, todos eles de abrang\u00eancia local.<\/p>\n<p style=\"text-align: justify;\">\u00a0Outras informa\u00e7\u00f5es na p\u00e1gina oficial do pr\u00eamio <a title=\"CLIQUE AQUI\" href=\"http:\/\/premioodairfirmino.caritas.org.br\/\">CLIQUE AQUI<\/a><\/p>\n<p style=\"text-align: justify;\">\u00a0por Thays Puzzi, assessora de Comunica\u00e7\u00e3o da C\u00e1ritas Brasileira \/ Secretariado Nacional<\/p>\n<ul class=\"ssb_list_wrapper\"><li class=\"fb2\" style=\"width:135px\"><iframe src=\"\/\/www.facebook.com\/plugins\/like.php?href=https%3A%2F%2Fwww.caritasne2.org.br%2Fsite%2Fcaritas-brasileira-lanca-iv-premio-odair-firmino-de-solidariedade%2F&amp;layout=button_count&amp;action=like&amp;show_faces=false&amp;share=true&amp;width=135&amp;height=21&amp;appId=307091639398582\" scrolling=\"no\" frameborder=\"0\" style=\"border:none; overflow:hidden;  width:150px; height:21px;\" allowTransparency=\"true\"><\/iframe><\/li><li class=\"twtr\" style=\"width:90px\"><a href=\"https:\/\/twitter.com\/share\" class=\"twitter-share-button\" data-url=\"https:\/\/www.caritasne2.org.br\/site\/caritas-brasileira-lanca-iv-premio-odair-firmino-de-solidariedade\/\">&nbsp;<\/a><script>!function(d,s,id){var js,fjs=d.getElementsByTagName(s)[0],p=\/^http:\/.test(d.location)?'http':'https';if(!d.getElementById(id)){js=d.createElement(s);js.id=id;js.src=p+':\/\/platform.twitter.com\/widgets.js';fjs.parentNode.insertBefore(js,fjs);}}(document, 'script', 'twitter-wjs');<\/script><\/li><li class=\"gplus\" style=\"width:68px\"><div class=\"g-plusone\" data-size=\"medium\" data-href=\"https:\/\/www.caritasne2.org.br\/site\/caritas-brasileira-lanca-iv-premio-odair-firmino-de-solidariedade\/\"><\/div><\/li><li class=\"ssb_linkedin\" style=\"width:64px\"><script src=\"\/\/platform.linkedin.com\/in.js\" type=\"text\/javascript\">lang: en_US<\/script><script type=\"IN\/Share\" data-url=\"https:\/\/www.caritasne2.org.br\/site\/caritas-brasileira-lanca-iv-premio-odair-firmino-de-solidariedade\/\" data-counter=\"right\"><\/script><\/li><\/ul>","protected":false},"excerpt":{"rendered":"<p>Este ano a entidade reconhecer\u00e1 experi\u00eancias que lutam para a supera\u00e7\u00e3o da pobreza extrema; inscri\u00e7\u00f5es come\u00e7am hoje e v\u00e3o at\u00e9 o dia 15 de agosto Soberania alimentar e solidariedade: alternativas para as desigualdades sociais. Esse \u00e9 o tema da quarta edi\u00e7\u00e3o do Pr\u00eamio Odair Firmino de Solidariedade que, neste ano, quer refletir e debater junto com a sociedade brasileira propostas de supera\u00e7\u00e3o da pobreza extrema [&hellip;]<\/p>\n<ul class=\"ssb_list_wrapper\"><li class=\"fb2\" style=\"width:135px\"><iframe src=\"\/\/www.facebook.com\/plugins\/like.php?href=https%3A%2F%2Fwww.caritasne2.org.br%2Fsite%2Fcaritas-brasileira-lanca-iv-premio-odair-firmino-de-solidariedade%2F&amp;layout=button_count&amp;action=like&amp;show_faces=false&amp;share=true&amp;width=135&amp;height=21&amp;appId=307091639398582\" scrolling=\"no\" frameborder=\"0\" style=\"border:none; overflow:hidden;  width:150px; height:21px;\" allowTransparency=\"true\"><\/iframe><\/li><li class=\"twtr\" style=\"width:90px\"><a href=\"https:\/\/twitter.com\/share\" class=\"twitter-share-button\" data-url=\"https:\/\/www.caritasne2.org.br\/site\/caritas-brasileira-lanca-iv-premio-odair-firmino-de-solidariedade\/\">&nbsp;<\/a><script>!function(d,s,id){var js,fjs=d.getElementsByTagName(s)[0],p=\/^http:\/.test(d.location)?'http':'https';if(!d.getElementById(id)){js=d.createElement(s);js.id=id;js.src=p+':\/\/platform.twitter.com\/widgets.js';fjs.parentNode.insertBefore(js,fjs);}}(document, 'script', 'twitter-wjs');<\/script><\/li><li class=\"gplus\" style=\"width:68px\"><div class=\"g-plusone\" data-size=\"medium\" data-href=\"https:\/\/www.caritasne2.org.br\/site\/caritas-brasileira-lanca-iv-premio-odair-firmino-de-solidariedade\/\"><\/div><\/li><li class=\"ssb_linkedin\" style=\"width:64px\"><script src=\"\/\/platform.linkedin.com\/in.js\" type=\"text\/javascript\">lang: en_US<\/script><script type=\"IN\/Share\" data-url=\"https:\/\/www.caritasne2.org.br\/site\/caritas-brasileira-lanca-iv-premio-odair-firmino-de-solidariedade\/\" data-counter=\"right\"><\/script><\/li><\/ul>","protected":false},"author":4,"featured_media":1116,"comment_status":"open","ping_status":"open","sticky":false,"template":"","format":"standard","meta":[],"categories":[20,239],"tags":[67,237,238,69,240],"_links":{"self":[{"href":"https:\/\/www.caritasne2.org.br\/site\/wp-json\/wp\/v2\/posts\/1115"}],"collection":[{"href":"https:\/\/www.caritasne2.org.br\/site\/wp-json\/wp\/v2\/posts"}],"about":[{"href":"https:\/\/www.caritasne2.org.br\/site\/wp-json\/wp\/v2\/types\/post"}],"author":[{"embeddable":true,"href":"https:\/\/www.caritasne2.org.br\/site\/wp-json\/wp\/v2\/users\/4"}],"replies":[{"embeddable":true,"href":"https:\/\/www.caritasne2.org.br\/site\/wp-json\/wp\/v2\/comments?post=1115"}],"version-history":[{"count":0,"href":"https:\/\/www.caritasne2.org.br\/site\/wp-json\/wp\/v2\/posts\/1115\/revisions"}],"wp:featuredmedia":[{"embeddable":true,"href":"https:\/\/www.caritasne2.org.br\/site\/wp-json\/wp\/v2\/media\/1116"}],"wp:attachment":[{"href":"https:\/\/www.caritasne2.org.br\/site\/wp-json\/wp\/v2\/media?parent=1115"}],"wp:term":[{"taxonomy":"category","embeddable":true,"href":"https:\/\/www.caritasne2.org.br\/site\/wp-json\/wp\/v2\/categories?post=1115"},{"taxonomy":"post_tag","embeddable":true,"href":"https:\/\/www.caritasne2.org.br\/site\/wp-json\/wp\/v2\/tags?post=1115"}],"curies":[{"name":"wp","href":"https:\/\/api.w.org\/{rel}","templated":true}]}}