{"id":11131,"date":"2023-07-13T17:00:02","date_gmt":"2023-07-13T20:00:02","guid":{"rendered":"https:\/\/www.caritasne2.org.br\/site\/?p=11131"},"modified":"2023-09-07T12:19:21","modified_gmt":"2023-09-07T15:19:21","slug":"caritas-brasileira-ne2-realiza-visita-as-comunidades-afetadas-por-enchentes-em-alagoas-e-pernambuco","status":"publish","type":"post","link":"https:\/\/www.caritasne2.org.br\/site\/caritas-brasileira-ne2-realiza-visita-as-comunidades-afetadas-por-enchentes-em-alagoas-e-pernambuco\/","title":{"rendered":"C\u00e1ritas Brasileira NE2 realiza visita \u00e0s comunidades afetadas por enchentes em Alagoas e Pernambuco"},"content":{"rendered":"<p style=\"text-align: center;\"><em>Os direitos humanos s\u00e3o violados n\u00e3o s\u00f3 pelo terrorismo, a repress\u00e3o, os assassinatos, mas tamb\u00e9m pela exist\u00eancia de extrema pobreza e estruturas econ\u00f4micas injustas, que originam as grandes desigualdades. Papa Francisco<\/em><\/p>\n<p style=\"text-align: justify;\">Essa frase do Papa resume um pouco o cen\u00e1rio impactante e desolador encontrado em Alagoas e Pernambuco, esta foi a sensa\u00e7\u00e3o que descreve a cena de entulhos e destro\u00e7os de quem perdeu seus bens levados pela enchente que afetou as regi\u00f5es dos Estados. Nesta quarta-feira, 10, uma equipe da C\u00e1ritas Brasileira NE2, realizou uma visita de monitoramento para conhecer a realidade deixada em comunidades afetadas pelas fortes chuvas, como Passos de Camaragibe, Jatob\u00e1, Gustavo Braga em Alagoas, na regi\u00e3o da Arquidiocese de Macei\u00f3 e Santo Ant\u00f4nio dos Palmares e Xex\u00e9u na diocese de Palmares.<\/p>\n<p style=\"text-align: justify;\">O objetivo da visita foi encaminhar uma a\u00e7\u00e3o efetiva entre a C\u00e1ritas Brasileira NE2 com a Funda\u00e7\u00e3o Banco do Brasil atrav\u00e9s de um projeto emergencial para levar suprimentos \u00e0 essas pessoas como alimentos, itens de higiene e limpeza, colch\u00f5es e etc.<\/p>\n<p style=\"text-align: justify;\">Estiveram presentes na visita a secret\u00e1ria executiva, Neilda Pereira da Silva, a assessora da \u00e1rea de Meio Ambiente Gest\u00e3o de Risco e Emerg\u00eancias \u2013 MAGRE, Luciana Flor\u00eancio, padre Agivaldo do munic\u00edpio de \u00c1gua Preta, Diocese de Palmares, padre Luiz Ant\u00f4nio de Passos de Camaragibe, em Alagoas com uma equipe de volunt\u00e1rios(as) e outros padres apoiando a visita.<\/p>\n<p><img decoding=\"async\" loading=\"lazy\" class=\" wp-image-11132 aligncenter\" src=\"https:\/\/www.caritasne2.org.br\/site\/wp-content\/uploads\/2023\/07\/WhatsApp-Image-2023-07-12-at-21.05.32-300x225.jpeg\" alt=\"\" width=\"459\" height=\"344\" srcset=\"https:\/\/www.caritasne2.org.br\/site\/wp-content\/uploads\/2023\/07\/WhatsApp-Image-2023-07-12-at-21.05.32-300x225.jpeg 300w, https:\/\/www.caritasne2.org.br\/site\/wp-content\/uploads\/2023\/07\/WhatsApp-Image-2023-07-12-at-21.05.32-768x576.jpeg 768w, https:\/\/www.caritasne2.org.br\/site\/wp-content\/uploads\/2023\/07\/WhatsApp-Image-2023-07-12-at-21.05.32.jpeg 1024w\" sizes=\"(max-width: 459px) 100vw, 459px\" \/><\/p>\n<p style=\"text-align: center;\"><em>\u201cSeca-se as \u00e1guas e a realidade volta tudo de novo, \u00e9 muita lama. Bom seria que n\u00e3o fossem feitos apenas registros de fotos e v\u00eddeos\u201d<\/em><\/p>\n<p style=\"text-align: center;\"><em><strong>Dona Rosineide Maria da Silva, Moradora do munic\u00edpio de \u00c1gua Preta.<\/strong><\/em><\/p>\n<p>&nbsp;<\/p>\n<p><img decoding=\"async\" loading=\"lazy\" class=\"wp-image-11134 aligncenter\" src=\"https:\/\/www.caritasne2.org.br\/site\/wp-content\/uploads\/2023\/07\/WhatsApp-Image-2023-07-12-at-17.44.18-2-300x225.jpeg\" alt=\"\" width=\"423\" height=\"317\" srcset=\"https:\/\/www.caritasne2.org.br\/site\/wp-content\/uploads\/2023\/07\/WhatsApp-Image-2023-07-12-at-17.44.18-2-300x225.jpeg 300w, https:\/\/www.caritasne2.org.br\/site\/wp-content\/uploads\/2023\/07\/WhatsApp-Image-2023-07-12-at-17.44.18-2-768x576.jpeg 768w, https:\/\/www.caritasne2.org.br\/site\/wp-content\/uploads\/2023\/07\/WhatsApp-Image-2023-07-12-at-17.44.18-2.jpeg 1024w\" sizes=\"(max-width: 423px) 100vw, 423px\" \/><\/p>\n<p><img decoding=\"async\" loading=\"lazy\" class=\"wp-image-11135 aligncenter\" src=\"https:\/\/www.caritasne2.org.br\/site\/wp-content\/uploads\/2023\/07\/WhatsApp-Image-2023-07-12-at-17.44.18-3-300x225.jpeg\" alt=\"\" width=\"433\" height=\"325\" srcset=\"https:\/\/www.caritasne2.org.br\/site\/wp-content\/uploads\/2023\/07\/WhatsApp-Image-2023-07-12-at-17.44.18-3-300x225.jpeg 300w, https:\/\/www.caritasne2.org.br\/site\/wp-content\/uploads\/2023\/07\/WhatsApp-Image-2023-07-12-at-17.44.18-3-768x576.jpeg 768w, https:\/\/www.caritasne2.org.br\/site\/wp-content\/uploads\/2023\/07\/WhatsApp-Image-2023-07-12-at-17.44.18-3.jpeg 1024w\" sizes=\"(max-width: 433px) 100vw, 433px\" \/><\/p>\n<p><img decoding=\"async\" loading=\"lazy\" class=\"wp-image-11136 aligncenter\" src=\"https:\/\/www.caritasne2.org.br\/site\/wp-content\/uploads\/2023\/07\/WhatsApp-Image-2023-07-12-at-17.44.18-10-300x225.jpeg\" alt=\"\" width=\"435\" height=\"326\" srcset=\"https:\/\/www.caritasne2.org.br\/site\/wp-content\/uploads\/2023\/07\/WhatsApp-Image-2023-07-12-at-17.44.18-10-300x225.jpeg 300w, https:\/\/www.caritasne2.org.br\/site\/wp-content\/uploads\/2023\/07\/WhatsApp-Image-2023-07-12-at-17.44.18-10-768x576.jpeg 768w, https:\/\/www.caritasne2.org.br\/site\/wp-content\/uploads\/2023\/07\/WhatsApp-Image-2023-07-12-at-17.44.18-10.jpeg 1024w\" sizes=\"(max-width: 435px) 100vw, 435px\" \/><\/p>\n<p><img decoding=\"async\" loading=\"lazy\" class=\"wp-image-11137 aligncenter\" src=\"https:\/\/www.caritasne2.org.br\/site\/wp-content\/uploads\/2023\/07\/WhatsApp-Image-2023-07-12-at-17.44.18-300x225.jpeg\" alt=\"\" width=\"423\" height=\"317\" srcset=\"https:\/\/www.caritasne2.org.br\/site\/wp-content\/uploads\/2023\/07\/WhatsApp-Image-2023-07-12-at-17.44.18-300x225.jpeg 300w, https:\/\/www.caritasne2.org.br\/site\/wp-content\/uploads\/2023\/07\/WhatsApp-Image-2023-07-12-at-17.44.18-768x576.jpeg 768w, https:\/\/www.caritasne2.org.br\/site\/wp-content\/uploads\/2023\/07\/WhatsApp-Image-2023-07-12-at-17.44.18.jpeg 1024w\" sizes=\"(max-width: 423px) 100vw, 423px\" \/><\/p>\n<p><img decoding=\"async\" loading=\"lazy\" class=\"wp-image-11141 aligncenter\" src=\"https:\/\/www.caritasne2.org.br\/site\/wp-content\/uploads\/2023\/07\/WhatsApp-Image-2023-07-13-at-08.15.27-300x225.jpeg\" alt=\"\" width=\"439\" height=\"329\" srcset=\"https:\/\/www.caritasne2.org.br\/site\/wp-content\/uploads\/2023\/07\/WhatsApp-Image-2023-07-13-at-08.15.27-300x225.jpeg 300w, https:\/\/www.caritasne2.org.br\/site\/wp-content\/uploads\/2023\/07\/WhatsApp-Image-2023-07-13-at-08.15.27-1024x768.jpeg 1024w, https:\/\/www.caritasne2.org.br\/site\/wp-content\/uploads\/2023\/07\/WhatsApp-Image-2023-07-13-at-08.15.27-768x576.jpeg 768w, https:\/\/www.caritasne2.org.br\/site\/wp-content\/uploads\/2023\/07\/WhatsApp-Image-2023-07-13-at-08.15.27-1536x1152.jpeg 1536w, https:\/\/www.caritasne2.org.br\/site\/wp-content\/uploads\/2023\/07\/WhatsApp-Image-2023-07-13-at-08.15.27.jpeg 1600w\" sizes=\"(max-width: 439px) 100vw, 439px\" \/><\/p>\n<p><img decoding=\"async\" loading=\"lazy\" class=\"wp-image-11142 aligncenter\" src=\"https:\/\/www.caritasne2.org.br\/site\/wp-content\/uploads\/2023\/07\/WhatsApp-Image-2023-07-13-at-08.15.28-300x225.jpeg\" alt=\"\" width=\"397\" height=\"298\" srcset=\"https:\/\/www.caritasne2.org.br\/site\/wp-content\/uploads\/2023\/07\/WhatsApp-Image-2023-07-13-at-08.15.28-300x225.jpeg 300w, https:\/\/www.caritasne2.org.br\/site\/wp-content\/uploads\/2023\/07\/WhatsApp-Image-2023-07-13-at-08.15.28-1024x768.jpeg 1024w, https:\/\/www.caritasne2.org.br\/site\/wp-content\/uploads\/2023\/07\/WhatsApp-Image-2023-07-13-at-08.15.28-768x576.jpeg 768w, https:\/\/www.caritasne2.org.br\/site\/wp-content\/uploads\/2023\/07\/WhatsApp-Image-2023-07-13-at-08.15.28-1536x1152.jpeg 1536w, https:\/\/www.caritasne2.org.br\/site\/wp-content\/uploads\/2023\/07\/WhatsApp-Image-2023-07-13-at-08.15.28.jpeg 1600w\" sizes=\"(max-width: 397px) 100vw, 397px\" \/><\/p>\n<p><img decoding=\"async\" loading=\"lazy\" class=\"wp-image-11143 aligncenter\" src=\"https:\/\/www.caritasne2.org.br\/site\/wp-content\/uploads\/2023\/07\/WhatsApp-Image-2023-07-13-at-08.15.35-300x225.jpeg\" alt=\"\" width=\"397\" height=\"298\" srcset=\"https:\/\/www.caritasne2.org.br\/site\/wp-content\/uploads\/2023\/07\/WhatsApp-Image-2023-07-13-at-08.15.35-300x225.jpeg 300w, https:\/\/www.caritasne2.org.br\/site\/wp-content\/uploads\/2023\/07\/WhatsApp-Image-2023-07-13-at-08.15.35-1024x768.jpeg 1024w, https:\/\/www.caritasne2.org.br\/site\/wp-content\/uploads\/2023\/07\/WhatsApp-Image-2023-07-13-at-08.15.35-768x576.jpeg 768w, https:\/\/www.caritasne2.org.br\/site\/wp-content\/uploads\/2023\/07\/WhatsApp-Image-2023-07-13-at-08.15.35-1536x1152.jpeg 1536w, https:\/\/www.caritasne2.org.br\/site\/wp-content\/uploads\/2023\/07\/WhatsApp-Image-2023-07-13-at-08.15.35.jpeg 1600w\" sizes=\"(max-width: 397px) 100vw, 397px\" \/><\/p>\n<p>&nbsp;<\/p>\n<p><img decoding=\"async\" loading=\"lazy\" class=\"wp-image-11139 aligncenter\" src=\"https:\/\/www.caritasne2.org.br\/site\/wp-content\/uploads\/2023\/07\/WhatsApp-Image-2023-07-12-at-17.43.08-3-300x225.jpeg\" alt=\"\" width=\"425\" height=\"319\" srcset=\"https:\/\/www.caritasne2.org.br\/site\/wp-content\/uploads\/2023\/07\/WhatsApp-Image-2023-07-12-at-17.43.08-3-300x225.jpeg 300w, https:\/\/www.caritasne2.org.br\/site\/wp-content\/uploads\/2023\/07\/WhatsApp-Image-2023-07-12-at-17.43.08-3-768x576.jpeg 768w, https:\/\/www.caritasne2.org.br\/site\/wp-content\/uploads\/2023\/07\/WhatsApp-Image-2023-07-12-at-17.43.08-3.jpeg 1024w\" sizes=\"(max-width: 425px) 100vw, 425px\" \/><\/p>\n<p><img decoding=\"async\" loading=\"lazy\" class=\"wp-image-11140 aligncenter\" src=\"https:\/\/www.caritasne2.org.br\/site\/wp-content\/uploads\/2023\/07\/WhatsApp-Image-2023-07-12-at-17.43.08-4-300x225.jpeg\" alt=\"\" width=\"422\" height=\"317\" srcset=\"https:\/\/www.caritasne2.org.br\/site\/wp-content\/uploads\/2023\/07\/WhatsApp-Image-2023-07-12-at-17.43.08-4-300x225.jpeg 300w, https:\/\/www.caritasne2.org.br\/site\/wp-content\/uploads\/2023\/07\/WhatsApp-Image-2023-07-12-at-17.43.08-4-768x576.jpeg 768w, https:\/\/www.caritasne2.org.br\/site\/wp-content\/uploads\/2023\/07\/WhatsApp-Image-2023-07-12-at-17.43.08-4.jpeg 1024w\" sizes=\"(max-width: 422px) 100vw, 422px\" \/><\/p>\n<ul class=\"ssb_list_wrapper\"><li class=\"fb2\" style=\"width:135px\"><iframe src=\"\/\/www.facebook.com\/plugins\/like.php?href=https%3A%2F%2Fwww.caritasne2.org.br%2Fsite%2Fcaritas-brasileira-ne2-realiza-visita-as-comunidades-afetadas-por-enchentes-em-alagoas-e-pernambuco%2F&amp;layout=button_count&amp;action=like&amp;show_faces=false&amp;share=true&amp;width=135&amp;height=21&amp;appId=307091639398582\" scrolling=\"no\" frameborder=\"0\" style=\"border:none; overflow:hidden;  width:150px; height:21px;\" allowTransparency=\"true\"><\/iframe><\/li><li class=\"twtr\" style=\"width:90px\"><a href=\"https:\/\/twitter.com\/share\" class=\"twitter-share-button\" data-url=\"https:\/\/www.caritasne2.org.br\/site\/caritas-brasileira-ne2-realiza-visita-as-comunidades-afetadas-por-enchentes-em-alagoas-e-pernambuco\/\">&nbsp;<\/a><script>!function(d,s,id){var js,fjs=d.getElementsByTagName(s)[0],p=\/^http:\/.test(d.location)?'http':'https';if(!d.getElementById(id)){js=d.createElement(s);js.id=id;js.src=p+':\/\/platform.twitter.com\/widgets.js';fjs.parentNode.insertBefore(js,fjs);}}(document, 'script', 'twitter-wjs');<\/script><\/li><li class=\"gplus\" style=\"width:68px\"><div class=\"g-plusone\" data-size=\"medium\" data-href=\"https:\/\/www.caritasne2.org.br\/site\/caritas-brasileira-ne2-realiza-visita-as-comunidades-afetadas-por-enchentes-em-alagoas-e-pernambuco\/\"><\/div><\/li><li class=\"ssb_linkedin\" style=\"width:64px\"><script src=\"\/\/platform.linkedin.com\/in.js\" type=\"text\/javascript\">lang: en_US<\/script><script type=\"IN\/Share\" data-url=\"https:\/\/www.caritasne2.org.br\/site\/caritas-brasileira-ne2-realiza-visita-as-comunidades-afetadas-por-enchentes-em-alagoas-e-pernambuco\/\" data-counter=\"right\"><\/script><\/li><\/ul>","protected":false},"excerpt":{"rendered":"<p>Os direitos humanos s\u00e3o violados n\u00e3o s\u00f3 pelo terrorismo, a repress\u00e3o, os assassinatos, mas tamb\u00e9m pela exist\u00eancia de extrema pobreza e estruturas econ\u00f4micas injustas, que originam as grandes desigualdades. Papa Francisco Essa frase do Papa resume um pouco o cen\u00e1rio impactante e desolador encontrado em Alagoas e Pernambuco, esta foi a sensa\u00e7\u00e3o que descreve a cena de entulhos e destro\u00e7os de quem perdeu seus bens [&hellip;]<\/p>\n<ul class=\"ssb_list_wrapper\"><li class=\"fb2\" style=\"width:135px\"><iframe src=\"\/\/www.facebook.com\/plugins\/like.php?href=https%3A%2F%2Fwww.caritasne2.org.br%2Fsite%2Fcaritas-brasileira-ne2-realiza-visita-as-comunidades-afetadas-por-enchentes-em-alagoas-e-pernambuco%2F&amp;layout=button_count&amp;action=like&amp;show_faces=false&amp;share=true&amp;width=135&amp;height=21&amp;appId=307091639398582\" scrolling=\"no\" frameborder=\"0\" style=\"border:none; overflow:hidden;  width:150px; height:21px;\" allowTransparency=\"true\"><\/iframe><\/li><li class=\"twtr\" style=\"width:90px\"><a href=\"https:\/\/twitter.com\/share\" class=\"twitter-share-button\" data-url=\"https:\/\/www.caritasne2.org.br\/site\/caritas-brasileira-ne2-realiza-visita-as-comunidades-afetadas-por-enchentes-em-alagoas-e-pernambuco\/\">&nbsp;<\/a><script>!function(d,s,id){var js,fjs=d.getElementsByTagName(s)[0],p=\/^http:\/.test(d.location)?'http':'https';if(!d.getElementById(id)){js=d.createElement(s);js.id=id;js.src=p+':\/\/platform.twitter.com\/widgets.js';fjs.parentNode.insertBefore(js,fjs);}}(document, 'script', 'twitter-wjs');<\/script><\/li><li class=\"gplus\" style=\"width:68px\"><div class=\"g-plusone\" data-size=\"medium\" data-href=\"https:\/\/www.caritasne2.org.br\/site\/caritas-brasileira-ne2-realiza-visita-as-comunidades-afetadas-por-enchentes-em-alagoas-e-pernambuco\/\"><\/div><\/li><li class=\"ssb_linkedin\" style=\"width:64px\"><script src=\"\/\/platform.linkedin.com\/in.js\" type=\"text\/javascript\">lang: en_US<\/script><script type=\"IN\/Share\" data-url=\"https:\/\/www.caritasne2.org.br\/site\/caritas-brasileira-ne2-realiza-visita-as-comunidades-afetadas-por-enchentes-em-alagoas-e-pernambuco\/\" data-counter=\"right\"><\/script><\/li><\/ul>","protected":false},"author":4,"featured_media":11133,"comment_status":"open","ping_status":"open","sticky":false,"template":"","format":"standard","meta":[],"categories":[21,20],"tags":[],"_links":{"self":[{"href":"https:\/\/www.caritasne2.org.br\/site\/wp-json\/wp\/v2\/posts\/11131"}],"collection":[{"href":"https:\/\/www.caritasne2.org.br\/site\/wp-json\/wp\/v2\/posts"}],"about":[{"href":"https:\/\/www.caritasne2.org.br\/site\/wp-json\/wp\/v2\/types\/post"}],"author":[{"embeddable":true,"href":"https:\/\/www.caritasne2.org.br\/site\/wp-json\/wp\/v2\/users\/4"}],"replies":[{"embeddable":true,"href":"https:\/\/www.caritasne2.org.br\/site\/wp-json\/wp\/v2\/comments?post=11131"}],"version-history":[{"count":7,"href":"https:\/\/www.caritasne2.org.br\/site\/wp-json\/wp\/v2\/posts\/11131\/revisions"}],"predecessor-version":[{"id":11364,"href":"https:\/\/www.caritasne2.org.br\/site\/wp-json\/wp\/v2\/posts\/11131\/revisions\/11364"}],"wp:featuredmedia":[{"embeddable":true,"href":"https:\/\/www.caritasne2.org.br\/site\/wp-json\/wp\/v2\/media\/11133"}],"wp:attachment":[{"href":"https:\/\/www.caritasne2.org.br\/site\/wp-json\/wp\/v2\/media?parent=11131"}],"wp:term":[{"taxonomy":"category","embeddable":true,"href":"https:\/\/www.caritasne2.org.br\/site\/wp-json\/wp\/v2\/categories?post=11131"},{"taxonomy":"post_tag","embeddable":true,"href":"https:\/\/www.caritasne2.org.br\/site\/wp-json\/wp\/v2\/tags?post=11131"}],"curies":[{"name":"wp","href":"https:\/\/api.w.org\/{rel}","templated":true}]}}