{"id":11122,"date":"2023-07-07T16:00:22","date_gmt":"2023-07-07T19:00:22","guid":{"rendered":"https:\/\/www.caritasne2.org.br\/site\/?p=11122"},"modified":"2023-07-07T16:11:04","modified_gmt":"2023-07-07T19:11:04","slug":"caritas-paroquial-de-montadas-lanca-terceira-edicao-da-revista-acoes-caritas-com-atividades-desenvolvidas-na-regiao","status":"publish","type":"post","link":"https:\/\/www.caritasne2.org.br\/site\/caritas-paroquial-de-montadas-lanca-terceira-edicao-da-revista-acoes-caritas-com-atividades-desenvolvidas-na-regiao\/","title":{"rendered":"C\u00e1ritas Paroquial de Montadas lan\u00e7a terceira edi\u00e7\u00e3o da revista \u201cA\u00e7\u00f5es C\u00e1ritas\u201d com atividades desenvolvidas na regi\u00e3o"},"content":{"rendered":"<p>\u201cOrganiza\u00e7\u00e3o, fortalecimento e sustentabilidade da Rede C\u00e1ritas\u201d, \u00e9 uma das orienta\u00e7\u00f5es estrat\u00e9gicas do Marco Referencial da C\u00e1ritas Brasileira Regional NE2-CBNE2. A partir dessa orienta\u00e7\u00e3o, a C\u00e1ritas busca incentivar e fortalecer a comunica\u00e7\u00e3o popular nas a\u00e7\u00f5es realizadas pelas 19 entidades membro que fazem parte da Rede C\u00e1ritas no regional nordeste 2.<\/p>\n<p>Com isso, nos quatro estados acompanhados pela CBNE2: Alagoas, Pernambuco, Para\u00edba e Rio Grande do Norte, s\u00e3o desenvolvidas oficinas, reuni\u00f5es e forma\u00e7\u00f5es para fomentar o protagonismo e autonomia das entidades em constru\u00edrem seus materiais de comunica\u00e7\u00e3o, assim como, folders, cards, boletins e revistas.<\/p>\n<p>Colocando em pr\u00e1tica as orienta\u00e7\u00f5es e se tornando um multiplicador desse objetivo, a C\u00e1ritas Paroquial de S\u00e3o Jos\u00e9 de Montadas, na Para\u00edba, que faz parte da C\u00e1ritas Diocesana de Campina Grande, criou a revista \u201cA\u00e7\u00f5es da C\u00e1ritas\u201d, publicada a cada seis meses.<\/p>\n<p>O instrumental j\u00e1 est\u00e1 na sua terceira edi\u00e7\u00e3o e traz mat\u00e9rias e dados que mostram a atua\u00e7\u00e3o da institui\u00e7\u00e3o na regi\u00e3o e explica para a sociedade no geral o que \u00e9 a C\u00e1ritas, quais suas linhas de atua\u00e7\u00e3o, e como essas linhas de atua\u00e7\u00e3o s\u00e3o implementadas no munic\u00edpio de montadas.<\/p>\n<p>A terceira edi\u00e7\u00e3o da revista pode ser conferida <a href=\"https:\/\/drive.google.com\/file\/d\/1d7B9imC-cmQc9JLqbKGiK1cD2LSrnjdh\/view?usp=drive_link\" target=\"_blank\" rel=\"noopener\">clicando aqui\u00a0<\/a><\/p>\n<p><strong>Diagrama\u00e7\u00e3o:<\/strong> Di\u00e1cono Val\u00e9rio Costa, Elaine Raquel, Edilson Belarmino, Josenilda Santos, Cassia Santos e Rosicleide Apolin\u00e1rio.<\/p>\n<ul class=\"ssb_list_wrapper\"><li class=\"fb2\" style=\"width:135px\"><iframe src=\"\/\/www.facebook.com\/plugins\/like.php?href=https%3A%2F%2Fwww.caritasne2.org.br%2Fsite%2Fcaritas-paroquial-de-montadas-lanca-terceira-edicao-da-revista-acoes-caritas-com-atividades-desenvolvidas-na-regiao%2F&amp;layout=button_count&amp;action=like&amp;show_faces=false&amp;share=true&amp;width=135&amp;height=21&amp;appId=307091639398582\" scrolling=\"no\" frameborder=\"0\" style=\"border:none; overflow:hidden;  width:150px; height:21px;\" allowTransparency=\"true\"><\/iframe><\/li><li class=\"twtr\" style=\"width:90px\"><a href=\"https:\/\/twitter.com\/share\" class=\"twitter-share-button\" data-url=\"https:\/\/www.caritasne2.org.br\/site\/caritas-paroquial-de-montadas-lanca-terceira-edicao-da-revista-acoes-caritas-com-atividades-desenvolvidas-na-regiao\/\">&nbsp;<\/a><script>!function(d,s,id){var js,fjs=d.getElementsByTagName(s)[0],p=\/^http:\/.test(d.location)?'http':'https';if(!d.getElementById(id)){js=d.createElement(s);js.id=id;js.src=p+':\/\/platform.twitter.com\/widgets.js';fjs.parentNode.insertBefore(js,fjs);}}(document, 'script', 'twitter-wjs');<\/script><\/li><li class=\"gplus\" style=\"width:68px\"><div class=\"g-plusone\" data-size=\"medium\" data-href=\"https:\/\/www.caritasne2.org.br\/site\/caritas-paroquial-de-montadas-lanca-terceira-edicao-da-revista-acoes-caritas-com-atividades-desenvolvidas-na-regiao\/\"><\/div><\/li><li class=\"ssb_linkedin\" style=\"width:64px\"><script src=\"\/\/platform.linkedin.com\/in.js\" type=\"text\/javascript\">lang: en_US<\/script><script type=\"IN\/Share\" data-url=\"https:\/\/www.caritasne2.org.br\/site\/caritas-paroquial-de-montadas-lanca-terceira-edicao-da-revista-acoes-caritas-com-atividades-desenvolvidas-na-regiao\/\" data-counter=\"right\"><\/script><\/li><\/ul>","protected":false},"excerpt":{"rendered":"<p>\u201cOrganiza\u00e7\u00e3o, fortalecimento e sustentabilidade da Rede C\u00e1ritas\u201d, \u00e9 uma das orienta\u00e7\u00f5es estrat\u00e9gicas do Marco Referencial da C\u00e1ritas Brasileira Regional NE2-CBNE2. A partir dessa orienta\u00e7\u00e3o, a C\u00e1ritas busca incentivar e fortalecer a comunica\u00e7\u00e3o popular nas a\u00e7\u00f5es realizadas pelas 19 entidades membro que fazem parte da Rede C\u00e1ritas no regional nordeste 2. Com isso, nos quatro estados acompanhados pela CBNE2: Alagoas, Pernambuco, Para\u00edba e Rio Grande do [&hellip;]<\/p>\n<ul class=\"ssb_list_wrapper\"><li class=\"fb2\" style=\"width:135px\"><iframe src=\"\/\/www.facebook.com\/plugins\/like.php?href=https%3A%2F%2Fwww.caritasne2.org.br%2Fsite%2Fcaritas-paroquial-de-montadas-lanca-terceira-edicao-da-revista-acoes-caritas-com-atividades-desenvolvidas-na-regiao%2F&amp;layout=button_count&amp;action=like&amp;show_faces=false&amp;share=true&amp;width=135&amp;height=21&amp;appId=307091639398582\" scrolling=\"no\" frameborder=\"0\" style=\"border:none; overflow:hidden;  width:150px; height:21px;\" allowTransparency=\"true\"><\/iframe><\/li><li class=\"twtr\" style=\"width:90px\"><a href=\"https:\/\/twitter.com\/share\" class=\"twitter-share-button\" data-url=\"https:\/\/www.caritasne2.org.br\/site\/caritas-paroquial-de-montadas-lanca-terceira-edicao-da-revista-acoes-caritas-com-atividades-desenvolvidas-na-regiao\/\">&nbsp;<\/a><script>!function(d,s,id){var js,fjs=d.getElementsByTagName(s)[0],p=\/^http:\/.test(d.location)?'http':'https';if(!d.getElementById(id)){js=d.createElement(s);js.id=id;js.src=p+':\/\/platform.twitter.com\/widgets.js';fjs.parentNode.insertBefore(js,fjs);}}(document, 'script', 'twitter-wjs');<\/script><\/li><li class=\"gplus\" style=\"width:68px\"><div class=\"g-plusone\" data-size=\"medium\" data-href=\"https:\/\/www.caritasne2.org.br\/site\/caritas-paroquial-de-montadas-lanca-terceira-edicao-da-revista-acoes-caritas-com-atividades-desenvolvidas-na-regiao\/\"><\/div><\/li><li class=\"ssb_linkedin\" style=\"width:64px\"><script src=\"\/\/platform.linkedin.com\/in.js\" type=\"text\/javascript\">lang: en_US<\/script><script type=\"IN\/Share\" data-url=\"https:\/\/www.caritasne2.org.br\/site\/caritas-paroquial-de-montadas-lanca-terceira-edicao-da-revista-acoes-caritas-com-atividades-desenvolvidas-na-regiao\/\" data-counter=\"right\"><\/script><\/li><\/ul>","protected":false},"author":4,"featured_media":11126,"comment_status":"open","ping_status":"open","sticky":false,"template":"","format":"standard","meta":[],"categories":[21],"tags":[],"_links":{"self":[{"href":"https:\/\/www.caritasne2.org.br\/site\/wp-json\/wp\/v2\/posts\/11122"}],"collection":[{"href":"https:\/\/www.caritasne2.org.br\/site\/wp-json\/wp\/v2\/posts"}],"about":[{"href":"https:\/\/www.caritasne2.org.br\/site\/wp-json\/wp\/v2\/types\/post"}],"author":[{"embeddable":true,"href":"https:\/\/www.caritasne2.org.br\/site\/wp-json\/wp\/v2\/users\/4"}],"replies":[{"embeddable":true,"href":"https:\/\/www.caritasne2.org.br\/site\/wp-json\/wp\/v2\/comments?post=11122"}],"version-history":[{"count":4,"href":"https:\/\/www.caritasne2.org.br\/site\/wp-json\/wp\/v2\/posts\/11122\/revisions"}],"predecessor-version":[{"id":11129,"href":"https:\/\/www.caritasne2.org.br\/site\/wp-json\/wp\/v2\/posts\/11122\/revisions\/11129"}],"wp:featuredmedia":[{"embeddable":true,"href":"https:\/\/www.caritasne2.org.br\/site\/wp-json\/wp\/v2\/media\/11126"}],"wp:attachment":[{"href":"https:\/\/www.caritasne2.org.br\/site\/wp-json\/wp\/v2\/media?parent=11122"}],"wp:term":[{"taxonomy":"category","embeddable":true,"href":"https:\/\/www.caritasne2.org.br\/site\/wp-json\/wp\/v2\/categories?post=11122"},{"taxonomy":"post_tag","embeddable":true,"href":"https:\/\/www.caritasne2.org.br\/site\/wp-json\/wp\/v2\/tags?post=11122"}],"curies":[{"name":"wp","href":"https:\/\/api.w.org\/{rel}","templated":true}]}}