{"id":11111,"date":"2023-07-06T14:25:23","date_gmt":"2023-07-06T17:25:23","guid":{"rendered":"https:\/\/www.caritasne2.org.br\/site\/?p=11111"},"modified":"2023-07-06T14:25:23","modified_gmt":"2023-07-06T17:25:23","slug":"programa-regional-de-migracao-e-refugio-da-cbne2-faz-mapeamento-com-empreendedores-migrantes-venezuelanos","status":"publish","type":"post","link":"https:\/\/www.caritasne2.org.br\/site\/programa-regional-de-migracao-e-refugio-da-cbne2-faz-mapeamento-com-empreendedores-migrantes-venezuelanos\/","title":{"rendered":"Programa Regional de Migra\u00e7\u00e3o e Ref\u00fagio da CBNE2 faz mapeamento com empreendedores migrantes venezuelanos"},"content":{"rendered":"<p>Mais de cem mil migrantes venezuelanos chegaram ao Brasil at\u00e9 agora, e at\u00e9 2024 o pa\u00eds ter\u00e1 476 mil refugiados e migrantes, segundo a\u00a0 Organiza\u00e7\u00e3o das Na\u00e7\u00f5es Unidas (ONU). Em sua grande maioria, os venezuelanos saem dos seus territ\u00f3rios por quest\u00f5es socioecon\u00f4micas.<\/p>\n<p>Com essa realidade, os migrantes venezuelanos chegam ao Brasil com a esperan\u00e7a de um trabalho digno para se manter. No estado de Pernambuco, um dos estados que a C\u00e1ritas Brasileira Regional Nordeste 2 \u2013 CBNE2 atua, j\u00e1 se v\u00ea uma realidade de busca por emprego diariamente. E uma das a\u00e7\u00f5es do Programa de Migra\u00e7\u00e3o e Ref\u00fagio da CBNE2\u00a0 empoderar e mapear os migrantes venezuelanos que desejam uma vaga no mercado de trabalho ou que empreendem na regi\u00e3o e realizar os devidos encaminhamentos.<\/p>\n<p>No \u00faltimo dia 28 de Junho, ocorreu um mapeamento atrav\u00e9s dos agentes do Programa de Migra\u00e7\u00e3o e Ref\u00fagio da C\u00e1ritas Brasileira NE2 a seis empreendedores venezuelanos que est\u00e3o realizando um curso de cabeleireiro, na cidade de Igarassu. Na visita, os migrantes tiveram orienta\u00e7\u00e3o sobre a Economia Popular Solid\u00e1ria (EPS) para se organizarem como coletivo, e tamb\u00e9m, sobre o acesso a diferentes cr\u00e9ditos dispon\u00edveis no estado, como os Fundos Rotativos Solid\u00e1rios \u2013 FRS.<\/p>\n<p><img decoding=\"async\" loading=\"lazy\" class=\"wp-image-11116 aligncenter\" src=\"https:\/\/www.caritasne2.org.br\/site\/wp-content\/uploads\/2023\/07\/WhatsApp-Image-2023-06-28-at-17.25.09-12-225x300.jpeg\" alt=\"\" width=\"325\" height=\"434\" srcset=\"https:\/\/www.caritasne2.org.br\/site\/wp-content\/uploads\/2023\/07\/WhatsApp-Image-2023-06-28-at-17.25.09-12-225x300.jpeg 225w, https:\/\/www.caritasne2.org.br\/site\/wp-content\/uploads\/2023\/07\/WhatsApp-Image-2023-06-28-at-17.25.09-12.jpeg 768w\" sizes=\"(max-width: 325px) 100vw, 325px\" \/><\/p>\n<p>\u201dFoi uma visita muito boa e satisfat\u00f3ria. Ajudou-nos a ter novas ideias para o nosso neg\u00f3cio e melhorar nossa vis\u00e3o, como colocar novas ideias. A C\u00e1ritas tem nos apoiado muito como migrantes. Agrade\u00e7o todo apoio prestado. A \u00e1rea que estou exercendo \u00e9 cabeleireiro e me sinto muito motivada, e \u00e9 um sonho que quero realizar para poder sustentar minhas filhas e proporcionar-lhes uma melhor qualidade de vida, disse a venezuelana Madelen Barrios.<\/p>\n<p>&nbsp;<\/p>\n<ul class=\"ssb_list_wrapper\"><li class=\"fb2\" style=\"width:135px\"><iframe src=\"\/\/www.facebook.com\/plugins\/like.php?href=https%3A%2F%2Fwww.caritasne2.org.br%2Fsite%2Fprograma-regional-de-migracao-e-refugio-da-cbne2-faz-mapeamento-com-empreendedores-migrantes-venezuelanos%2F&amp;layout=button_count&amp;action=like&amp;show_faces=false&amp;share=true&amp;width=135&amp;height=21&amp;appId=307091639398582\" scrolling=\"no\" frameborder=\"0\" style=\"border:none; overflow:hidden;  width:150px; height:21px;\" allowTransparency=\"true\"><\/iframe><\/li><li class=\"twtr\" style=\"width:90px\"><a href=\"https:\/\/twitter.com\/share\" class=\"twitter-share-button\" data-url=\"https:\/\/www.caritasne2.org.br\/site\/programa-regional-de-migracao-e-refugio-da-cbne2-faz-mapeamento-com-empreendedores-migrantes-venezuelanos\/\">&nbsp;<\/a><script>!function(d,s,id){var js,fjs=d.getElementsByTagName(s)[0],p=\/^http:\/.test(d.location)?'http':'https';if(!d.getElementById(id)){js=d.createElement(s);js.id=id;js.src=p+':\/\/platform.twitter.com\/widgets.js';fjs.parentNode.insertBefore(js,fjs);}}(document, 'script', 'twitter-wjs');<\/script><\/li><li class=\"gplus\" style=\"width:68px\"><div class=\"g-plusone\" data-size=\"medium\" data-href=\"https:\/\/www.caritasne2.org.br\/site\/programa-regional-de-migracao-e-refugio-da-cbne2-faz-mapeamento-com-empreendedores-migrantes-venezuelanos\/\"><\/div><\/li><li class=\"ssb_linkedin\" style=\"width:64px\"><script src=\"\/\/platform.linkedin.com\/in.js\" type=\"text\/javascript\">lang: en_US<\/script><script type=\"IN\/Share\" data-url=\"https:\/\/www.caritasne2.org.br\/site\/programa-regional-de-migracao-e-refugio-da-cbne2-faz-mapeamento-com-empreendedores-migrantes-venezuelanos\/\" data-counter=\"right\"><\/script><\/li><\/ul>","protected":false},"excerpt":{"rendered":"<p>Mais de cem mil migrantes venezuelanos chegaram ao Brasil at\u00e9 agora, e at\u00e9 2024 o pa\u00eds ter\u00e1 476 mil refugiados e migrantes, segundo a\u00a0 Organiza\u00e7\u00e3o das Na\u00e7\u00f5es Unidas (ONU). Em sua grande maioria, os venezuelanos saem dos seus territ\u00f3rios por quest\u00f5es socioecon\u00f4micas. Com essa realidade, os migrantes venezuelanos chegam ao Brasil com a esperan\u00e7a de um trabalho digno para se manter. No estado de Pernambuco, [&hellip;]<\/p>\n<ul class=\"ssb_list_wrapper\"><li class=\"fb2\" style=\"width:135px\"><iframe src=\"\/\/www.facebook.com\/plugins\/like.php?href=https%3A%2F%2Fwww.caritasne2.org.br%2Fsite%2Fprograma-regional-de-migracao-e-refugio-da-cbne2-faz-mapeamento-com-empreendedores-migrantes-venezuelanos%2F&amp;layout=button_count&amp;action=like&amp;show_faces=false&amp;share=true&amp;width=135&amp;height=21&amp;appId=307091639398582\" scrolling=\"no\" frameborder=\"0\" style=\"border:none; overflow:hidden;  width:150px; height:21px;\" allowTransparency=\"true\"><\/iframe><\/li><li class=\"twtr\" style=\"width:90px\"><a href=\"https:\/\/twitter.com\/share\" class=\"twitter-share-button\" data-url=\"https:\/\/www.caritasne2.org.br\/site\/programa-regional-de-migracao-e-refugio-da-cbne2-faz-mapeamento-com-empreendedores-migrantes-venezuelanos\/\">&nbsp;<\/a><script>!function(d,s,id){var js,fjs=d.getElementsByTagName(s)[0],p=\/^http:\/.test(d.location)?'http':'https';if(!d.getElementById(id)){js=d.createElement(s);js.id=id;js.src=p+':\/\/platform.twitter.com\/widgets.js';fjs.parentNode.insertBefore(js,fjs);}}(document, 'script', 'twitter-wjs');<\/script><\/li><li class=\"gplus\" style=\"width:68px\"><div class=\"g-plusone\" data-size=\"medium\" data-href=\"https:\/\/www.caritasne2.org.br\/site\/programa-regional-de-migracao-e-refugio-da-cbne2-faz-mapeamento-com-empreendedores-migrantes-venezuelanos\/\"><\/div><\/li><li class=\"ssb_linkedin\" style=\"width:64px\"><script src=\"\/\/platform.linkedin.com\/in.js\" type=\"text\/javascript\">lang: en_US<\/script><script type=\"IN\/Share\" data-url=\"https:\/\/www.caritasne2.org.br\/site\/programa-regional-de-migracao-e-refugio-da-cbne2-faz-mapeamento-com-empreendedores-migrantes-venezuelanos\/\" data-counter=\"right\"><\/script><\/li><\/ul>","protected":false},"author":4,"featured_media":11115,"comment_status":"open","ping_status":"open","sticky":false,"template":"","format":"standard","meta":[],"categories":[20],"tags":[],"_links":{"self":[{"href":"https:\/\/www.caritasne2.org.br\/site\/wp-json\/wp\/v2\/posts\/11111"}],"collection":[{"href":"https:\/\/www.caritasne2.org.br\/site\/wp-json\/wp\/v2\/posts"}],"about":[{"href":"https:\/\/www.caritasne2.org.br\/site\/wp-json\/wp\/v2\/types\/post"}],"author":[{"embeddable":true,"href":"https:\/\/www.caritasne2.org.br\/site\/wp-json\/wp\/v2\/users\/4"}],"replies":[{"embeddable":true,"href":"https:\/\/www.caritasne2.org.br\/site\/wp-json\/wp\/v2\/comments?post=11111"}],"version-history":[{"count":4,"href":"https:\/\/www.caritasne2.org.br\/site\/wp-json\/wp\/v2\/posts\/11111\/revisions"}],"predecessor-version":[{"id":11119,"href":"https:\/\/www.caritasne2.org.br\/site\/wp-json\/wp\/v2\/posts\/11111\/revisions\/11119"}],"wp:featuredmedia":[{"embeddable":true,"href":"https:\/\/www.caritasne2.org.br\/site\/wp-json\/wp\/v2\/media\/11115"}],"wp:attachment":[{"href":"https:\/\/www.caritasne2.org.br\/site\/wp-json\/wp\/v2\/media?parent=11111"}],"wp:term":[{"taxonomy":"category","embeddable":true,"href":"https:\/\/www.caritasne2.org.br\/site\/wp-json\/wp\/v2\/categories?post=11111"},{"taxonomy":"post_tag","embeddable":true,"href":"https:\/\/www.caritasne2.org.br\/site\/wp-json\/wp\/v2\/tags?post=11111"}],"curies":[{"name":"wp","href":"https:\/\/api.w.org\/{rel}","templated":true}]}}