{"id":11093,"date":"2023-06-30T14:02:44","date_gmt":"2023-06-30T17:02:44","guid":{"rendered":"https:\/\/www.caritasne2.org.br\/site\/?p=11093"},"modified":"2023-06-30T14:02:44","modified_gmt":"2023-06-30T17:02:44","slug":"semana-nacional-dos-migrantes-e-refugiados-e-marcada-por-varias-atividades-na-caritas-brasileira-regional-ne-2","status":"publish","type":"post","link":"https:\/\/www.caritasne2.org.br\/site\/semana-nacional-dos-migrantes-e-refugiados-e-marcada-por-varias-atividades-na-caritas-brasileira-regional-ne-2\/","title":{"rendered":"Semana Nacional dos Migrantes e Refugiados \u00e9 marcada por v\u00e1rias atividades na C\u00e1ritas Brasileira Regional NE 2"},"content":{"rendered":"<p data-pm-slice=\"0 0 []\">A Semana Nacional dos Migrantes e Refugiados \u201cJuntos contra a Xenofobia\u201d foi marcada por diversas atividades na C\u00e1ritas Brasileira Regional Nordeste 2 que teve in\u00edcio com o lan\u00e7amento do document\u00e1rio DAKOBO que reuniu 39 crian\u00e7as da escola municipal Jo\u00e3o Queiroz Galv\u00e3o, em Igarassu-PE, entre elas estavam crian\u00e7as migrantes venezuelanas que participaram da constru\u00e7\u00e3o do filme.<\/p>\n<p data-pm-slice=\"0 0 []\"><img decoding=\"async\" loading=\"lazy\" class=\" wp-image-11099 aligncenter\" src=\"https:\/\/www.caritasne2.org.br\/site\/wp-content\/uploads\/2023\/06\/WhatsApp-Image-2023-06-21-at-10.53.14-2-300x225.jpeg\" alt=\"\" width=\"563\" height=\"423\" srcset=\"https:\/\/www.caritasne2.org.br\/site\/wp-content\/uploads\/2023\/06\/WhatsApp-Image-2023-06-21-at-10.53.14-2-300x225.jpeg 300w, https:\/\/www.caritasne2.org.br\/site\/wp-content\/uploads\/2023\/06\/WhatsApp-Image-2023-06-21-at-10.53.14-2-768x576.jpeg 768w, https:\/\/www.caritasne2.org.br\/site\/wp-content\/uploads\/2023\/06\/WhatsApp-Image-2023-06-21-at-10.53.14-2.jpeg 1024w\" sizes=\"(max-width: 563px) 100vw, 563px\" \/><\/p>\n<p>Entre as atividades da semana, tamb\u00e9m, aconteceu a reuni\u00e3o do Comit\u00ea Empreende com representantes dos estados de atua\u00e7\u00e3o da CBNE2, Pernambuco, Para\u00edba, Alagoas e o Rio Grande do Norte e de migrantes, onde foi discutido sobre a fortalecimento dos empreendimentos solid\u00e1rios realizados pelos migrantes.<\/p>\n<p><img decoding=\"async\" loading=\"lazy\" class=\" wp-image-11095 aligncenter\" src=\"https:\/\/www.caritasne2.org.br\/site\/wp-content\/uploads\/2023\/06\/Reuniao-Comite-Empreende-300x225.jpeg\" alt=\"\" width=\"529\" height=\"397\" srcset=\"https:\/\/www.caritasne2.org.br\/site\/wp-content\/uploads\/2023\/06\/Reuniao-Comite-Empreende-300x225.jpeg 300w, https:\/\/www.caritasne2.org.br\/site\/wp-content\/uploads\/2023\/06\/Reuniao-Comite-Empreende.jpeg 640w\" sizes=\"(max-width: 529px) 100vw, 529px\" \/><\/p>\n<p>Tamb\u00e9m ocorreu um interc\u00e2mbio de experi\u00eancias, em Vila Nova Claudete, Cabo de Santo Agostinho \u2013 PE para ind\u00edgenas os Karaxuwanassu e migrantes ind\u00edgenas da etnia Warao. O momento foi realizado no laborat\u00f3rio de ecotecnologias acompanhado pelo grupo de mulheres Flores de Claudette. Os ind\u00edgenas e os migrantes puderam ver de perto o funcionamento das ecotecnologias e ouvir as experi\u00eancias das mulheres e suas viv\u00eancias na \u00e1rea, sendo assim desenvolver o aprendizado.<\/p>\n<p><img decoding=\"async\" loading=\"lazy\" class=\"wp-image-11096 aligncenter\" src=\"https:\/\/www.caritasne2.org.br\/site\/wp-content\/uploads\/2023\/06\/Intercambio-300x200.png\" alt=\"\" width=\"530\" height=\"353\" srcset=\"https:\/\/www.caritasne2.org.br\/site\/wp-content\/uploads\/2023\/06\/Intercambio-300x200.png 300w, https:\/\/www.caritasne2.org.br\/site\/wp-content\/uploads\/2023\/06\/Intercambio.png 640w\" sizes=\"(max-width: 530px) 100vw, 530px\" \/><\/p>\n<p>Finalizando a semana, nesta quinta-feira, 29, aconteceu o Workshop \u201cEduca\u00e7\u00e3o: Caminhos para um recome\u00e7o\u201d para jovens de migrantes venezuelanos. A a\u00e7\u00e3o faz parte do Programa de Migra\u00e7\u00e3o e Ref\u00fagio da C\u00e1ritas Brasileira NE2- CBNE2 e teve como objetivo proporcionar aos jovens migrantes de 15 a 29 anos uma forma\u00e7\u00e3o sobre o funcionamento da educa\u00e7\u00e3o e das oportunidades de emprego no Brasil. A iniciativa faz parte de uma parceria da CBNE2 com o Instituto de Oportunidade Social -IOS, a Casa Zero e a Educa\u00e7\u00e3o Sem Fronteiras. O momento aconteceu na Casa Zero, localizada no Recife Antigo.<\/p>\n<p><img decoding=\"async\" loading=\"lazy\" class=\" wp-image-11101 aligncenter\" src=\"https:\/\/www.caritasne2.org.br\/site\/wp-content\/uploads\/2023\/06\/WhatsApp-Image-2023-06-29-at-15.36.06-300x225.jpeg\" alt=\"\" width=\"494\" height=\"371\" srcset=\"https:\/\/www.caritasne2.org.br\/site\/wp-content\/uploads\/2023\/06\/WhatsApp-Image-2023-06-29-at-15.36.06-300x225.jpeg 300w, https:\/\/www.caritasne2.org.br\/site\/wp-content\/uploads\/2023\/06\/WhatsApp-Image-2023-06-29-at-15.36.06-1024x768.jpeg 1024w, https:\/\/www.caritasne2.org.br\/site\/wp-content\/uploads\/2023\/06\/WhatsApp-Image-2023-06-29-at-15.36.06-768x576.jpeg 768w, https:\/\/www.caritasne2.org.br\/site\/wp-content\/uploads\/2023\/06\/WhatsApp-Image-2023-06-29-at-15.36.06-1536x1152.jpeg 1536w, https:\/\/www.caritasne2.org.br\/site\/wp-content\/uploads\/2023\/06\/WhatsApp-Image-2023-06-29-at-15.36.06.jpeg 1600w\" sizes=\"(max-width: 494px) 100vw, 494px\" \/><\/p>\n<p>&nbsp;<\/p>\n<ul class=\"ssb_list_wrapper\"><li class=\"fb2\" style=\"width:135px\"><iframe src=\"\/\/www.facebook.com\/plugins\/like.php?href=https%3A%2F%2Fwww.caritasne2.org.br%2Fsite%2Fsemana-nacional-dos-migrantes-e-refugiados-e-marcada-por-varias-atividades-na-caritas-brasileira-regional-ne-2%2F&amp;layout=button_count&amp;action=like&amp;show_faces=false&amp;share=true&amp;width=135&amp;height=21&amp;appId=307091639398582\" scrolling=\"no\" frameborder=\"0\" style=\"border:none; overflow:hidden;  width:150px; height:21px;\" allowTransparency=\"true\"><\/iframe><\/li><li class=\"twtr\" style=\"width:90px\"><a href=\"https:\/\/twitter.com\/share\" class=\"twitter-share-button\" data-url=\"https:\/\/www.caritasne2.org.br\/site\/semana-nacional-dos-migrantes-e-refugiados-e-marcada-por-varias-atividades-na-caritas-brasileira-regional-ne-2\/\">&nbsp;<\/a><script>!function(d,s,id){var js,fjs=d.getElementsByTagName(s)[0],p=\/^http:\/.test(d.location)?'http':'https';if(!d.getElementById(id)){js=d.createElement(s);js.id=id;js.src=p+':\/\/platform.twitter.com\/widgets.js';fjs.parentNode.insertBefore(js,fjs);}}(document, 'script', 'twitter-wjs');<\/script><\/li><li class=\"gplus\" style=\"width:68px\"><div class=\"g-plusone\" data-size=\"medium\" data-href=\"https:\/\/www.caritasne2.org.br\/site\/semana-nacional-dos-migrantes-e-refugiados-e-marcada-por-varias-atividades-na-caritas-brasileira-regional-ne-2\/\"><\/div><\/li><li class=\"ssb_linkedin\" style=\"width:64px\"><script src=\"\/\/platform.linkedin.com\/in.js\" type=\"text\/javascript\">lang: en_US<\/script><script type=\"IN\/Share\" data-url=\"https:\/\/www.caritasne2.org.br\/site\/semana-nacional-dos-migrantes-e-refugiados-e-marcada-por-varias-atividades-na-caritas-brasileira-regional-ne-2\/\" data-counter=\"right\"><\/script><\/li><\/ul>","protected":false},"excerpt":{"rendered":"<p>A Semana Nacional dos Migrantes e Refugiados \u201cJuntos contra a Xenofobia\u201d foi marcada por diversas atividades na C\u00e1ritas Brasileira Regional Nordeste 2 que teve in\u00edcio com o lan\u00e7amento do document\u00e1rio DAKOBO que reuniu 39 crian\u00e7as da escola municipal Jo\u00e3o Queiroz Galv\u00e3o, em Igarassu-PE, entre elas estavam crian\u00e7as migrantes venezuelanas que participaram da constru\u00e7\u00e3o do filme. Entre as atividades da semana, tamb\u00e9m, aconteceu a reuni\u00e3o do [&hellip;]<\/p>\n<ul class=\"ssb_list_wrapper\"><li class=\"fb2\" style=\"width:135px\"><iframe src=\"\/\/www.facebook.com\/plugins\/like.php?href=https%3A%2F%2Fwww.caritasne2.org.br%2Fsite%2Fsemana-nacional-dos-migrantes-e-refugiados-e-marcada-por-varias-atividades-na-caritas-brasileira-regional-ne-2%2F&amp;layout=button_count&amp;action=like&amp;show_faces=false&amp;share=true&amp;width=135&amp;height=21&amp;appId=307091639398582\" scrolling=\"no\" frameborder=\"0\" style=\"border:none; overflow:hidden;  width:150px; height:21px;\" allowTransparency=\"true\"><\/iframe><\/li><li class=\"twtr\" style=\"width:90px\"><a href=\"https:\/\/twitter.com\/share\" class=\"twitter-share-button\" data-url=\"https:\/\/www.caritasne2.org.br\/site\/semana-nacional-dos-migrantes-e-refugiados-e-marcada-por-varias-atividades-na-caritas-brasileira-regional-ne-2\/\">&nbsp;<\/a><script>!function(d,s,id){var js,fjs=d.getElementsByTagName(s)[0],p=\/^http:\/.test(d.location)?'http':'https';if(!d.getElementById(id)){js=d.createElement(s);js.id=id;js.src=p+':\/\/platform.twitter.com\/widgets.js';fjs.parentNode.insertBefore(js,fjs);}}(document, 'script', 'twitter-wjs');<\/script><\/li><li class=\"gplus\" style=\"width:68px\"><div class=\"g-plusone\" data-size=\"medium\" data-href=\"https:\/\/www.caritasne2.org.br\/site\/semana-nacional-dos-migrantes-e-refugiados-e-marcada-por-varias-atividades-na-caritas-brasileira-regional-ne-2\/\"><\/div><\/li><li class=\"ssb_linkedin\" style=\"width:64px\"><script src=\"\/\/platform.linkedin.com\/in.js\" type=\"text\/javascript\">lang: en_US<\/script><script type=\"IN\/Share\" data-url=\"https:\/\/www.caritasne2.org.br\/site\/semana-nacional-dos-migrantes-e-refugiados-e-marcada-por-varias-atividades-na-caritas-brasileira-regional-ne-2\/\" data-counter=\"right\"><\/script><\/li><\/ul>","protected":false},"author":4,"featured_media":11094,"comment_status":"open","ping_status":"open","sticky":false,"template":"","format":"standard","meta":[],"categories":[20],"tags":[],"_links":{"self":[{"href":"https:\/\/www.caritasne2.org.br\/site\/wp-json\/wp\/v2\/posts\/11093"}],"collection":[{"href":"https:\/\/www.caritasne2.org.br\/site\/wp-json\/wp\/v2\/posts"}],"about":[{"href":"https:\/\/www.caritasne2.org.br\/site\/wp-json\/wp\/v2\/types\/post"}],"author":[{"embeddable":true,"href":"https:\/\/www.caritasne2.org.br\/site\/wp-json\/wp\/v2\/users\/4"}],"replies":[{"embeddable":true,"href":"https:\/\/www.caritasne2.org.br\/site\/wp-json\/wp\/v2\/comments?post=11093"}],"version-history":[{"count":2,"href":"https:\/\/www.caritasne2.org.br\/site\/wp-json\/wp\/v2\/posts\/11093\/revisions"}],"predecessor-version":[{"id":11102,"href":"https:\/\/www.caritasne2.org.br\/site\/wp-json\/wp\/v2\/posts\/11093\/revisions\/11102"}],"wp:featuredmedia":[{"embeddable":true,"href":"https:\/\/www.caritasne2.org.br\/site\/wp-json\/wp\/v2\/media\/11094"}],"wp:attachment":[{"href":"https:\/\/www.caritasne2.org.br\/site\/wp-json\/wp\/v2\/media?parent=11093"}],"wp:term":[{"taxonomy":"category","embeddable":true,"href":"https:\/\/www.caritasne2.org.br\/site\/wp-json\/wp\/v2\/categories?post=11093"},{"taxonomy":"post_tag","embeddable":true,"href":"https:\/\/www.caritasne2.org.br\/site\/wp-json\/wp\/v2\/tags?post=11093"}],"curies":[{"name":"wp","href":"https:\/\/api.w.org\/{rel}","templated":true}]}}