{"id":11086,"date":"2023-06-30T13:53:50","date_gmt":"2023-06-30T16:53:50","guid":{"rendered":"https:\/\/www.caritasne2.org.br\/site\/?p=11086"},"modified":"2023-07-06T16:19:30","modified_gmt":"2023-07-06T19:19:30","slug":"caritas-brasileira-ne2-realiza-visita-a-caritas-arquidiocesa-de-sao-paulo","status":"publish","type":"post","link":"https:\/\/www.caritasne2.org.br\/site\/caritas-brasileira-ne2-realiza-visita-a-caritas-arquidiocesa-de-sao-paulo\/","title":{"rendered":"C\u00e1ritas Brasileira NE2 realiza visita a C\u00e1ritas Arquidiocesana de S\u00e3o Paulo"},"content":{"rendered":"<p>\u201c Apenas os que dialogam podem construir pontes e v\u00ednculos \u201c Papa Francisco<\/p>\n<p>Buscando a aproxima\u00e7\u00e3o fraterna e troca de experi\u00eancias vivenciadas no dia a dia pela busca de garantia de direitos dignos para as pessoas em situa\u00e7\u00e3o de vulnerabilidade, nesta quarta-feira, 28, a C\u00e1ritas Brasileira NE2 e a Arquidiocese de Olinda e Recife realizaram um visita a equipe da C\u00e1ritas Arquidiocesana de S\u00e3o Paulo. Participaram do momento a secret\u00e1ria executiva da CBNE2, Neilda Pereira da Silva e a assessora regional e membro da coordena\u00e7\u00e3o colegiada do Regional NE2, Luciana Flor\u00eancio, assim como, Dom Limac\u00eado, Bispo Auxiliar da Arquidiocese de Olinda e Recife e Vivian Santana, articuladora Regional do Setor Pastoral Social da CNBB NE2.<\/p>\n<p><img decoding=\"async\" loading=\"lazy\" class=\" wp-image-11088 aligncenter\" src=\"https:\/\/www.caritasne2.org.br\/site\/wp-content\/uploads\/2023\/06\/WhatsApp-Image-2023-06-30-at-11.58.26-1-300x225.jpeg\" alt=\"\" width=\"496\" height=\"372\" srcset=\"https:\/\/www.caritasne2.org.br\/site\/wp-content\/uploads\/2023\/06\/WhatsApp-Image-2023-06-30-at-11.58.26-1-300x225.jpeg 300w, https:\/\/www.caritasne2.org.br\/site\/wp-content\/uploads\/2023\/06\/WhatsApp-Image-2023-06-30-at-11.58.26-1-768x576.jpeg 768w, https:\/\/www.caritasne2.org.br\/site\/wp-content\/uploads\/2023\/06\/WhatsApp-Image-2023-06-30-at-11.58.26-1.jpeg 1024w\" sizes=\"(max-width: 496px) 100vw, 496px\" \/><\/p>\n<p><img decoding=\"async\" loading=\"lazy\" class=\" wp-image-11089 aligncenter\" src=\"https:\/\/www.caritasne2.org.br\/site\/wp-content\/uploads\/2023\/06\/WhatsApp-Image-2023-06-30-at-11.58.26-300x225.jpeg\" alt=\"\" width=\"493\" height=\"370\" srcset=\"https:\/\/www.caritasne2.org.br\/site\/wp-content\/uploads\/2023\/06\/WhatsApp-Image-2023-06-30-at-11.58.26-300x225.jpeg 300w, https:\/\/www.caritasne2.org.br\/site\/wp-content\/uploads\/2023\/06\/WhatsApp-Image-2023-06-30-at-11.58.26-768x576.jpeg 768w, https:\/\/www.caritasne2.org.br\/site\/wp-content\/uploads\/2023\/06\/WhatsApp-Image-2023-06-30-at-11.58.26.jpeg 1024w\" sizes=\"(max-width: 493px) 100vw, 493px\" \/><\/p>\n<p>No momento, foram partilhados os muitos desafios encontrados no modo de participar e ampliar o atendimento aos refugiados na regi\u00e3o. Durante o dia aconteceu a celebra\u00e7\u00e3o de uma missa com o objetivo do fortalecimento na miss\u00e3o, contemplando o testemunho de santo Irineu. Tamb\u00e9m foi realizada uma visita ao Padre J\u00falio Lancellotti, onde foi partilhado o formato de acolhimento e trabalho com as pessoas em situa\u00e7\u00e3o de rua.<\/p>\n<p><img decoding=\"async\" loading=\"lazy\" class=\" wp-image-11090 aligncenter\" src=\"https:\/\/www.caritasne2.org.br\/site\/wp-content\/uploads\/2023\/06\/WhatsApp-Image-2023-06-30-at-11.58.27-2-225x300.jpeg\" alt=\"\" width=\"328\" height=\"437\" srcset=\"https:\/\/www.caritasne2.org.br\/site\/wp-content\/uploads\/2023\/06\/WhatsApp-Image-2023-06-30-at-11.58.27-2-225x300.jpeg 225w, https:\/\/www.caritasne2.org.br\/site\/wp-content\/uploads\/2023\/06\/WhatsApp-Image-2023-06-30-at-11.58.27-2.jpeg 768w\" sizes=\"(max-width: 328px) 100vw, 328px\" \/><\/p>\n<p>Na quinta -feira, 29 foi realizada visita a experi\u00eancia Centro Comunit\u00e1rio Jo\u00edlson de Jesus , espa\u00e7o da Par\u00f3quia Santa Maria Madalena, e apoiada pelos Centros de Defesa da Crian\u00e7a e Direitos Humanos. O Centro fica localizado na comunidade Sapopemba , Parque Santa Madalena , cidade de S\u00e3o Paulo.<\/p>\n<p><img decoding=\"async\" loading=\"lazy\" class=\" wp-image-11091 aligncenter\" src=\"https:\/\/www.caritasne2.org.br\/site\/wp-content\/uploads\/2023\/06\/WhatsApp-Image-2023-06-30-at-12.03.40-300x135.jpeg\" alt=\"\" width=\"451\" height=\"203\" srcset=\"https:\/\/www.caritasne2.org.br\/site\/wp-content\/uploads\/2023\/06\/WhatsApp-Image-2023-06-30-at-12.03.40-300x135.jpeg 300w, https:\/\/www.caritasne2.org.br\/site\/wp-content\/uploads\/2023\/06\/WhatsApp-Image-2023-06-30-at-12.03.40-768x346.jpeg 768w, https:\/\/www.caritasne2.org.br\/site\/wp-content\/uploads\/2023\/06\/WhatsApp-Image-2023-06-30-at-12.03.40.jpeg 1024w\" sizes=\"(max-width: 451px) 100vw, 451px\" \/><\/p>\n<p>As atividades realizadas envolvem cultura, educa\u00e7\u00e3o e incid\u00eancia pol\u00edtica nas \u00e1reas de Economia popular e solid\u00e1ria, horta em espa\u00e7os urbanos, cozinha comunit\u00e1ria, forma\u00e7\u00e3o em incid\u00eancia pol\u00edtica. O Centro comunit\u00e1rio tem como gest\u00e3o a pr\u00f3pria comunidade que realiza assembleias para tomadas de decis\u00f5es coletivas, iniciativas que ocorrem inclusive com a participa\u00e7\u00e3o das crian\u00e7as.<\/p>\n<ul class=\"ssb_list_wrapper\"><li class=\"fb2\" style=\"width:135px\"><iframe src=\"\/\/www.facebook.com\/plugins\/like.php?href=https%3A%2F%2Fwww.caritasne2.org.br%2Fsite%2Fcaritas-brasileira-ne2-realiza-visita-a-caritas-arquidiocesa-de-sao-paulo%2F&amp;layout=button_count&amp;action=like&amp;show_faces=false&amp;share=true&amp;width=135&amp;height=21&amp;appId=307091639398582\" scrolling=\"no\" frameborder=\"0\" style=\"border:none; overflow:hidden;  width:150px; height:21px;\" allowTransparency=\"true\"><\/iframe><\/li><li class=\"twtr\" style=\"width:90px\"><a href=\"https:\/\/twitter.com\/share\" class=\"twitter-share-button\" data-url=\"https:\/\/www.caritasne2.org.br\/site\/caritas-brasileira-ne2-realiza-visita-a-caritas-arquidiocesa-de-sao-paulo\/\">&nbsp;<\/a><script>!function(d,s,id){var js,fjs=d.getElementsByTagName(s)[0],p=\/^http:\/.test(d.location)?'http':'https';if(!d.getElementById(id)){js=d.createElement(s);js.id=id;js.src=p+':\/\/platform.twitter.com\/widgets.js';fjs.parentNode.insertBefore(js,fjs);}}(document, 'script', 'twitter-wjs');<\/script><\/li><li class=\"gplus\" style=\"width:68px\"><div class=\"g-plusone\" data-size=\"medium\" data-href=\"https:\/\/www.caritasne2.org.br\/site\/caritas-brasileira-ne2-realiza-visita-a-caritas-arquidiocesa-de-sao-paulo\/\"><\/div><\/li><li class=\"ssb_linkedin\" style=\"width:64px\"><script src=\"\/\/platform.linkedin.com\/in.js\" type=\"text\/javascript\">lang: en_US<\/script><script type=\"IN\/Share\" data-url=\"https:\/\/www.caritasne2.org.br\/site\/caritas-brasileira-ne2-realiza-visita-a-caritas-arquidiocesa-de-sao-paulo\/\" data-counter=\"right\"><\/script><\/li><\/ul>","protected":false},"excerpt":{"rendered":"<p>\u201c Apenas os que dialogam podem construir pontes e v\u00ednculos \u201c Papa Francisco Buscando a aproxima\u00e7\u00e3o fraterna e troca de experi\u00eancias vivenciadas no dia a dia pela busca de garantia de direitos dignos para as pessoas em situa\u00e7\u00e3o de vulnerabilidade, nesta quarta-feira, 28, a C\u00e1ritas Brasileira NE2 e a Arquidiocese de Olinda e Recife realizaram um visita a equipe da C\u00e1ritas Arquidiocesana de S\u00e3o Paulo. [&hellip;]<\/p>\n<ul class=\"ssb_list_wrapper\"><li class=\"fb2\" style=\"width:135px\"><iframe src=\"\/\/www.facebook.com\/plugins\/like.php?href=https%3A%2F%2Fwww.caritasne2.org.br%2Fsite%2Fcaritas-brasileira-ne2-realiza-visita-a-caritas-arquidiocesa-de-sao-paulo%2F&amp;layout=button_count&amp;action=like&amp;show_faces=false&amp;share=true&amp;width=135&amp;height=21&amp;appId=307091639398582\" scrolling=\"no\" frameborder=\"0\" style=\"border:none; overflow:hidden;  width:150px; height:21px;\" allowTransparency=\"true\"><\/iframe><\/li><li class=\"twtr\" style=\"width:90px\"><a href=\"https:\/\/twitter.com\/share\" class=\"twitter-share-button\" data-url=\"https:\/\/www.caritasne2.org.br\/site\/caritas-brasileira-ne2-realiza-visita-a-caritas-arquidiocesa-de-sao-paulo\/\">&nbsp;<\/a><script>!function(d,s,id){var js,fjs=d.getElementsByTagName(s)[0],p=\/^http:\/.test(d.location)?'http':'https';if(!d.getElementById(id)){js=d.createElement(s);js.id=id;js.src=p+':\/\/platform.twitter.com\/widgets.js';fjs.parentNode.insertBefore(js,fjs);}}(document, 'script', 'twitter-wjs');<\/script><\/li><li class=\"gplus\" style=\"width:68px\"><div class=\"g-plusone\" data-size=\"medium\" data-href=\"https:\/\/www.caritasne2.org.br\/site\/caritas-brasileira-ne2-realiza-visita-a-caritas-arquidiocesa-de-sao-paulo\/\"><\/div><\/li><li class=\"ssb_linkedin\" style=\"width:64px\"><script src=\"\/\/platform.linkedin.com\/in.js\" type=\"text\/javascript\">lang: en_US<\/script><script type=\"IN\/Share\" data-url=\"https:\/\/www.caritasne2.org.br\/site\/caritas-brasileira-ne2-realiza-visita-a-caritas-arquidiocesa-de-sao-paulo\/\" data-counter=\"right\"><\/script><\/li><\/ul>","protected":false},"author":4,"featured_media":11087,"comment_status":"open","ping_status":"open","sticky":false,"template":"","format":"standard","meta":[],"categories":[20],"tags":[],"_links":{"self":[{"href":"https:\/\/www.caritasne2.org.br\/site\/wp-json\/wp\/v2\/posts\/11086"}],"collection":[{"href":"https:\/\/www.caritasne2.org.br\/site\/wp-json\/wp\/v2\/posts"}],"about":[{"href":"https:\/\/www.caritasne2.org.br\/site\/wp-json\/wp\/v2\/types\/post"}],"author":[{"embeddable":true,"href":"https:\/\/www.caritasne2.org.br\/site\/wp-json\/wp\/v2\/users\/4"}],"replies":[{"embeddable":true,"href":"https:\/\/www.caritasne2.org.br\/site\/wp-json\/wp\/v2\/comments?post=11086"}],"version-history":[{"count":6,"href":"https:\/\/www.caritasne2.org.br\/site\/wp-json\/wp\/v2\/posts\/11086\/revisions"}],"predecessor-version":[{"id":11120,"href":"https:\/\/www.caritasne2.org.br\/site\/wp-json\/wp\/v2\/posts\/11086\/revisions\/11120"}],"wp:featuredmedia":[{"embeddable":true,"href":"https:\/\/www.caritasne2.org.br\/site\/wp-json\/wp\/v2\/media\/11087"}],"wp:attachment":[{"href":"https:\/\/www.caritasne2.org.br\/site\/wp-json\/wp\/v2\/media?parent=11086"}],"wp:term":[{"taxonomy":"category","embeddable":true,"href":"https:\/\/www.caritasne2.org.br\/site\/wp-json\/wp\/v2\/categories?post=11086"},{"taxonomy":"post_tag","embeddable":true,"href":"https:\/\/www.caritasne2.org.br\/site\/wp-json\/wp\/v2\/tags?post=11086"}],"curies":[{"name":"wp","href":"https:\/\/api.w.org\/{rel}","templated":true}]}}