{"id":11081,"date":"2023-06-30T13:45:28","date_gmt":"2023-06-30T16:45:28","guid":{"rendered":"https:\/\/www.caritasne2.org.br\/site\/?p=11081"},"modified":"2023-07-06T16:20:42","modified_gmt":"2023-07-06T19:20:42","slug":"projeto-aguas-para-educar-realiza-capacitacoes-em-escolas-rurais-no-municipio-do-cabo-de-santo-agostinho","status":"publish","type":"post","link":"https:\/\/www.caritasne2.org.br\/site\/projeto-aguas-para-educar-realiza-capacitacoes-em-escolas-rurais-no-municipio-do-cabo-de-santo-agostinho\/","title":{"rendered":"Projeto \u00c1guas para Educar promove capacita\u00e7\u00f5es em escolas rurais no munic\u00edpio do Cabo de Santo Agostinho"},"content":{"rendered":"<p data-pm-slice=\"1 1 []\">\u201cCuidar do mundo que nos rodeia e sustenta significa cuidar de n\u00f3s mesmos. Mas precisamos de nos constituirmos como um n\u00f3s que habita a casa comum\u201d (Papa Francisco, na Enc\u00edclica Fratelli Tutti).<\/p>\n<p>Em um dos seus princ\u00edpios, a C\u00e1ritas Brasileira destaca a \u201cDefesa e promo\u00e7\u00e3o da vida para a constru\u00e7\u00e3o da sociedade do Bem Viver\u201d, assim \u00e9 direcionado o projeto \u00c1guas para Educar. Ele est\u00e1 sendo realizado pela C\u00e1ritas Brasileira Regional NE2- CBNE2 em parceria com a Funda\u00e7\u00e3o Coca-Cola, e vem possibilitando contribuir para a mudan\u00e7a da inseguran\u00e7a h\u00eddrica das fam\u00edlias e principalmente da comunidade escolar, \u00a0atrav\u00e9s de realiza\u00e7\u00e3o de reuni\u00f5es, participa\u00e7\u00e3o social e forma\u00e7\u00f5es com a finalidade de conscientizar sobre o Gerenciamento de Recursos H\u00eddricos (GRH) em escolas rurais, como aconteceu entre os dias 26 e 28 de junho, no munic\u00edpio do Cabo de Santo Agostinho, localizado na Regi\u00e3o Metropolitana do Recife, Pernambuco.<\/p>\n<p><img decoding=\"async\" loading=\"lazy\" class=\" wp-image-11083 aligncenter\" src=\"https:\/\/www.caritasne2.org.br\/site\/wp-content\/uploads\/2023\/06\/WhatsApp-Image-2023-06-27-at-13.26.27-300x224.jpeg\" alt=\"\" width=\"445\" height=\"332\" srcset=\"https:\/\/www.caritasne2.org.br\/site\/wp-content\/uploads\/2023\/06\/WhatsApp-Image-2023-06-27-at-13.26.27-300x224.jpeg 300w, https:\/\/www.caritasne2.org.br\/site\/wp-content\/uploads\/2023\/06\/WhatsApp-Image-2023-06-27-at-13.26.27-1024x766.jpeg 1024w, https:\/\/www.caritasne2.org.br\/site\/wp-content\/uploads\/2023\/06\/WhatsApp-Image-2023-06-27-at-13.26.27-768x574.jpeg 768w, https:\/\/www.caritasne2.org.br\/site\/wp-content\/uploads\/2023\/06\/WhatsApp-Image-2023-06-27-at-13.26.27.jpeg 1280w\" sizes=\"(max-width: 445px) 100vw, 445px\" \/><\/p>\n<p>As a\u00e7\u00f5es visaram refletir e sensibilizar com os professores e professoras, pais, m\u00e3es, estudantes, diretor escolar, a coordena\u00e7\u00e3o pedag\u00f3gica e entidades membros da C\u00e1ritas sobre os recursos h\u00eddricos utilizados nas escolas e apresenta\u00e7\u00e3o dos objetivos do Projeto, atrav\u00e9s de um processo de educa\u00e7\u00e3o contextualizada, na perspectiva de inserir no curr\u00edculo o tema. Diante desse contexto, cada escola ter\u00e1 capacita\u00e7\u00f5es, encontros e instala\u00e7\u00e3o de tecnologias sociais.<\/p>\n<p><img decoding=\"async\" loading=\"lazy\" class=\" wp-image-11084 aligncenter\" src=\"https:\/\/www.caritasne2.org.br\/site\/wp-content\/uploads\/2023\/06\/WhatsApp-Image-2023-06-28-at-15.30.50-300x225.jpeg\" alt=\"\" width=\"452\" height=\"339\" srcset=\"https:\/\/www.caritasne2.org.br\/site\/wp-content\/uploads\/2023\/06\/WhatsApp-Image-2023-06-28-at-15.30.50-300x225.jpeg 300w, https:\/\/www.caritasne2.org.br\/site\/wp-content\/uploads\/2023\/06\/WhatsApp-Image-2023-06-28-at-15.30.50-1024x769.jpeg 1024w, https:\/\/www.caritasne2.org.br\/site\/wp-content\/uploads\/2023\/06\/WhatsApp-Image-2023-06-28-at-15.30.50-768x577.jpeg 768w, https:\/\/www.caritasne2.org.br\/site\/wp-content\/uploads\/2023\/06\/WhatsApp-Image-2023-06-28-at-15.30.50.jpeg 1156w\" sizes=\"(max-width: 452px) 100vw, 452px\" \/><\/p>\n<p>Ser\u00e3o implementadas tr\u00eas cisternas de 52 mil litros, tr\u00eas Bio\u00e1gua de reuso das \u00e1guas cinzas e tr\u00eas pomares. As escolas selecionadas para essa fase foram Ant\u00f4nio de Lima, localizada no Engenho Ararib\u00e1s da Pedra, Maria Laura, localizada no Engenho Ro\u00e7as Velhas e Joaquim Nabuco, localizada no Engenho Massangana, todas no Cabo de Santo Agostinho | PE.<\/p>\n<ul class=\"ssb_list_wrapper\"><li class=\"fb2\" style=\"width:135px\"><iframe src=\"\/\/www.facebook.com\/plugins\/like.php?href=https%3A%2F%2Fwww.caritasne2.org.br%2Fsite%2Fprojeto-aguas-para-educar-realiza-capacitacoes-em-escolas-rurais-no-municipio-do-cabo-de-santo-agostinho%2F&amp;layout=button_count&amp;action=like&amp;show_faces=false&amp;share=true&amp;width=135&amp;height=21&amp;appId=307091639398582\" scrolling=\"no\" frameborder=\"0\" style=\"border:none; overflow:hidden;  width:150px; height:21px;\" allowTransparency=\"true\"><\/iframe><\/li><li class=\"twtr\" style=\"width:90px\"><a href=\"https:\/\/twitter.com\/share\" class=\"twitter-share-button\" data-url=\"https:\/\/www.caritasne2.org.br\/site\/projeto-aguas-para-educar-realiza-capacitacoes-em-escolas-rurais-no-municipio-do-cabo-de-santo-agostinho\/\">&nbsp;<\/a><script>!function(d,s,id){var js,fjs=d.getElementsByTagName(s)[0],p=\/^http:\/.test(d.location)?'http':'https';if(!d.getElementById(id)){js=d.createElement(s);js.id=id;js.src=p+':\/\/platform.twitter.com\/widgets.js';fjs.parentNode.insertBefore(js,fjs);}}(document, 'script', 'twitter-wjs');<\/script><\/li><li class=\"gplus\" style=\"width:68px\"><div class=\"g-plusone\" data-size=\"medium\" data-href=\"https:\/\/www.caritasne2.org.br\/site\/projeto-aguas-para-educar-realiza-capacitacoes-em-escolas-rurais-no-municipio-do-cabo-de-santo-agostinho\/\"><\/div><\/li><li class=\"ssb_linkedin\" style=\"width:64px\"><script src=\"\/\/platform.linkedin.com\/in.js\" type=\"text\/javascript\">lang: en_US<\/script><script type=\"IN\/Share\" data-url=\"https:\/\/www.caritasne2.org.br\/site\/projeto-aguas-para-educar-realiza-capacitacoes-em-escolas-rurais-no-municipio-do-cabo-de-santo-agostinho\/\" data-counter=\"right\"><\/script><\/li><\/ul>","protected":false},"excerpt":{"rendered":"<p>\u201cCuidar do mundo que nos rodeia e sustenta significa cuidar de n\u00f3s mesmos. Mas precisamos de nos constituirmos como um n\u00f3s que habita a casa comum\u201d (Papa Francisco, na Enc\u00edclica Fratelli Tutti). Em um dos seus princ\u00edpios, a C\u00e1ritas Brasileira destaca a \u201cDefesa e promo\u00e7\u00e3o da vida para a constru\u00e7\u00e3o da sociedade do Bem Viver\u201d, assim \u00e9 direcionado o projeto \u00c1guas para Educar. Ele est\u00e1 [&hellip;]<\/p>\n<ul class=\"ssb_list_wrapper\"><li class=\"fb2\" style=\"width:135px\"><iframe src=\"\/\/www.facebook.com\/plugins\/like.php?href=https%3A%2F%2Fwww.caritasne2.org.br%2Fsite%2Fprojeto-aguas-para-educar-realiza-capacitacoes-em-escolas-rurais-no-municipio-do-cabo-de-santo-agostinho%2F&amp;layout=button_count&amp;action=like&amp;show_faces=false&amp;share=true&amp;width=135&amp;height=21&amp;appId=307091639398582\" scrolling=\"no\" frameborder=\"0\" style=\"border:none; overflow:hidden;  width:150px; height:21px;\" allowTransparency=\"true\"><\/iframe><\/li><li class=\"twtr\" style=\"width:90px\"><a href=\"https:\/\/twitter.com\/share\" class=\"twitter-share-button\" data-url=\"https:\/\/www.caritasne2.org.br\/site\/projeto-aguas-para-educar-realiza-capacitacoes-em-escolas-rurais-no-municipio-do-cabo-de-santo-agostinho\/\">&nbsp;<\/a><script>!function(d,s,id){var js,fjs=d.getElementsByTagName(s)[0],p=\/^http:\/.test(d.location)?'http':'https';if(!d.getElementById(id)){js=d.createElement(s);js.id=id;js.src=p+':\/\/platform.twitter.com\/widgets.js';fjs.parentNode.insertBefore(js,fjs);}}(document, 'script', 'twitter-wjs');<\/script><\/li><li class=\"gplus\" style=\"width:68px\"><div class=\"g-plusone\" data-size=\"medium\" data-href=\"https:\/\/www.caritasne2.org.br\/site\/projeto-aguas-para-educar-realiza-capacitacoes-em-escolas-rurais-no-municipio-do-cabo-de-santo-agostinho\/\"><\/div><\/li><li class=\"ssb_linkedin\" style=\"width:64px\"><script src=\"\/\/platform.linkedin.com\/in.js\" type=\"text\/javascript\">lang: en_US<\/script><script type=\"IN\/Share\" data-url=\"https:\/\/www.caritasne2.org.br\/site\/projeto-aguas-para-educar-realiza-capacitacoes-em-escolas-rurais-no-municipio-do-cabo-de-santo-agostinho\/\" data-counter=\"right\"><\/script><\/li><\/ul>","protected":false},"author":4,"featured_media":11082,"comment_status":"open","ping_status":"open","sticky":false,"template":"","format":"standard","meta":[],"categories":[21],"tags":[],"_links":{"self":[{"href":"https:\/\/www.caritasne2.org.br\/site\/wp-json\/wp\/v2\/posts\/11081"}],"collection":[{"href":"https:\/\/www.caritasne2.org.br\/site\/wp-json\/wp\/v2\/posts"}],"about":[{"href":"https:\/\/www.caritasne2.org.br\/site\/wp-json\/wp\/v2\/types\/post"}],"author":[{"embeddable":true,"href":"https:\/\/www.caritasne2.org.br\/site\/wp-json\/wp\/v2\/users\/4"}],"replies":[{"embeddable":true,"href":"https:\/\/www.caritasne2.org.br\/site\/wp-json\/wp\/v2\/comments?post=11081"}],"version-history":[{"count":2,"href":"https:\/\/www.caritasne2.org.br\/site\/wp-json\/wp\/v2\/posts\/11081\/revisions"}],"predecessor-version":[{"id":11121,"href":"https:\/\/www.caritasne2.org.br\/site\/wp-json\/wp\/v2\/posts\/11081\/revisions\/11121"}],"wp:featuredmedia":[{"embeddable":true,"href":"https:\/\/www.caritasne2.org.br\/site\/wp-json\/wp\/v2\/media\/11082"}],"wp:attachment":[{"href":"https:\/\/www.caritasne2.org.br\/site\/wp-json\/wp\/v2\/media?parent=11081"}],"wp:term":[{"taxonomy":"category","embeddable":true,"href":"https:\/\/www.caritasne2.org.br\/site\/wp-json\/wp\/v2\/categories?post=11081"},{"taxonomy":"post_tag","embeddable":true,"href":"https:\/\/www.caritasne2.org.br\/site\/wp-json\/wp\/v2\/tags?post=11081"}],"curies":[{"name":"wp","href":"https:\/\/api.w.org\/{rel}","templated":true}]}}