{"id":11076,"date":"2023-06-28T11:18:24","date_gmt":"2023-06-28T14:18:24","guid":{"rendered":"https:\/\/www.caritasne2.org.br\/site\/?p=11076"},"modified":"2023-06-28T11:18:24","modified_gmt":"2023-06-28T14:18:24","slug":"indigenas-karaxuwanassu-participam-de-intercambio-em-laboratorios-de-ecotecnologias-no-cabo-de-santo-agostinho-pe","status":"publish","type":"post","link":"https:\/\/www.caritasne2.org.br\/site\/indigenas-karaxuwanassu-participam-de-intercambio-em-laboratorios-de-ecotecnologias-no-cabo-de-santo-agostinho-pe\/","title":{"rendered":"Ind\u00edgenas Karaxuwanassu participam de interc\u00e2mbio em laborat\u00f3rios de ecotecnologias no Cabo de Santo Agostinho \u2013 PE"},"content":{"rendered":"<p data-pm-slice=\"1 1 []\">Pensando na import\u00e2ncia da troca de conhecimento entre os grupos acompanhados, na \u00faltima quinta-feira, 22, a equipe do Programa de Migra\u00e7\u00e3o e Ref\u00fagio da C\u00e1ritas Brasileira NE2, juntamente com a equipe da \u00e1rea de atua\u00e7\u00e3o de Seguran\u00e7a Alimentar e Nutricional realizaram um interc\u00e2mbio de experi\u00eancias, em Vila Nova Claudete, Cabo de Santo Agostinho \u2013 PE para ind\u00edgenas Karaxuwanassu.<\/p>\n<p>O momento foi realizado no laborat\u00f3rio de ecotecnologias no grupo de mulheres Flores de Claudette. Os ind\u00edgenas puderam ver de perto o funcionamento das ecotecnologias e ouvir as experi\u00eancias das mulheres e suas viv\u00eancias na \u00e1rea.<\/p>\n<p><img decoding=\"async\" loading=\"lazy\" class=\" wp-image-11077 aligncenter\" src=\"https:\/\/www.caritasne2.org.br\/site\/wp-content\/uploads\/2023\/06\/IMG_20230622_095941-300x225.jpg\" alt=\"\" width=\"407\" height=\"305\" srcset=\"https:\/\/www.caritasne2.org.br\/site\/wp-content\/uploads\/2023\/06\/IMG_20230622_095941-300x225.jpg 300w, https:\/\/www.caritasne2.org.br\/site\/wp-content\/uploads\/2023\/06\/IMG_20230622_095941-1024x769.jpg 1024w, https:\/\/www.caritasne2.org.br\/site\/wp-content\/uploads\/2023\/06\/IMG_20230622_095941-768x577.jpg 768w, https:\/\/www.caritasne2.org.br\/site\/wp-content\/uploads\/2023\/06\/IMG_20230622_095941-1536x1154.jpg 1536w, https:\/\/www.caritasne2.org.br\/site\/wp-content\/uploads\/2023\/06\/IMG_20230622_095941-2048x1538.jpg 2048w\" sizes=\"(max-width: 407px) 100vw, 407px\" \/><\/p>\n<p>O objetivo da atividade foi aproximar as lideran\u00e7as ind\u00edgenas com as experi\u00eancias das ecotecnologias implementadas pelo Projeto Quintas Ecoprodutivos, realizado pelo Complexo Industrial Portu\u00e1rio de Suape e executado pela C\u00e1ritas Brasileira NE2.<\/p>\n<p>Na segunda parte do interc\u00e2mbio, os agentes da C\u00e1ritas tiveram a oportunidade de\u00a0 conhecer a ocupa\u00e7\u00e3o em Igarassu onde vivem os ind\u00edgenas Karaxuwanassu.<\/p>\n<p>&nbsp;<\/p>\n<ul class=\"ssb_list_wrapper\"><li class=\"fb2\" style=\"width:135px\"><iframe src=\"\/\/www.facebook.com\/plugins\/like.php?href=https%3A%2F%2Fwww.caritasne2.org.br%2Fsite%2Findigenas-karaxuwanassu-participam-de-intercambio-em-laboratorios-de-ecotecnologias-no-cabo-de-santo-agostinho-pe%2F&amp;layout=button_count&amp;action=like&amp;show_faces=false&amp;share=true&amp;width=135&amp;height=21&amp;appId=307091639398582\" scrolling=\"no\" frameborder=\"0\" style=\"border:none; overflow:hidden;  width:150px; height:21px;\" allowTransparency=\"true\"><\/iframe><\/li><li class=\"twtr\" style=\"width:90px\"><a href=\"https:\/\/twitter.com\/share\" class=\"twitter-share-button\" data-url=\"https:\/\/www.caritasne2.org.br\/site\/indigenas-karaxuwanassu-participam-de-intercambio-em-laboratorios-de-ecotecnologias-no-cabo-de-santo-agostinho-pe\/\">&nbsp;<\/a><script>!function(d,s,id){var js,fjs=d.getElementsByTagName(s)[0],p=\/^http:\/.test(d.location)?'http':'https';if(!d.getElementById(id)){js=d.createElement(s);js.id=id;js.src=p+':\/\/platform.twitter.com\/widgets.js';fjs.parentNode.insertBefore(js,fjs);}}(document, 'script', 'twitter-wjs');<\/script><\/li><li class=\"gplus\" style=\"width:68px\"><div class=\"g-plusone\" data-size=\"medium\" data-href=\"https:\/\/www.caritasne2.org.br\/site\/indigenas-karaxuwanassu-participam-de-intercambio-em-laboratorios-de-ecotecnologias-no-cabo-de-santo-agostinho-pe\/\"><\/div><\/li><li class=\"ssb_linkedin\" style=\"width:64px\"><script src=\"\/\/platform.linkedin.com\/in.js\" type=\"text\/javascript\">lang: en_US<\/script><script type=\"IN\/Share\" data-url=\"https:\/\/www.caritasne2.org.br\/site\/indigenas-karaxuwanassu-participam-de-intercambio-em-laboratorios-de-ecotecnologias-no-cabo-de-santo-agostinho-pe\/\" data-counter=\"right\"><\/script><\/li><\/ul>","protected":false},"excerpt":{"rendered":"<p>Pensando na import\u00e2ncia da troca de conhecimento entre os grupos acompanhados, na \u00faltima quinta-feira, 22, a equipe do Programa de Migra\u00e7\u00e3o e Ref\u00fagio da C\u00e1ritas Brasileira NE2, juntamente com a equipe da \u00e1rea de atua\u00e7\u00e3o de Seguran\u00e7a Alimentar e Nutricional realizaram um interc\u00e2mbio de experi\u00eancias, em Vila Nova Claudete, Cabo de Santo Agostinho \u2013 PE para ind\u00edgenas Karaxuwanassu. O momento foi realizado no laborat\u00f3rio de [&hellip;]<\/p>\n<ul class=\"ssb_list_wrapper\"><li class=\"fb2\" style=\"width:135px\"><iframe src=\"\/\/www.facebook.com\/plugins\/like.php?href=https%3A%2F%2Fwww.caritasne2.org.br%2Fsite%2Findigenas-karaxuwanassu-participam-de-intercambio-em-laboratorios-de-ecotecnologias-no-cabo-de-santo-agostinho-pe%2F&amp;layout=button_count&amp;action=like&amp;show_faces=false&amp;share=true&amp;width=135&amp;height=21&amp;appId=307091639398582\" scrolling=\"no\" frameborder=\"0\" style=\"border:none; overflow:hidden;  width:150px; height:21px;\" allowTransparency=\"true\"><\/iframe><\/li><li class=\"twtr\" style=\"width:90px\"><a href=\"https:\/\/twitter.com\/share\" class=\"twitter-share-button\" data-url=\"https:\/\/www.caritasne2.org.br\/site\/indigenas-karaxuwanassu-participam-de-intercambio-em-laboratorios-de-ecotecnologias-no-cabo-de-santo-agostinho-pe\/\">&nbsp;<\/a><script>!function(d,s,id){var js,fjs=d.getElementsByTagName(s)[0],p=\/^http:\/.test(d.location)?'http':'https';if(!d.getElementById(id)){js=d.createElement(s);js.id=id;js.src=p+':\/\/platform.twitter.com\/widgets.js';fjs.parentNode.insertBefore(js,fjs);}}(document, 'script', 'twitter-wjs');<\/script><\/li><li class=\"gplus\" style=\"width:68px\"><div class=\"g-plusone\" data-size=\"medium\" data-href=\"https:\/\/www.caritasne2.org.br\/site\/indigenas-karaxuwanassu-participam-de-intercambio-em-laboratorios-de-ecotecnologias-no-cabo-de-santo-agostinho-pe\/\"><\/div><\/li><li class=\"ssb_linkedin\" style=\"width:64px\"><script src=\"\/\/platform.linkedin.com\/in.js\" type=\"text\/javascript\">lang: en_US<\/script><script type=\"IN\/Share\" data-url=\"https:\/\/www.caritasne2.org.br\/site\/indigenas-karaxuwanassu-participam-de-intercambio-em-laboratorios-de-ecotecnologias-no-cabo-de-santo-agostinho-pe\/\" data-counter=\"right\"><\/script><\/li><\/ul>","protected":false},"author":4,"featured_media":11079,"comment_status":"open","ping_status":"open","sticky":false,"template":"","format":"standard","meta":[],"categories":[21],"tags":[],"_links":{"self":[{"href":"https:\/\/www.caritasne2.org.br\/site\/wp-json\/wp\/v2\/posts\/11076"}],"collection":[{"href":"https:\/\/www.caritasne2.org.br\/site\/wp-json\/wp\/v2\/posts"}],"about":[{"href":"https:\/\/www.caritasne2.org.br\/site\/wp-json\/wp\/v2\/types\/post"}],"author":[{"embeddable":true,"href":"https:\/\/www.caritasne2.org.br\/site\/wp-json\/wp\/v2\/users\/4"}],"replies":[{"embeddable":true,"href":"https:\/\/www.caritasne2.org.br\/site\/wp-json\/wp\/v2\/comments?post=11076"}],"version-history":[{"count":1,"href":"https:\/\/www.caritasne2.org.br\/site\/wp-json\/wp\/v2\/posts\/11076\/revisions"}],"predecessor-version":[{"id":11080,"href":"https:\/\/www.caritasne2.org.br\/site\/wp-json\/wp\/v2\/posts\/11076\/revisions\/11080"}],"wp:featuredmedia":[{"embeddable":true,"href":"https:\/\/www.caritasne2.org.br\/site\/wp-json\/wp\/v2\/media\/11079"}],"wp:attachment":[{"href":"https:\/\/www.caritasne2.org.br\/site\/wp-json\/wp\/v2\/media?parent=11076"}],"wp:term":[{"taxonomy":"category","embeddable":true,"href":"https:\/\/www.caritasne2.org.br\/site\/wp-json\/wp\/v2\/categories?post=11076"},{"taxonomy":"post_tag","embeddable":true,"href":"https:\/\/www.caritasne2.org.br\/site\/wp-json\/wp\/v2\/tags?post=11076"}],"curies":[{"name":"wp","href":"https:\/\/api.w.org\/{rel}","templated":true}]}}