{"id":1105,"date":"2013-06-21T14:25:17","date_gmt":"2013-06-21T17:25:17","guid":{"rendered":"http:\/\/ne2.caritas.org.br.s174889.gridserver.com\/?p=1105"},"modified":"2017-07-11T15:24:31","modified_gmt":"2017-07-11T18:24:31","slug":"caritas-diocesana-de-palmeira-dos-indios-realiza-4a-assembleia-geral","status":"publish","type":"post","link":"https:\/\/www.caritasne2.org.br\/site\/caritas-diocesana-de-palmeira-dos-indios-realiza-4a-assembleia-geral\/","title":{"rendered":"C\u00e1ritas Diocesana de Palmeira dos \u00cdndios realiza a 4\u00aa Assembleia Geral"},"content":{"rendered":"<p style=\"text-align: justify;\">Com esp\u00edrito celebrativo dos 10 anos de exist\u00eancia, a C\u00e1ritas Diocesana realizou a sua 4\u00aa Assembl\u00e9ia Geral, dia 18 de junho, no sal\u00e3o Dom Bosco em Palmeira dos \u00cdndios, e teve como objetivo escolher a nova diretoria para o tri\u00eanio 2013 a 2016.<\/p>\n<p style=\"text-align: justify;\">A assembleia contou com quatro momentos: a celebra\u00e7\u00e3o de abertura, animada por Jefferson Souza; uma palestra com Padre Jandeilson, que exp\u00f4s sobre os 10 anos da C\u00e1ritas Alagoas; a apresenta\u00e7\u00e3o do Projeto Seis Povos, feita por Simone Lopes; e a apresenta\u00e7\u00e3o da presta\u00e7\u00e3o de contas do tri\u00eanio 2010 \u2013 2013, exposta por Maria Mafra. A fala de todos destacou a relev\u00e2ncia do servi\u00e7o prestado pela C\u00e1ritas Diocesana aos grupos e comunidades inseridos nas Par\u00f3quias da nossa Diocese.<\/p>\n<p style=\"text-align: justify;\">Dom Dulc\u00eanio, bispo diocesano, reafirmou a alegria de ter uma equipe de C\u00e1ritas competente, de confian\u00e7a e comprometida com a causa dos exclu\u00eddos e exclu\u00eddas de forma a ser um ente animador da a\u00e7\u00e3o social em todo territ\u00f3rio da Diocese buscando sempre atender os mais necessitados.<\/p>\n<p style=\"text-align: justify;\">Os participantes foram o Padre H\u00e9lio Pereira, Vig\u00e1rio Geral, o Padre Jos\u00e9 Ediberto Lima, o Padre Dami\u00e3o e as Par\u00f3quias Nossa Senhora do Amparo, S\u00e3o Crist\u00f3v\u00e3o, S\u00e3o Sebasti\u00e3o e S\u00e3o Vicente de Palmeira dos \u00cdndios, de Batalha, de Ouro Branco, de Maravilha, de Cacimbinhas, de Major Izidoro, de Delmiro Gouveia, de Quebrangulo e de Po\u00e7o das Trincheiras e entidades parceiras, o Lar da Crian\u00e7a, a Congre\u00e7\u00e3o Franciscana de Santo Ant\u00f4nio, a Rede de Educa\u00e7\u00e3o Cidad\u00e3, o Centro de Desenvolvimento Comunit\u00e1rio de Maravilha e representante do Povo Xukuru \u2013 Kariri.<\/p>\n<p style=\"text-align: justify;\"><a href=\"http:\/\/ne2.caritas.org.br.s174889.gridserver.com\/2013\/06\/21\/caritas-diocesana-de-palmeira-dos-indios-realiza-4a-assembleia-geral\/eleicao\/\" rel=\"attachment wp-att-1107\"><img decoding=\"async\" loading=\"lazy\" class=\"alignleft size-full wp-image-1107\" title=\"Elei\u00e7\u00e3o\" src=\"http:\/\/ne2.caritas.org.br.s174889.gridserver.com\/wp-content\/uploads\/2013\/06\/Elei\u00e7\u00e3o.jpg\" alt=\"\" width=\"234\" height=\"300\" \/><\/a>Foi neste ambiente de anima\u00e7\u00e3o que a vota\u00e7\u00e3o aconteceu com a nova diretoria sendo eleita com 23 votos. E tem a seguinte composi\u00e7\u00e3o: Maria do Carmo Silva- Presidente, Padre Jos\u00e9 Ediberto- Vice Presidente, Jakellyne Pereira-1\u00aa Secret\u00e1ria, Edv\u00e2nia Vieira- 2\u00aa Secret\u00e1ria, Maria Mafra \u2013 1\u00aa Tesoureira, Maria Fonseca \u2013 2\u00aa Tesoureira.<\/p>\n<p style=\"text-align: justify;\">Ap\u00f3s a apura\u00e7\u00e3o dos votos, foram conclu\u00eddos os trabalhos e todos se dirigiram para a Sede da C\u00e1ritas onde aconteceu o almo\u00e7o de confraterniza\u00e7\u00e3o.<\/p>\n<p style=\"text-align: justify;\">Com muita alegria, f\u00e9 e espiritualidade, o evento contagiou a todos.<\/p>\n<p style=\"text-align: justify;\">\n<p style=\"text-align: justify;\">por Maria Mafra Alves Primeira tesoureira da CDPI<\/p>\n<ul class=\"ssb_list_wrapper\"><li class=\"fb2\" style=\"width:135px\"><iframe src=\"\/\/www.facebook.com\/plugins\/like.php?href=https%3A%2F%2Fwww.caritasne2.org.br%2Fsite%2Fcaritas-diocesana-de-palmeira-dos-indios-realiza-4a-assembleia-geral%2F&amp;layout=button_count&amp;action=like&amp;show_faces=false&amp;share=true&amp;width=135&amp;height=21&amp;appId=307091639398582\" scrolling=\"no\" frameborder=\"0\" style=\"border:none; overflow:hidden;  width:150px; height:21px;\" allowTransparency=\"true\"><\/iframe><\/li><li class=\"twtr\" style=\"width:90px\"><a href=\"https:\/\/twitter.com\/share\" class=\"twitter-share-button\" data-url=\"https:\/\/www.caritasne2.org.br\/site\/caritas-diocesana-de-palmeira-dos-indios-realiza-4a-assembleia-geral\/\">&nbsp;<\/a><script>!function(d,s,id){var js,fjs=d.getElementsByTagName(s)[0],p=\/^http:\/.test(d.location)?'http':'https';if(!d.getElementById(id)){js=d.createElement(s);js.id=id;js.src=p+':\/\/platform.twitter.com\/widgets.js';fjs.parentNode.insertBefore(js,fjs);}}(document, 'script', 'twitter-wjs');<\/script><\/li><li class=\"gplus\" style=\"width:68px\"><div class=\"g-plusone\" data-size=\"medium\" data-href=\"https:\/\/www.caritasne2.org.br\/site\/caritas-diocesana-de-palmeira-dos-indios-realiza-4a-assembleia-geral\/\"><\/div><\/li><li class=\"ssb_linkedin\" style=\"width:64px\"><script src=\"\/\/platform.linkedin.com\/in.js\" type=\"text\/javascript\">lang: en_US<\/script><script type=\"IN\/Share\" data-url=\"https:\/\/www.caritasne2.org.br\/site\/caritas-diocesana-de-palmeira-dos-indios-realiza-4a-assembleia-geral\/\" data-counter=\"right\"><\/script><\/li><\/ul>","protected":false},"excerpt":{"rendered":"<p>Com esp\u00edrito celebrativo dos 10 anos de exist\u00eancia, a C\u00e1ritas Diocesana realizou a sua 4\u00aa Assembl\u00e9ia Geral, dia 18 de junho, no sal\u00e3o Dom Bosco em Palmeira dos \u00cdndios, e teve como objetivo escolher a nova diretoria para o tri\u00eanio 2013 a 2016. A assembleia contou com quatro momentos: a celebra\u00e7\u00e3o de abertura, animada por Jefferson Souza; uma palestra com Padre Jandeilson, que exp\u00f4s sobre [&hellip;]<\/p>\n<ul class=\"ssb_list_wrapper\"><li class=\"fb2\" style=\"width:135px\"><iframe src=\"\/\/www.facebook.com\/plugins\/like.php?href=https%3A%2F%2Fwww.caritasne2.org.br%2Fsite%2Fcaritas-diocesana-de-palmeira-dos-indios-realiza-4a-assembleia-geral%2F&amp;layout=button_count&amp;action=like&amp;show_faces=false&amp;share=true&amp;width=135&amp;height=21&amp;appId=307091639398582\" scrolling=\"no\" frameborder=\"0\" style=\"border:none; overflow:hidden;  width:150px; height:21px;\" allowTransparency=\"true\"><\/iframe><\/li><li class=\"twtr\" style=\"width:90px\"><a href=\"https:\/\/twitter.com\/share\" class=\"twitter-share-button\" data-url=\"https:\/\/www.caritasne2.org.br\/site\/caritas-diocesana-de-palmeira-dos-indios-realiza-4a-assembleia-geral\/\">&nbsp;<\/a><script>!function(d,s,id){var js,fjs=d.getElementsByTagName(s)[0],p=\/^http:\/.test(d.location)?'http':'https';if(!d.getElementById(id)){js=d.createElement(s);js.id=id;js.src=p+':\/\/platform.twitter.com\/widgets.js';fjs.parentNode.insertBefore(js,fjs);}}(document, 'script', 'twitter-wjs');<\/script><\/li><li class=\"gplus\" style=\"width:68px\"><div class=\"g-plusone\" data-size=\"medium\" data-href=\"https:\/\/www.caritasne2.org.br\/site\/caritas-diocesana-de-palmeira-dos-indios-realiza-4a-assembleia-geral\/\"><\/div><\/li><li class=\"ssb_linkedin\" style=\"width:64px\"><script src=\"\/\/platform.linkedin.com\/in.js\" type=\"text\/javascript\">lang: en_US<\/script><script type=\"IN\/Share\" data-url=\"https:\/\/www.caritasne2.org.br\/site\/caritas-diocesana-de-palmeira-dos-indios-realiza-4a-assembleia-geral\/\" data-counter=\"right\"><\/script><\/li><\/ul>","protected":false},"author":4,"featured_media":1106,"comment_status":"open","ping_status":"open","sticky":false,"template":"","format":"standard","meta":[],"categories":[20],"tags":[67,154,74],"_links":{"self":[{"href":"https:\/\/www.caritasne2.org.br\/site\/wp-json\/wp\/v2\/posts\/1105"}],"collection":[{"href":"https:\/\/www.caritasne2.org.br\/site\/wp-json\/wp\/v2\/posts"}],"about":[{"href":"https:\/\/www.caritasne2.org.br\/site\/wp-json\/wp\/v2\/types\/post"}],"author":[{"embeddable":true,"href":"https:\/\/www.caritasne2.org.br\/site\/wp-json\/wp\/v2\/users\/4"}],"replies":[{"embeddable":true,"href":"https:\/\/www.caritasne2.org.br\/site\/wp-json\/wp\/v2\/comments?post=1105"}],"version-history":[{"count":0,"href":"https:\/\/www.caritasne2.org.br\/site\/wp-json\/wp\/v2\/posts\/1105\/revisions"}],"wp:featuredmedia":[{"embeddable":true,"href":"https:\/\/www.caritasne2.org.br\/site\/wp-json\/wp\/v2\/media\/1106"}],"wp:attachment":[{"href":"https:\/\/www.caritasne2.org.br\/site\/wp-json\/wp\/v2\/media?parent=1105"}],"wp:term":[{"taxonomy":"category","embeddable":true,"href":"https:\/\/www.caritasne2.org.br\/site\/wp-json\/wp\/v2\/categories?post=1105"},{"taxonomy":"post_tag","embeddable":true,"href":"https:\/\/www.caritasne2.org.br\/site\/wp-json\/wp\/v2\/tags?post=1105"}],"curies":[{"name":"wp","href":"https:\/\/api.w.org\/{rel}","templated":true}]}}