{"id":11027,"date":"2023-06-12T12:32:07","date_gmt":"2023-06-12T15:32:07","guid":{"rendered":"https:\/\/www.caritasne2.org.br\/site\/?p=11027"},"modified":"2023-06-12T12:32:07","modified_gmt":"2023-06-12T15:32:07","slug":"resultado-final-processo-seletivo-para-assistente-administrativo-da-caritas-suica-no-escritorio-do-recife","status":"publish","type":"post","link":"https:\/\/www.caritasne2.org.br\/site\/resultado-final-processo-seletivo-para-assistente-administrativo-da-caritas-suica-no-escritorio-do-recife\/","title":{"rendered":"Resultado final &#8211; Processo seletivo para assistente administrativo da C\u00e1ritas Sui\u00e7a no escrit\u00f3rio do Recife"},"content":{"rendered":"<p>A C\u00e1ritas Su\u00ed\u00e7a (CACH) comunica resultado do processo seletivo para contrata\u00e7\u00e3o de Assistente administrativo \u00a0para escrit\u00f3rio com sede em Recife.<\/p>\n<p>O(a) Assistente administrativo ser\u00e1 respons\u00e1vel pelo acompanhamento das transa\u00e7\u00f5es da \u00e1rea financeira, juntamente com a Coordena\u00e7\u00e3o Financeira e Administrativa, apoio ao registro e \u00e0 verifica\u00e7\u00e3o da informa\u00e7\u00e3o administrativa e financeira; apoio administrativo aos projetos, a fim de assegurar o cumprimento adequado das pol\u00edticas institucionais e dos regulamentos em vigor, al\u00e9m de assegurar a confiabilidade dos n\u00fameros reportados, permitindo a devida presta\u00e7\u00e3o de contas aos doadores.<\/p>\n<p>Confira o (a) selecionado (a):<\/p>\n<ul>\n<li>Paula Silva<\/li>\n<\/ul>\n<p>Recife, 12 de junho de 2023.<br \/>\nComiss\u00e3o de Sele\u00e7\u00e3o<br \/>\nC\u00e1ritas Su\u00ed\u00e7a (CACH).<\/p>\n<ul class=\"ssb_list_wrapper\"><li class=\"fb2\" style=\"width:135px\"><iframe src=\"\/\/www.facebook.com\/plugins\/like.php?href=https%3A%2F%2Fwww.caritasne2.org.br%2Fsite%2Fresultado-final-processo-seletivo-para-assistente-administrativo-da-caritas-suica-no-escritorio-do-recife%2F&amp;layout=button_count&amp;action=like&amp;show_faces=false&amp;share=true&amp;width=135&amp;height=21&amp;appId=307091639398582\" scrolling=\"no\" frameborder=\"0\" style=\"border:none; overflow:hidden;  width:150px; height:21px;\" allowTransparency=\"true\"><\/iframe><\/li><li class=\"twtr\" style=\"width:90px\"><a href=\"https:\/\/twitter.com\/share\" class=\"twitter-share-button\" data-url=\"https:\/\/www.caritasne2.org.br\/site\/resultado-final-processo-seletivo-para-assistente-administrativo-da-caritas-suica-no-escritorio-do-recife\/\">&nbsp;<\/a><script>!function(d,s,id){var js,fjs=d.getElementsByTagName(s)[0],p=\/^http:\/.test(d.location)?'http':'https';if(!d.getElementById(id)){js=d.createElement(s);js.id=id;js.src=p+':\/\/platform.twitter.com\/widgets.js';fjs.parentNode.insertBefore(js,fjs);}}(document, 'script', 'twitter-wjs');<\/script><\/li><li class=\"gplus\" style=\"width:68px\"><div class=\"g-plusone\" data-size=\"medium\" data-href=\"https:\/\/www.caritasne2.org.br\/site\/resultado-final-processo-seletivo-para-assistente-administrativo-da-caritas-suica-no-escritorio-do-recife\/\"><\/div><\/li><li class=\"ssb_linkedin\" style=\"width:64px\"><script src=\"\/\/platform.linkedin.com\/in.js\" type=\"text\/javascript\">lang: en_US<\/script><script type=\"IN\/Share\" data-url=\"https:\/\/www.caritasne2.org.br\/site\/resultado-final-processo-seletivo-para-assistente-administrativo-da-caritas-suica-no-escritorio-do-recife\/\" data-counter=\"right\"><\/script><\/li><\/ul>","protected":false},"excerpt":{"rendered":"<p>A C\u00e1ritas Su\u00ed\u00e7a (CACH) comunica resultado do processo seletivo para contrata\u00e7\u00e3o de Assistente administrativo \u00a0para escrit\u00f3rio com sede em Recife. O(a) Assistente administrativo ser\u00e1 respons\u00e1vel pelo acompanhamento das transa\u00e7\u00f5es da \u00e1rea financeira, juntamente com a Coordena\u00e7\u00e3o Financeira e Administrativa, apoio ao registro e \u00e0 verifica\u00e7\u00e3o da informa\u00e7\u00e3o administrativa e financeira; apoio administrativo aos projetos, a fim de assegurar o cumprimento adequado das pol\u00edticas institucionais e [&hellip;]<\/p>\n<ul class=\"ssb_list_wrapper\"><li class=\"fb2\" style=\"width:135px\"><iframe src=\"\/\/www.facebook.com\/plugins\/like.php?href=https%3A%2F%2Fwww.caritasne2.org.br%2Fsite%2Fresultado-final-processo-seletivo-para-assistente-administrativo-da-caritas-suica-no-escritorio-do-recife%2F&amp;layout=button_count&amp;action=like&amp;show_faces=false&amp;share=true&amp;width=135&amp;height=21&amp;appId=307091639398582\" scrolling=\"no\" frameborder=\"0\" style=\"border:none; overflow:hidden;  width:150px; height:21px;\" allowTransparency=\"true\"><\/iframe><\/li><li class=\"twtr\" style=\"width:90px\"><a href=\"https:\/\/twitter.com\/share\" class=\"twitter-share-button\" data-url=\"https:\/\/www.caritasne2.org.br\/site\/resultado-final-processo-seletivo-para-assistente-administrativo-da-caritas-suica-no-escritorio-do-recife\/\">&nbsp;<\/a><script>!function(d,s,id){var js,fjs=d.getElementsByTagName(s)[0],p=\/^http:\/.test(d.location)?'http':'https';if(!d.getElementById(id)){js=d.createElement(s);js.id=id;js.src=p+':\/\/platform.twitter.com\/widgets.js';fjs.parentNode.insertBefore(js,fjs);}}(document, 'script', 'twitter-wjs');<\/script><\/li><li class=\"gplus\" style=\"width:68px\"><div class=\"g-plusone\" data-size=\"medium\" data-href=\"https:\/\/www.caritasne2.org.br\/site\/resultado-final-processo-seletivo-para-assistente-administrativo-da-caritas-suica-no-escritorio-do-recife\/\"><\/div><\/li><li class=\"ssb_linkedin\" style=\"width:64px\"><script src=\"\/\/platform.linkedin.com\/in.js\" type=\"text\/javascript\">lang: en_US<\/script><script type=\"IN\/Share\" data-url=\"https:\/\/www.caritasne2.org.br\/site\/resultado-final-processo-seletivo-para-assistente-administrativo-da-caritas-suica-no-escritorio-do-recife\/\" data-counter=\"right\"><\/script><\/li><\/ul>","protected":false},"author":4,"featured_media":11028,"comment_status":"open","ping_status":"open","sticky":false,"template":"","format":"standard","meta":[],"categories":[21,20],"tags":[],"_links":{"self":[{"href":"https:\/\/www.caritasne2.org.br\/site\/wp-json\/wp\/v2\/posts\/11027"}],"collection":[{"href":"https:\/\/www.caritasne2.org.br\/site\/wp-json\/wp\/v2\/posts"}],"about":[{"href":"https:\/\/www.caritasne2.org.br\/site\/wp-json\/wp\/v2\/types\/post"}],"author":[{"embeddable":true,"href":"https:\/\/www.caritasne2.org.br\/site\/wp-json\/wp\/v2\/users\/4"}],"replies":[{"embeddable":true,"href":"https:\/\/www.caritasne2.org.br\/site\/wp-json\/wp\/v2\/comments?post=11027"}],"version-history":[{"count":1,"href":"https:\/\/www.caritasne2.org.br\/site\/wp-json\/wp\/v2\/posts\/11027\/revisions"}],"predecessor-version":[{"id":11029,"href":"https:\/\/www.caritasne2.org.br\/site\/wp-json\/wp\/v2\/posts\/11027\/revisions\/11029"}],"wp:featuredmedia":[{"embeddable":true,"href":"https:\/\/www.caritasne2.org.br\/site\/wp-json\/wp\/v2\/media\/11028"}],"wp:attachment":[{"href":"https:\/\/www.caritasne2.org.br\/site\/wp-json\/wp\/v2\/media?parent=11027"}],"wp:term":[{"taxonomy":"category","embeddable":true,"href":"https:\/\/www.caritasne2.org.br\/site\/wp-json\/wp\/v2\/categories?post=11027"},{"taxonomy":"post_tag","embeddable":true,"href":"https:\/\/www.caritasne2.org.br\/site\/wp-json\/wp\/v2\/tags?post=11027"}],"curies":[{"name":"wp","href":"https:\/\/api.w.org\/{rel}","templated":true}]}}