{"id":10905,"date":"2023-05-17T16:27:42","date_gmt":"2023-05-17T19:27:42","guid":{"rendered":"https:\/\/www.caritasne2.org.br\/site\/?p=10905"},"modified":"2023-05-17T16:27:42","modified_gmt":"2023-05-17T19:27:42","slug":"caritas-brasileira-ne2-lanca-edital-para-vaga-de-assistente-de-auditoria-saiba-como-se-inscrever","status":"publish","type":"post","link":"https:\/\/www.caritasne2.org.br\/site\/caritas-brasileira-ne2-lanca-edital-para-vaga-de-assistente-de-auditoria-saiba-como-se-inscrever\/","title":{"rendered":"C\u00e1ritas Brasileira NE2 lan\u00e7a edital para vaga de assistente de auditoria; saiba como se inscrever"},"content":{"rendered":"<p>A C\u00e1ritas Brasileira Regional NE2, organismo da Confer\u00eancia Nacional dos Bispos do Brasil (CNBB), no uso de suas atribui\u00e7\u00f5es legais, torna p\u00fablico a realiza\u00e7\u00e3o do processo seletivo simplificado \u2013Edital N\u00ba 003\/2023 CBNE2 para contrata\u00e7\u00e3o imediata.<\/p>\n<p>A vaga ofertada \u00e9 para seguinte fun\u00e7\u00e3o:<\/p>\n<ul>\n<li>Assistente de auditoria- 01(uma) vaga<\/li>\n<\/ul>\n<p>Os (as) interessados(as) podem enviar curr\u00edculo de 17 a 21 de maio de 2023, at\u00e9 \u00e0s 23h59 ( hor\u00e1rio de Bras\u00edlia) , atrav\u00e9s do endere\u00e7o eletr\u00f4nico caritasne2@caritas.org.br, com o seguinte t\u00edtulo: <strong>C\u00e1ritas Brasileira Regional Nordeste 2 \u2013 Edital de Sele\u00e7\u00e3o (Assistente de auditoria) \u2013 N\u00ba 003\/2023<\/strong>.<\/p>\n<p>Confira edital completo <a href=\"https:\/\/www.caritasne2.org.br\/site\/wp-content\/uploads\/2023\/05\/03.-2023-Selecao-Simplificada-Contratacao-de-Pessoal.pdf\">clicando\u00a0aqui.<\/a><\/p>\n<ul class=\"ssb_list_wrapper\"><li class=\"fb2\" style=\"width:135px\"><iframe src=\"\/\/www.facebook.com\/plugins\/like.php?href=https%3A%2F%2Fwww.caritasne2.org.br%2Fsite%2Fcaritas-brasileira-ne2-lanca-edital-para-vaga-de-assistente-de-auditoria-saiba-como-se-inscrever%2F&amp;layout=button_count&amp;action=like&amp;show_faces=false&amp;share=true&amp;width=135&amp;height=21&amp;appId=307091639398582\" scrolling=\"no\" frameborder=\"0\" style=\"border:none; overflow:hidden;  width:150px; height:21px;\" allowTransparency=\"true\"><\/iframe><\/li><li class=\"twtr\" style=\"width:90px\"><a href=\"https:\/\/twitter.com\/share\" class=\"twitter-share-button\" data-url=\"https:\/\/www.caritasne2.org.br\/site\/caritas-brasileira-ne2-lanca-edital-para-vaga-de-assistente-de-auditoria-saiba-como-se-inscrever\/\">&nbsp;<\/a><script>!function(d,s,id){var js,fjs=d.getElementsByTagName(s)[0],p=\/^http:\/.test(d.location)?'http':'https';if(!d.getElementById(id)){js=d.createElement(s);js.id=id;js.src=p+':\/\/platform.twitter.com\/widgets.js';fjs.parentNode.insertBefore(js,fjs);}}(document, 'script', 'twitter-wjs');<\/script><\/li><li class=\"gplus\" style=\"width:68px\"><div class=\"g-plusone\" data-size=\"medium\" data-href=\"https:\/\/www.caritasne2.org.br\/site\/caritas-brasileira-ne2-lanca-edital-para-vaga-de-assistente-de-auditoria-saiba-como-se-inscrever\/\"><\/div><\/li><li class=\"ssb_linkedin\" style=\"width:64px\"><script src=\"\/\/platform.linkedin.com\/in.js\" type=\"text\/javascript\">lang: en_US<\/script><script type=\"IN\/Share\" data-url=\"https:\/\/www.caritasne2.org.br\/site\/caritas-brasileira-ne2-lanca-edital-para-vaga-de-assistente-de-auditoria-saiba-como-se-inscrever\/\" data-counter=\"right\"><\/script><\/li><\/ul>","protected":false},"excerpt":{"rendered":"<p>A C\u00e1ritas Brasileira Regional NE2, organismo da Confer\u00eancia Nacional dos Bispos do Brasil (CNBB), no uso de suas atribui\u00e7\u00f5es legais, torna p\u00fablico a realiza\u00e7\u00e3o do processo seletivo simplificado \u2013Edital N\u00ba 003\/2023 CBNE2 para contrata\u00e7\u00e3o imediata. A vaga ofertada \u00e9 para seguinte fun\u00e7\u00e3o: Assistente de auditoria- 01(uma) vaga Os (as) interessados(as) podem enviar curr\u00edculo de 17 a 21 de maio de 2023, at\u00e9 \u00e0s 23h59 ( [&hellip;]<\/p>\n<ul class=\"ssb_list_wrapper\"><li class=\"fb2\" style=\"width:135px\"><iframe src=\"\/\/www.facebook.com\/plugins\/like.php?href=https%3A%2F%2Fwww.caritasne2.org.br%2Fsite%2Fcaritas-brasileira-ne2-lanca-edital-para-vaga-de-assistente-de-auditoria-saiba-como-se-inscrever%2F&amp;layout=button_count&amp;action=like&amp;show_faces=false&amp;share=true&amp;width=135&amp;height=21&amp;appId=307091639398582\" scrolling=\"no\" frameborder=\"0\" style=\"border:none; overflow:hidden;  width:150px; height:21px;\" allowTransparency=\"true\"><\/iframe><\/li><li class=\"twtr\" style=\"width:90px\"><a href=\"https:\/\/twitter.com\/share\" class=\"twitter-share-button\" data-url=\"https:\/\/www.caritasne2.org.br\/site\/caritas-brasileira-ne2-lanca-edital-para-vaga-de-assistente-de-auditoria-saiba-como-se-inscrever\/\">&nbsp;<\/a><script>!function(d,s,id){var js,fjs=d.getElementsByTagName(s)[0],p=\/^http:\/.test(d.location)?'http':'https';if(!d.getElementById(id)){js=d.createElement(s);js.id=id;js.src=p+':\/\/platform.twitter.com\/widgets.js';fjs.parentNode.insertBefore(js,fjs);}}(document, 'script', 'twitter-wjs');<\/script><\/li><li class=\"gplus\" style=\"width:68px\"><div class=\"g-plusone\" data-size=\"medium\" data-href=\"https:\/\/www.caritasne2.org.br\/site\/caritas-brasileira-ne2-lanca-edital-para-vaga-de-assistente-de-auditoria-saiba-como-se-inscrever\/\"><\/div><\/li><li class=\"ssb_linkedin\" style=\"width:64px\"><script src=\"\/\/platform.linkedin.com\/in.js\" type=\"text\/javascript\">lang: en_US<\/script><script type=\"IN\/Share\" data-url=\"https:\/\/www.caritasne2.org.br\/site\/caritas-brasileira-ne2-lanca-edital-para-vaga-de-assistente-de-auditoria-saiba-como-se-inscrever\/\" data-counter=\"right\"><\/script><\/li><\/ul>","protected":false},"author":4,"featured_media":10906,"comment_status":"open","ping_status":"open","sticky":false,"template":"","format":"standard","meta":[],"categories":[21,174,20],"tags":[],"_links":{"self":[{"href":"https:\/\/www.caritasne2.org.br\/site\/wp-json\/wp\/v2\/posts\/10905"}],"collection":[{"href":"https:\/\/www.caritasne2.org.br\/site\/wp-json\/wp\/v2\/posts"}],"about":[{"href":"https:\/\/www.caritasne2.org.br\/site\/wp-json\/wp\/v2\/types\/post"}],"author":[{"embeddable":true,"href":"https:\/\/www.caritasne2.org.br\/site\/wp-json\/wp\/v2\/users\/4"}],"replies":[{"embeddable":true,"href":"https:\/\/www.caritasne2.org.br\/site\/wp-json\/wp\/v2\/comments?post=10905"}],"version-history":[{"count":1,"href":"https:\/\/www.caritasne2.org.br\/site\/wp-json\/wp\/v2\/posts\/10905\/revisions"}],"predecessor-version":[{"id":10908,"href":"https:\/\/www.caritasne2.org.br\/site\/wp-json\/wp\/v2\/posts\/10905\/revisions\/10908"}],"wp:featuredmedia":[{"embeddable":true,"href":"https:\/\/www.caritasne2.org.br\/site\/wp-json\/wp\/v2\/media\/10906"}],"wp:attachment":[{"href":"https:\/\/www.caritasne2.org.br\/site\/wp-json\/wp\/v2\/media?parent=10905"}],"wp:term":[{"taxonomy":"category","embeddable":true,"href":"https:\/\/www.caritasne2.org.br\/site\/wp-json\/wp\/v2\/categories?post=10905"},{"taxonomy":"post_tag","embeddable":true,"href":"https:\/\/www.caritasne2.org.br\/site\/wp-json\/wp\/v2\/tags?post=10905"}],"curies":[{"name":"wp","href":"https:\/\/api.w.org\/{rel}","templated":true}]}}