{"id":1089,"date":"2013-06-19T14:42:01","date_gmt":"2013-06-19T17:42:01","guid":{"rendered":"http:\/\/ne2.caritas.org.br.s174889.gridserver.com\/?p=1089"},"modified":"2017-07-11T15:24:31","modified_gmt":"2017-07-11T18:24:31","slug":"beneficiarios-p12-em-calcado-pe-participam-de-sisma","status":"publish","type":"post","link":"https:\/\/www.caritasne2.org.br\/site\/beneficiarios-p12-em-calcado-pe-participam-de-sisma\/","title":{"rendered":"Benefici\u00e1rios do P1+2 em Cal\u00e7ado (PE) participam de Sisma"},"content":{"rendered":"<p style=\"text-align: justify;\">Fam\u00edlias benefici\u00e1rias do Programa Uma Terra e Duas \u00c1guas (P1+2) participaram, entre os dias 13 e 15 deste m\u00eas, de uma capacita\u00e7\u00e3o em Sistema Simplificado de Manejo de \u00c1gua (Sisma) para a produ\u00e7\u00e3o de alimentos. A atividade foi realizada na Associa\u00e7\u00e3o Comunit\u00e1ria do S\u00edtio Marrecas, na zona rural do munic\u00edpio de Cal\u00e7ados (PE). O curso foi ministrado pelo t\u00e9cnico em agropecu\u00e1ria Lucinaldo Freitas.<\/p>\n<p style=\"text-align: justify;\">O Sisma constitui a segunda etapa de forma\u00e7\u00e3o para as fam\u00edlias benefici\u00e1rias do (P1+2), que \u00e9 desenvolvido atrav\u00e9s de um conv\u00eanio com a C\u00e1ritas Brasileira NE2. A primeira capacita\u00e7\u00e3o foi em Gest\u00e3o de \u00c1gua para a Produ\u00e7\u00e3o (Gapa), realizada entre os dias 02 e 04 de maio.<\/p>\n<p style=\"text-align: justify;\">O conte\u00fado da capacita\u00e7\u00e3o abrange pr\u00e1ticas de produ\u00e7\u00e3o agroecol\u00f3gicas, tais como: metodologias e t\u00e9cnicas de produ\u00e7\u00e3o adequadas ao Semi\u00e1rido, manejo de \u00e1gua para irriga\u00e7\u00e3o, produ\u00e7\u00e3o e uso de defensivos naturais e armadilhas, entre outros.<\/p>\n<p style=\"text-align: justify;\">O trabalho em mutir\u00e3o tamb\u00e9m faz parte da programa\u00e7\u00e3o do curso. Com uma lona, quatro metros de cano pvc, algumas garrafas pets preenchidas com areia e telhas, os agricultores tiveram a experi\u00eancia da produ\u00e7\u00e3o de um canteiro na casa do senhor Ant\u00f4nio Ferreira dos Santos, morador da comunidade. Cada benefici\u00e1rio receber\u00e1 os materiais para construir um canteiro na pr\u00f3pria casa.<\/p>\n<p style=\"text-align: justify;\">A import\u00e2ncia da participa\u00e7\u00e3o no curso esteve presente na fala de dona Maria Ferreira, 67. &#8220;Mesmo com as tarefas do dia a dia para serem feitas, n\u00f3s tamb\u00e9m temos compromisso com o conhecimento e \u00e9 por isso que estamos aqui, para aprender&#8221;, afirmou.<\/p>\n<p style=\"text-align: justify;\"><a href=\"http:\/\/ne2.caritas.org.br.s174889.gridserver.com\/2013\/06\/19\/beneficiarios-p12-em-calcado-pe-participam-de-sisma\/certificado-4\/\" rel=\"attachment wp-att-1094\"><img decoding=\"async\" loading=\"lazy\" class=\"alignleft  wp-image-1094\" title=\"Certificado\" src=\"http:\/\/ne2.caritas.org.br.s174889.gridserver.com\/wp-content\/uploads\/2013\/06\/Certificado3-300x225.jpg\" alt=\"\" width=\"262\" height=\"204\" \/><\/a>Antes da entrega dos certificados, o articulador de campo Adriano Souza, respons\u00e1vel pelo acompanhamento do trabalho de constru\u00e7\u00f5es das tecnologias na regi\u00e3o, agradeceu aos participantes. &#8220;Obrigado a todos pela participa\u00e7\u00e3o e pela confian\u00e7a que voc\u00eas depositam no nosso trabalho&#8221;, disse.<\/p>\n<p style=\"text-align: justify;\"><em><\/em>\u00a0<\/p>\n<p style=\"text-align: justify;\"><em><\/em>\u00a0<\/p>\n<p style=\"text-align: justify;\">\u00a0<\/p>\n<p style=\"text-align: justify;\">\u00a0<\/p>\n<p style=\"text-align: justify;\"><em>por Lidiane Santos \u2013 Jornalista, comunicadora popular da C\u00e1ritas NE2 e P1+2 em Garanhuns\/PE.<\/em><\/p>\n<ul class=\"ssb_list_wrapper\"><li class=\"fb2\" style=\"width:135px\"><iframe src=\"\/\/www.facebook.com\/plugins\/like.php?href=https%3A%2F%2Fwww.caritasne2.org.br%2Fsite%2Fbeneficiarios-p12-em-calcado-pe-participam-de-sisma%2F&amp;layout=button_count&amp;action=like&amp;show_faces=false&amp;share=true&amp;width=135&amp;height=21&amp;appId=307091639398582\" scrolling=\"no\" frameborder=\"0\" style=\"border:none; overflow:hidden;  width:150px; height:21px;\" allowTransparency=\"true\"><\/iframe><\/li><li class=\"twtr\" style=\"width:90px\"><a href=\"https:\/\/twitter.com\/share\" class=\"twitter-share-button\" data-url=\"https:\/\/www.caritasne2.org.br\/site\/beneficiarios-p12-em-calcado-pe-participam-de-sisma\/\">&nbsp;<\/a><script>!function(d,s,id){var js,fjs=d.getElementsByTagName(s)[0],p=\/^http:\/.test(d.location)?'http':'https';if(!d.getElementById(id)){js=d.createElement(s);js.id=id;js.src=p+':\/\/platform.twitter.com\/widgets.js';fjs.parentNode.insertBefore(js,fjs);}}(document, 'script', 'twitter-wjs');<\/script><\/li><li class=\"gplus\" style=\"width:68px\"><div class=\"g-plusone\" data-size=\"medium\" data-href=\"https:\/\/www.caritasne2.org.br\/site\/beneficiarios-p12-em-calcado-pe-participam-de-sisma\/\"><\/div><\/li><li class=\"ssb_linkedin\" style=\"width:64px\"><script src=\"\/\/platform.linkedin.com\/in.js\" type=\"text\/javascript\">lang: en_US<\/script><script type=\"IN\/Share\" data-url=\"https:\/\/www.caritasne2.org.br\/site\/beneficiarios-p12-em-calcado-pe-participam-de-sisma\/\" data-counter=\"right\"><\/script><\/li><\/ul>","protected":false},"excerpt":{"rendered":"<p>Fam\u00edlias benefici\u00e1rias do Programa Uma Terra e Duas \u00c1guas (P1+2) participaram, entre os dias 13 e 15 deste m\u00eas, de uma capacita\u00e7\u00e3o em Sistema Simplificado de Manejo de \u00c1gua (Sisma) para a produ\u00e7\u00e3o de alimentos. A atividade foi realizada na Associa\u00e7\u00e3o Comunit\u00e1ria do S\u00edtio Marrecas, na zona rural do munic\u00edpio de Cal\u00e7ados (PE). O curso foi ministrado pelo t\u00e9cnico em agropecu\u00e1ria Lucinaldo Freitas. O Sisma [&hellip;]<\/p>\n<ul class=\"ssb_list_wrapper\"><li class=\"fb2\" style=\"width:135px\"><iframe src=\"\/\/www.facebook.com\/plugins\/like.php?href=https%3A%2F%2Fwww.caritasne2.org.br%2Fsite%2Fbeneficiarios-p12-em-calcado-pe-participam-de-sisma%2F&amp;layout=button_count&amp;action=like&amp;show_faces=false&amp;share=true&amp;width=135&amp;height=21&amp;appId=307091639398582\" scrolling=\"no\" frameborder=\"0\" style=\"border:none; overflow:hidden;  width:150px; height:21px;\" allowTransparency=\"true\"><\/iframe><\/li><li class=\"twtr\" style=\"width:90px\"><a href=\"https:\/\/twitter.com\/share\" class=\"twitter-share-button\" data-url=\"https:\/\/www.caritasne2.org.br\/site\/beneficiarios-p12-em-calcado-pe-participam-de-sisma\/\">&nbsp;<\/a><script>!function(d,s,id){var js,fjs=d.getElementsByTagName(s)[0],p=\/^http:\/.test(d.location)?'http':'https';if(!d.getElementById(id)){js=d.createElement(s);js.id=id;js.src=p+':\/\/platform.twitter.com\/widgets.js';fjs.parentNode.insertBefore(js,fjs);}}(document, 'script', 'twitter-wjs');<\/script><\/li><li class=\"gplus\" style=\"width:68px\"><div class=\"g-plusone\" data-size=\"medium\" data-href=\"https:\/\/www.caritasne2.org.br\/site\/beneficiarios-p12-em-calcado-pe-participam-de-sisma\/\"><\/div><\/li><li class=\"ssb_linkedin\" style=\"width:64px\"><script src=\"\/\/platform.linkedin.com\/in.js\" type=\"text\/javascript\">lang: en_US<\/script><script type=\"IN\/Share\" data-url=\"https:\/\/www.caritasne2.org.br\/site\/beneficiarios-p12-em-calcado-pe-participam-de-sisma\/\" data-counter=\"right\"><\/script><\/li><\/ul>","protected":false},"author":4,"featured_media":1090,"comment_status":"open","ping_status":"open","sticky":false,"template":"","format":"standard","meta":[],"categories":[20,224],"tags":[67,159,234,96,100,235],"_links":{"self":[{"href":"https:\/\/www.caritasne2.org.br\/site\/wp-json\/wp\/v2\/posts\/1089"}],"collection":[{"href":"https:\/\/www.caritasne2.org.br\/site\/wp-json\/wp\/v2\/posts"}],"about":[{"href":"https:\/\/www.caritasne2.org.br\/site\/wp-json\/wp\/v2\/types\/post"}],"author":[{"embeddable":true,"href":"https:\/\/www.caritasne2.org.br\/site\/wp-json\/wp\/v2\/users\/4"}],"replies":[{"embeddable":true,"href":"https:\/\/www.caritasne2.org.br\/site\/wp-json\/wp\/v2\/comments?post=1089"}],"version-history":[{"count":0,"href":"https:\/\/www.caritasne2.org.br\/site\/wp-json\/wp\/v2\/posts\/1089\/revisions"}],"wp:featuredmedia":[{"embeddable":true,"href":"https:\/\/www.caritasne2.org.br\/site\/wp-json\/wp\/v2\/media\/1090"}],"wp:attachment":[{"href":"https:\/\/www.caritasne2.org.br\/site\/wp-json\/wp\/v2\/media?parent=1089"}],"wp:term":[{"taxonomy":"category","embeddable":true,"href":"https:\/\/www.caritasne2.org.br\/site\/wp-json\/wp\/v2\/categories?post=1089"},{"taxonomy":"post_tag","embeddable":true,"href":"https:\/\/www.caritasne2.org.br\/site\/wp-json\/wp\/v2\/tags?post=1089"}],"curies":[{"name":"wp","href":"https:\/\/api.w.org\/{rel}","templated":true}]}}