{"id":10884,"date":"2023-05-04T16:39:31","date_gmt":"2023-05-04T19:39:31","guid":{"rendered":"https:\/\/www.caritasne2.org.br\/site\/?p=10884"},"modified":"2023-05-08T16:56:06","modified_gmt":"2023-05-08T19:56:06","slug":"quintais-ecoprodutivos-oficina-de-paes-artesanais-promove-fomento-a-empreendedorismo-para-agricultores-as","status":"publish","type":"post","link":"https:\/\/www.caritasne2.org.br\/site\/quintais-ecoprodutivos-oficina-de-paes-artesanais-promove-fomento-a-empreendedorismo-para-agricultores-as\/","title":{"rendered":"Quintais Ecoprodutivos : interc\u00e2mbio intermunicipal promove troca de experi\u00eancias entre agricultores (as)"},"content":{"rendered":"<p>Pensando na import\u00e2ncia da educa\u00e7\u00e3o agroecol\u00f3gica, no \u00faltimo final de semana foi realizado mais um encontro com as fam\u00edlias assessoradas pela equipe de campo do Projeto Quintais Ecoprodutivos que acompanham os laborat\u00f3rios de ecotecnologias. A iniciativa \u00e9 uma realiza\u00e7\u00e3o do Complexo Portu\u00e1rio Industrial de Suape com execu\u00e7\u00e3o da C\u00e1ritas Brasileira NE2 \u2013 CBNE2<\/p>\n<p>V\u00e1rios agricultores e agricultoras integrantes dos laborat\u00f3rios de Vila Claudete, Vila Tatuoca, Engenho Massangana, Gaibu, e Engenho Sacambu se reuniram para comemorar mais um ciclo do Projeto. A Atividade contou com mutir\u00e3o de plantio de abacaxi, abacate, acerola, pitanga, feij\u00e3o, milho e etc, no laborat\u00f3rio de Tatuoca, tamb\u00e9m tiveram momentos com rodas de conversa e partilha de experi\u00eancias entre as fam\u00edlias envolvidas no projeto.<\/p>\n<p>Iniciativas como mutir\u00f5es e interc\u00e2mbios v\u00eam gerando aprendizados e melhorias na produ\u00e7\u00e3o de cada laborat\u00f3rio. S\u00e3o atividades como essas as fam\u00edlias que reafirmam o compromisso de partilhar informa\u00e7\u00f5es e permeiam a seguran\u00e7a alimentar e nutricional, respeito aos modos de vida, e diversidade cultural.<\/p>\n<p>&nbsp;<\/p>\n<p>&nbsp;<\/p>\n<ul class=\"ssb_list_wrapper\"><li class=\"fb2\" style=\"width:135px\"><iframe src=\"\/\/www.facebook.com\/plugins\/like.php?href=https%3A%2F%2Fwww.caritasne2.org.br%2Fsite%2Fquintais-ecoprodutivos-oficina-de-paes-artesanais-promove-fomento-a-empreendedorismo-para-agricultores-as%2F&amp;layout=button_count&amp;action=like&amp;show_faces=false&amp;share=true&amp;width=135&amp;height=21&amp;appId=307091639398582\" scrolling=\"no\" frameborder=\"0\" style=\"border:none; overflow:hidden;  width:150px; height:21px;\" allowTransparency=\"true\"><\/iframe><\/li><li class=\"twtr\" style=\"width:90px\"><a href=\"https:\/\/twitter.com\/share\" class=\"twitter-share-button\" data-url=\"https:\/\/www.caritasne2.org.br\/site\/quintais-ecoprodutivos-oficina-de-paes-artesanais-promove-fomento-a-empreendedorismo-para-agricultores-as\/\">&nbsp;<\/a><script>!function(d,s,id){var js,fjs=d.getElementsByTagName(s)[0],p=\/^http:\/.test(d.location)?'http':'https';if(!d.getElementById(id)){js=d.createElement(s);js.id=id;js.src=p+':\/\/platform.twitter.com\/widgets.js';fjs.parentNode.insertBefore(js,fjs);}}(document, 'script', 'twitter-wjs');<\/script><\/li><li class=\"gplus\" style=\"width:68px\"><div class=\"g-plusone\" data-size=\"medium\" data-href=\"https:\/\/www.caritasne2.org.br\/site\/quintais-ecoprodutivos-oficina-de-paes-artesanais-promove-fomento-a-empreendedorismo-para-agricultores-as\/\"><\/div><\/li><li class=\"ssb_linkedin\" style=\"width:64px\"><script src=\"\/\/platform.linkedin.com\/in.js\" type=\"text\/javascript\">lang: en_US<\/script><script type=\"IN\/Share\" data-url=\"https:\/\/www.caritasne2.org.br\/site\/quintais-ecoprodutivos-oficina-de-paes-artesanais-promove-fomento-a-empreendedorismo-para-agricultores-as\/\" data-counter=\"right\"><\/script><\/li><\/ul>","protected":false},"excerpt":{"rendered":"<p>Pensando na import\u00e2ncia da educa\u00e7\u00e3o agroecol\u00f3gica, no \u00faltimo final de semana foi realizado mais um encontro com as fam\u00edlias assessoradas pela equipe de campo do Projeto Quintais Ecoprodutivos que acompanham os laborat\u00f3rios de ecotecnologias. A iniciativa \u00e9 uma realiza\u00e7\u00e3o do Complexo Portu\u00e1rio Industrial de Suape com execu\u00e7\u00e3o da C\u00e1ritas Brasileira NE2 \u2013 CBNE2 V\u00e1rios agricultores e agricultoras integrantes dos laborat\u00f3rios de Vila Claudete, Vila Tatuoca, [&hellip;]<\/p>\n<ul class=\"ssb_list_wrapper\"><li class=\"fb2\" style=\"width:135px\"><iframe src=\"\/\/www.facebook.com\/plugins\/like.php?href=https%3A%2F%2Fwww.caritasne2.org.br%2Fsite%2Fquintais-ecoprodutivos-oficina-de-paes-artesanais-promove-fomento-a-empreendedorismo-para-agricultores-as%2F&amp;layout=button_count&amp;action=like&amp;show_faces=false&amp;share=true&amp;width=135&amp;height=21&amp;appId=307091639398582\" scrolling=\"no\" frameborder=\"0\" style=\"border:none; overflow:hidden;  width:150px; height:21px;\" allowTransparency=\"true\"><\/iframe><\/li><li class=\"twtr\" style=\"width:90px\"><a href=\"https:\/\/twitter.com\/share\" class=\"twitter-share-button\" data-url=\"https:\/\/www.caritasne2.org.br\/site\/quintais-ecoprodutivos-oficina-de-paes-artesanais-promove-fomento-a-empreendedorismo-para-agricultores-as\/\">&nbsp;<\/a><script>!function(d,s,id){var js,fjs=d.getElementsByTagName(s)[0],p=\/^http:\/.test(d.location)?'http':'https';if(!d.getElementById(id)){js=d.createElement(s);js.id=id;js.src=p+':\/\/platform.twitter.com\/widgets.js';fjs.parentNode.insertBefore(js,fjs);}}(document, 'script', 'twitter-wjs');<\/script><\/li><li class=\"gplus\" style=\"width:68px\"><div class=\"g-plusone\" data-size=\"medium\" data-href=\"https:\/\/www.caritasne2.org.br\/site\/quintais-ecoprodutivos-oficina-de-paes-artesanais-promove-fomento-a-empreendedorismo-para-agricultores-as\/\"><\/div><\/li><li class=\"ssb_linkedin\" style=\"width:64px\"><script src=\"\/\/platform.linkedin.com\/in.js\" type=\"text\/javascript\">lang: en_US<\/script><script type=\"IN\/Share\" data-url=\"https:\/\/www.caritasne2.org.br\/site\/quintais-ecoprodutivos-oficina-de-paes-artesanais-promove-fomento-a-empreendedorismo-para-agricultores-as\/\" data-counter=\"right\"><\/script><\/li><\/ul>","protected":false},"author":4,"featured_media":10887,"comment_status":"open","ping_status":"open","sticky":false,"template":"","format":"standard","meta":[],"categories":[21,20],"tags":[],"_links":{"self":[{"href":"https:\/\/www.caritasne2.org.br\/site\/wp-json\/wp\/v2\/posts\/10884"}],"collection":[{"href":"https:\/\/www.caritasne2.org.br\/site\/wp-json\/wp\/v2\/posts"}],"about":[{"href":"https:\/\/www.caritasne2.org.br\/site\/wp-json\/wp\/v2\/types\/post"}],"author":[{"embeddable":true,"href":"https:\/\/www.caritasne2.org.br\/site\/wp-json\/wp\/v2\/users\/4"}],"replies":[{"embeddable":true,"href":"https:\/\/www.caritasne2.org.br\/site\/wp-json\/wp\/v2\/comments?post=10884"}],"version-history":[{"count":2,"href":"https:\/\/www.caritasne2.org.br\/site\/wp-json\/wp\/v2\/posts\/10884\/revisions"}],"predecessor-version":[{"id":10889,"href":"https:\/\/www.caritasne2.org.br\/site\/wp-json\/wp\/v2\/posts\/10884\/revisions\/10889"}],"wp:featuredmedia":[{"embeddable":true,"href":"https:\/\/www.caritasne2.org.br\/site\/wp-json\/wp\/v2\/media\/10887"}],"wp:attachment":[{"href":"https:\/\/www.caritasne2.org.br\/site\/wp-json\/wp\/v2\/media?parent=10884"}],"wp:term":[{"taxonomy":"category","embeddable":true,"href":"https:\/\/www.caritasne2.org.br\/site\/wp-json\/wp\/v2\/categories?post=10884"},{"taxonomy":"post_tag","embeddable":true,"href":"https:\/\/www.caritasne2.org.br\/site\/wp-json\/wp\/v2\/tags?post=10884"}],"curies":[{"name":"wp","href":"https:\/\/api.w.org\/{rel}","templated":true}]}}