{"id":10878,"date":"2023-05-08T16:37:32","date_gmt":"2023-05-08T19:37:32","guid":{"rendered":"https:\/\/www.caritasne2.org.br\/site\/?p=10878"},"modified":"2023-05-08T16:37:32","modified_gmt":"2023-05-08T19:37:32","slug":"caritas-ne2-promove-oficina-de-economia-solidaria-no-rio-grande-do-norte-para-fortalecimento-de-empreendimentos-locais","status":"publish","type":"post","link":"https:\/\/www.caritasne2.org.br\/site\/caritas-ne2-promove-oficina-de-economia-solidaria-no-rio-grande-do-norte-para-fortalecimento-de-empreendimentos-locais\/","title":{"rendered":"C\u00e1ritas NE2 promove oficina de Economia Solid\u00e1ria no Rio Grande do Norte para fortalecimento de  empreendimentos locais"},"content":{"rendered":"<p style=\"text-align: center;\"><em>Apenas os que dialogam podem construir pontes e v\u00ednculos \u2013 Papa Francisco<\/em><\/p>\n<p style=\"text-align: justify;\">\nCom o objetivo de fortalecer as atividades de acompanhamento realizadas pela C\u00e1ritas Arquidiocesana de Natal, no Rio Grande do Norte, neste s\u00e1bado, 06, foi realizada uma oficina com foco na Economia Popular Solid\u00e1ria \u2013 EPS no Centro Pastoral Dom Eug\u00eanio Sales, na Par\u00f3quia Santa Terezinha.<\/p>\n<p>O momento reuniu dezenas de volunt\u00e1rios (as) e representa\u00e7\u00f5es de C\u00e1ritas paroquiais dos munic\u00edpios de Jo\u00e3o C\u00e2mara, Pend\u00eancias l, Cear\u00e1 Mirim, Comunidade do Parque Industrial na cidade de Parnamirim, Pedro Velho e as comunidades de Lagoa azul e Potengi na cidade de Natal &#8211; RN e foi conduzido pela assessora regional de Economia Popular Solid\u00e1ria da CBNE2, Ros\u00e2ngela Bolt.<\/p>\n<p>Durante a programa\u00e7\u00e3o, foi abordado sobre o que \u00e9 Economia Popular Solid\u00e1ria e como \u00e9 poss\u00edvel desenvolver um trabalho com mais profundidade nos tr\u00eas grupos de empreendimento de mulheres acompanhados nos territ\u00f3rios, al\u00e9m de alinhar um olhar pelas atividades j\u00e1 existentes na realidade de cada par\u00f3quia. No final do encontro foi designado volunt\u00e1rios articuladores, que ficar\u00e3o como referenciais da tem\u00e1tica na regi\u00e3o.<\/p>\n<p><img decoding=\"async\" loading=\"lazy\" class=\"alignnone  wp-image-10879\" src=\"https:\/\/www.caritasne2.org.br\/site\/wp-content\/uploads\/2023\/05\/WhatsApp-Image-2023-05-08-at-14.42.39-300x138.jpeg\" alt=\"\" width=\"763\" height=\"351\" srcset=\"https:\/\/www.caritasne2.org.br\/site\/wp-content\/uploads\/2023\/05\/WhatsApp-Image-2023-05-08-at-14.42.39-300x138.jpeg 300w, https:\/\/www.caritasne2.org.br\/site\/wp-content\/uploads\/2023\/05\/WhatsApp-Image-2023-05-08-at-14.42.39-1024x470.jpeg 1024w, https:\/\/www.caritasne2.org.br\/site\/wp-content\/uploads\/2023\/05\/WhatsApp-Image-2023-05-08-at-14.42.39-768x353.jpeg 768w, https:\/\/www.caritasne2.org.br\/site\/wp-content\/uploads\/2023\/05\/WhatsApp-Image-2023-05-08-at-14.42.39.jpeg 1280w\" sizes=\"(max-width: 763px) 100vw, 763px\" \/><\/p>\n<p><img decoding=\"async\" loading=\"lazy\" class=\"alignnone  wp-image-10881\" src=\"https:\/\/www.caritasne2.org.br\/site\/wp-content\/uploads\/2023\/05\/WhatsApp-Image-2023-05-08-at-14.42.38-300x138.jpeg\" alt=\"\" width=\"765\" height=\"352\" srcset=\"https:\/\/www.caritasne2.org.br\/site\/wp-content\/uploads\/2023\/05\/WhatsApp-Image-2023-05-08-at-14.42.38-300x138.jpeg 300w, https:\/\/www.caritasne2.org.br\/site\/wp-content\/uploads\/2023\/05\/WhatsApp-Image-2023-05-08-at-14.42.38-1024x470.jpeg 1024w, https:\/\/www.caritasne2.org.br\/site\/wp-content\/uploads\/2023\/05\/WhatsApp-Image-2023-05-08-at-14.42.38-768x353.jpeg 768w, https:\/\/www.caritasne2.org.br\/site\/wp-content\/uploads\/2023\/05\/WhatsApp-Image-2023-05-08-at-14.42.38.jpeg 1280w\" sizes=\"(max-width: 765px) 100vw, 765px\" \/><\/p>\n<ul class=\"ssb_list_wrapper\"><li class=\"fb2\" style=\"width:135px\"><iframe src=\"\/\/www.facebook.com\/plugins\/like.php?href=https%3A%2F%2Fwww.caritasne2.org.br%2Fsite%2Fcaritas-ne2-promove-oficina-de-economia-solidaria-no-rio-grande-do-norte-para-fortalecimento-de-empreendimentos-locais%2F&amp;layout=button_count&amp;action=like&amp;show_faces=false&amp;share=true&amp;width=135&amp;height=21&amp;appId=307091639398582\" scrolling=\"no\" frameborder=\"0\" style=\"border:none; overflow:hidden;  width:150px; height:21px;\" allowTransparency=\"true\"><\/iframe><\/li><li class=\"twtr\" style=\"width:90px\"><a href=\"https:\/\/twitter.com\/share\" class=\"twitter-share-button\" data-url=\"https:\/\/www.caritasne2.org.br\/site\/caritas-ne2-promove-oficina-de-economia-solidaria-no-rio-grande-do-norte-para-fortalecimento-de-empreendimentos-locais\/\">&nbsp;<\/a><script>!function(d,s,id){var js,fjs=d.getElementsByTagName(s)[0],p=\/^http:\/.test(d.location)?'http':'https';if(!d.getElementById(id)){js=d.createElement(s);js.id=id;js.src=p+':\/\/platform.twitter.com\/widgets.js';fjs.parentNode.insertBefore(js,fjs);}}(document, 'script', 'twitter-wjs');<\/script><\/li><li class=\"gplus\" style=\"width:68px\"><div class=\"g-plusone\" data-size=\"medium\" data-href=\"https:\/\/www.caritasne2.org.br\/site\/caritas-ne2-promove-oficina-de-economia-solidaria-no-rio-grande-do-norte-para-fortalecimento-de-empreendimentos-locais\/\"><\/div><\/li><li class=\"ssb_linkedin\" style=\"width:64px\"><script src=\"\/\/platform.linkedin.com\/in.js\" type=\"text\/javascript\">lang: en_US<\/script><script type=\"IN\/Share\" data-url=\"https:\/\/www.caritasne2.org.br\/site\/caritas-ne2-promove-oficina-de-economia-solidaria-no-rio-grande-do-norte-para-fortalecimento-de-empreendimentos-locais\/\" data-counter=\"right\"><\/script><\/li><\/ul>","protected":false},"excerpt":{"rendered":"<p>Apenas os que dialogam podem construir pontes e v\u00ednculos \u2013 Papa Francisco Com o objetivo de fortalecer as atividades de acompanhamento realizadas pela C\u00e1ritas Arquidiocesana de Natal, no Rio Grande do Norte, neste s\u00e1bado, 06, foi realizada uma oficina com foco na Economia Popular Solid\u00e1ria \u2013 EPS no Centro Pastoral Dom Eug\u00eanio Sales, na Par\u00f3quia Santa Terezinha. O momento reuniu dezenas de volunt\u00e1rios (as) e [&hellip;]<\/p>\n<ul class=\"ssb_list_wrapper\"><li class=\"fb2\" style=\"width:135px\"><iframe src=\"\/\/www.facebook.com\/plugins\/like.php?href=https%3A%2F%2Fwww.caritasne2.org.br%2Fsite%2Fcaritas-ne2-promove-oficina-de-economia-solidaria-no-rio-grande-do-norte-para-fortalecimento-de-empreendimentos-locais%2F&amp;layout=button_count&amp;action=like&amp;show_faces=false&amp;share=true&amp;width=135&amp;height=21&amp;appId=307091639398582\" scrolling=\"no\" frameborder=\"0\" style=\"border:none; overflow:hidden;  width:150px; height:21px;\" allowTransparency=\"true\"><\/iframe><\/li><li class=\"twtr\" style=\"width:90px\"><a href=\"https:\/\/twitter.com\/share\" class=\"twitter-share-button\" data-url=\"https:\/\/www.caritasne2.org.br\/site\/caritas-ne2-promove-oficina-de-economia-solidaria-no-rio-grande-do-norte-para-fortalecimento-de-empreendimentos-locais\/\">&nbsp;<\/a><script>!function(d,s,id){var js,fjs=d.getElementsByTagName(s)[0],p=\/^http:\/.test(d.location)?'http':'https';if(!d.getElementById(id)){js=d.createElement(s);js.id=id;js.src=p+':\/\/platform.twitter.com\/widgets.js';fjs.parentNode.insertBefore(js,fjs);}}(document, 'script', 'twitter-wjs');<\/script><\/li><li class=\"gplus\" style=\"width:68px\"><div class=\"g-plusone\" data-size=\"medium\" data-href=\"https:\/\/www.caritasne2.org.br\/site\/caritas-ne2-promove-oficina-de-economia-solidaria-no-rio-grande-do-norte-para-fortalecimento-de-empreendimentos-locais\/\"><\/div><\/li><li class=\"ssb_linkedin\" style=\"width:64px\"><script src=\"\/\/platform.linkedin.com\/in.js\" type=\"text\/javascript\">lang: en_US<\/script><script type=\"IN\/Share\" data-url=\"https:\/\/www.caritasne2.org.br\/site\/caritas-ne2-promove-oficina-de-economia-solidaria-no-rio-grande-do-norte-para-fortalecimento-de-empreendimentos-locais\/\" data-counter=\"right\"><\/script><\/li><\/ul>","protected":false},"author":4,"featured_media":10880,"comment_status":"open","ping_status":"open","sticky":false,"template":"","format":"standard","meta":[],"categories":[21,20],"tags":[],"_links":{"self":[{"href":"https:\/\/www.caritasne2.org.br\/site\/wp-json\/wp\/v2\/posts\/10878"}],"collection":[{"href":"https:\/\/www.caritasne2.org.br\/site\/wp-json\/wp\/v2\/posts"}],"about":[{"href":"https:\/\/www.caritasne2.org.br\/site\/wp-json\/wp\/v2\/types\/post"}],"author":[{"embeddable":true,"href":"https:\/\/www.caritasne2.org.br\/site\/wp-json\/wp\/v2\/users\/4"}],"replies":[{"embeddable":true,"href":"https:\/\/www.caritasne2.org.br\/site\/wp-json\/wp\/v2\/comments?post=10878"}],"version-history":[{"count":2,"href":"https:\/\/www.caritasne2.org.br\/site\/wp-json\/wp\/v2\/posts\/10878\/revisions"}],"predecessor-version":[{"id":10883,"href":"https:\/\/www.caritasne2.org.br\/site\/wp-json\/wp\/v2\/posts\/10878\/revisions\/10883"}],"wp:featuredmedia":[{"embeddable":true,"href":"https:\/\/www.caritasne2.org.br\/site\/wp-json\/wp\/v2\/media\/10880"}],"wp:attachment":[{"href":"https:\/\/www.caritasne2.org.br\/site\/wp-json\/wp\/v2\/media?parent=10878"}],"wp:term":[{"taxonomy":"category","embeddable":true,"href":"https:\/\/www.caritasne2.org.br\/site\/wp-json\/wp\/v2\/categories?post=10878"},{"taxonomy":"post_tag","embeddable":true,"href":"https:\/\/www.caritasne2.org.br\/site\/wp-json\/wp\/v2\/tags?post=10878"}],"curies":[{"name":"wp","href":"https:\/\/api.w.org\/{rel}","templated":true}]}}