{"id":10868,"date":"2023-05-05T09:02:26","date_gmt":"2023-05-05T12:02:26","guid":{"rendered":"https:\/\/www.caritasne2.org.br\/site\/?p=10868"},"modified":"2023-05-05T09:02:26","modified_gmt":"2023-05-05T12:02:26","slug":"projeto-aguas-para-educar-promove-educacao-ambiental-nas-escolas-a-partir-de-implementacao-de-tecnologias-sociais","status":"publish","type":"post","link":"https:\/\/www.caritasne2.org.br\/site\/projeto-aguas-para-educar-promove-educacao-ambiental-nas-escolas-a-partir-de-implementacao-de-tecnologias-sociais\/","title":{"rendered":"Projeto \u00c1guas para Educar promove educa\u00e7\u00e3o ambiental nas escolas a partir de implementa\u00e7\u00e3o de tecnologias sociais"},"content":{"rendered":"<p style=\"text-align: center;\"><em>\u201cA realidade pode mudar, o homem pode mudar. Procurem ser voc\u00eas os primeiros a praticar o bem, a n\u00e3o se acostumarem com o mal e sim venc\u00ea-lo\u201d Papa Francisco<\/em><\/p>\n<p>&nbsp;<\/p>\n<p style=\"text-align: justify;\">Em visitas a escolas municipais na Para\u00edba visando implementa\u00e7\u00f5es de ecotecnologias sociais no estado, representantes da A\u00e7\u00e3o Social Arquidiocesana da Para\u00edba (ASA ArquiPB), C\u00e1ritas Brasileira NE2 e gestores escolares se reuniram para dialogar.<\/p>\n<p style=\"text-align: justify;\">A implementa\u00e7\u00e3o faz parte do Projeto \u00c1guas para Educar, parceria da C\u00e1ritas Brasileira NE2 com a Coca Cola e busca promover a import\u00e2ncia da agroecologia a partir de pr\u00e1ticas de educa\u00e7\u00e3o ambiental e implementa\u00e7\u00e3o de cisternas nas escolas, assim como, envolver os alunos e gestores escolares em atividades que promovam a constru\u00e7\u00e3o e melhoria da sociedade do Bem Viver e o cuidado com a Casa Comum.<\/p>\n<p style=\"text-align: justify;\">Em fase anterior, no ano de 2021, o Projeto \u00c1guas para Educar teve execu\u00e7\u00e3o nos estados de Pernambuco, Para\u00edba e Rio Grande do Norte, atendendo ao todo, 15 escolas rurais com estimativa de atender diretamente mais de 4.000 estudantes, e mais 300 pessoas que comp\u00f5em a comunidade escolar como professores e funcion\u00e1rios.\u00a0 As atividades nos estados foram executadas pelas entidades membro que integram a CBNE2 em Pernambuco, pela C\u00e1ritas Diocesana de Pesqueira; na Para\u00edba, pela C\u00e1ritas Diocesana de Guarabira; no Rio Grande do Norte pela C\u00e1ritas Diocesana de Caic\u00f3.<\/p>\n<p><img decoding=\"async\" loading=\"lazy\" class=\"alignnone  wp-image-10869\" src=\"https:\/\/www.caritasne2.org.br\/site\/wp-content\/uploads\/2023\/05\/WhatsApp-Image-2023-05-05-at-08.16.22-300x142.jpeg\" alt=\"\" width=\"624\" height=\"295\" srcset=\"https:\/\/www.caritasne2.org.br\/site\/wp-content\/uploads\/2023\/05\/WhatsApp-Image-2023-05-05-at-08.16.22-300x142.jpeg 300w, https:\/\/www.caritasne2.org.br\/site\/wp-content\/uploads\/2023\/05\/WhatsApp-Image-2023-05-05-at-08.16.22-1024x484.jpeg 1024w, https:\/\/www.caritasne2.org.br\/site\/wp-content\/uploads\/2023\/05\/WhatsApp-Image-2023-05-05-at-08.16.22-768x363.jpeg 768w, https:\/\/www.caritasne2.org.br\/site\/wp-content\/uploads\/2023\/05\/WhatsApp-Image-2023-05-05-at-08.16.22-1536x727.jpeg 1536w, https:\/\/www.caritasne2.org.br\/site\/wp-content\/uploads\/2023\/05\/WhatsApp-Image-2023-05-05-at-08.16.22.jpeg 1600w\" sizes=\"(max-width: 624px) 100vw, 624px\" \/><\/p>\n<p><img decoding=\"async\" loading=\"lazy\" class=\"alignnone  wp-image-10870\" src=\"https:\/\/www.caritasne2.org.br\/site\/wp-content\/uploads\/2023\/05\/WhatsApp-Image-2023-05-05-at-08.16.20-225x300.jpeg\" alt=\"\" width=\"543\" height=\"724\" srcset=\"https:\/\/www.caritasne2.org.br\/site\/wp-content\/uploads\/2023\/05\/WhatsApp-Image-2023-05-05-at-08.16.20-225x300.jpeg 225w, https:\/\/www.caritasne2.org.br\/site\/wp-content\/uploads\/2023\/05\/WhatsApp-Image-2023-05-05-at-08.16.20-768x1024.jpeg 768w, https:\/\/www.caritasne2.org.br\/site\/wp-content\/uploads\/2023\/05\/WhatsApp-Image-2023-05-05-at-08.16.20-1152x1536.jpeg 1152w, https:\/\/www.caritasne2.org.br\/site\/wp-content\/uploads\/2023\/05\/WhatsApp-Image-2023-05-05-at-08.16.20.jpeg 1200w\" sizes=\"(max-width: 543px) 100vw, 543px\" \/><\/p>\n<p><img decoding=\"async\" loading=\"lazy\" class=\"alignnone  wp-image-10871\" src=\"https:\/\/www.caritasne2.org.br\/site\/wp-content\/uploads\/2023\/05\/WhatsApp-Image-2023-05-05-at-08.16.21-300x142.jpeg\" alt=\"\" width=\"575\" height=\"272\" srcset=\"https:\/\/www.caritasne2.org.br\/site\/wp-content\/uploads\/2023\/05\/WhatsApp-Image-2023-05-05-at-08.16.21-300x142.jpeg 300w, https:\/\/www.caritasne2.org.br\/site\/wp-content\/uploads\/2023\/05\/WhatsApp-Image-2023-05-05-at-08.16.21-1024x484.jpeg 1024w, https:\/\/www.caritasne2.org.br\/site\/wp-content\/uploads\/2023\/05\/WhatsApp-Image-2023-05-05-at-08.16.21-768x363.jpeg 768w, https:\/\/www.caritasne2.org.br\/site\/wp-content\/uploads\/2023\/05\/WhatsApp-Image-2023-05-05-at-08.16.21-1536x727.jpeg 1536w, https:\/\/www.caritasne2.org.br\/site\/wp-content\/uploads\/2023\/05\/WhatsApp-Image-2023-05-05-at-08.16.21.jpeg 1600w\" sizes=\"(max-width: 575px) 100vw, 575px\" \/><\/p>\n<p>&nbsp;<\/p>\n<ul class=\"ssb_list_wrapper\"><li class=\"fb2\" style=\"width:135px\"><iframe src=\"\/\/www.facebook.com\/plugins\/like.php?href=https%3A%2F%2Fwww.caritasne2.org.br%2Fsite%2Fprojeto-aguas-para-educar-promove-educacao-ambiental-nas-escolas-a-partir-de-implementacao-de-tecnologias-sociais%2F&amp;layout=button_count&amp;action=like&amp;show_faces=false&amp;share=true&amp;width=135&amp;height=21&amp;appId=307091639398582\" scrolling=\"no\" frameborder=\"0\" style=\"border:none; overflow:hidden;  width:150px; height:21px;\" allowTransparency=\"true\"><\/iframe><\/li><li class=\"twtr\" style=\"width:90px\"><a href=\"https:\/\/twitter.com\/share\" class=\"twitter-share-button\" data-url=\"https:\/\/www.caritasne2.org.br\/site\/projeto-aguas-para-educar-promove-educacao-ambiental-nas-escolas-a-partir-de-implementacao-de-tecnologias-sociais\/\">&nbsp;<\/a><script>!function(d,s,id){var js,fjs=d.getElementsByTagName(s)[0],p=\/^http:\/.test(d.location)?'http':'https';if(!d.getElementById(id)){js=d.createElement(s);js.id=id;js.src=p+':\/\/platform.twitter.com\/widgets.js';fjs.parentNode.insertBefore(js,fjs);}}(document, 'script', 'twitter-wjs');<\/script><\/li><li class=\"gplus\" style=\"width:68px\"><div class=\"g-plusone\" data-size=\"medium\" data-href=\"https:\/\/www.caritasne2.org.br\/site\/projeto-aguas-para-educar-promove-educacao-ambiental-nas-escolas-a-partir-de-implementacao-de-tecnologias-sociais\/\"><\/div><\/li><li class=\"ssb_linkedin\" style=\"width:64px\"><script src=\"\/\/platform.linkedin.com\/in.js\" type=\"text\/javascript\">lang: en_US<\/script><script type=\"IN\/Share\" data-url=\"https:\/\/www.caritasne2.org.br\/site\/projeto-aguas-para-educar-promove-educacao-ambiental-nas-escolas-a-partir-de-implementacao-de-tecnologias-sociais\/\" data-counter=\"right\"><\/script><\/li><\/ul>","protected":false},"excerpt":{"rendered":"<p>\u201cA realidade pode mudar, o homem pode mudar. Procurem ser voc\u00eas os primeiros a praticar o bem, a n\u00e3o se acostumarem com o mal e sim venc\u00ea-lo\u201d Papa Francisco &nbsp; Em visitas a escolas municipais na Para\u00edba visando implementa\u00e7\u00f5es de ecotecnologias sociais no estado, representantes da A\u00e7\u00e3o Social Arquidiocesana da Para\u00edba (ASA ArquiPB), C\u00e1ritas Brasileira NE2 e gestores escolares se reuniram para dialogar. A implementa\u00e7\u00e3o [&hellip;]<\/p>\n<ul class=\"ssb_list_wrapper\"><li class=\"fb2\" style=\"width:135px\"><iframe src=\"\/\/www.facebook.com\/plugins\/like.php?href=https%3A%2F%2Fwww.caritasne2.org.br%2Fsite%2Fprojeto-aguas-para-educar-promove-educacao-ambiental-nas-escolas-a-partir-de-implementacao-de-tecnologias-sociais%2F&amp;layout=button_count&amp;action=like&amp;show_faces=false&amp;share=true&amp;width=135&amp;height=21&amp;appId=307091639398582\" scrolling=\"no\" frameborder=\"0\" style=\"border:none; overflow:hidden;  width:150px; height:21px;\" allowTransparency=\"true\"><\/iframe><\/li><li class=\"twtr\" style=\"width:90px\"><a href=\"https:\/\/twitter.com\/share\" class=\"twitter-share-button\" data-url=\"https:\/\/www.caritasne2.org.br\/site\/projeto-aguas-para-educar-promove-educacao-ambiental-nas-escolas-a-partir-de-implementacao-de-tecnologias-sociais\/\">&nbsp;<\/a><script>!function(d,s,id){var js,fjs=d.getElementsByTagName(s)[0],p=\/^http:\/.test(d.location)?'http':'https';if(!d.getElementById(id)){js=d.createElement(s);js.id=id;js.src=p+':\/\/platform.twitter.com\/widgets.js';fjs.parentNode.insertBefore(js,fjs);}}(document, 'script', 'twitter-wjs');<\/script><\/li><li class=\"gplus\" style=\"width:68px\"><div class=\"g-plusone\" data-size=\"medium\" data-href=\"https:\/\/www.caritasne2.org.br\/site\/projeto-aguas-para-educar-promove-educacao-ambiental-nas-escolas-a-partir-de-implementacao-de-tecnologias-sociais\/\"><\/div><\/li><li class=\"ssb_linkedin\" style=\"width:64px\"><script src=\"\/\/platform.linkedin.com\/in.js\" type=\"text\/javascript\">lang: en_US<\/script><script type=\"IN\/Share\" data-url=\"https:\/\/www.caritasne2.org.br\/site\/projeto-aguas-para-educar-promove-educacao-ambiental-nas-escolas-a-partir-de-implementacao-de-tecnologias-sociais\/\" data-counter=\"right\"><\/script><\/li><\/ul>","protected":false},"author":4,"featured_media":10872,"comment_status":"open","ping_status":"open","sticky":false,"template":"","format":"standard","meta":[],"categories":[21,20],"tags":[],"_links":{"self":[{"href":"https:\/\/www.caritasne2.org.br\/site\/wp-json\/wp\/v2\/posts\/10868"}],"collection":[{"href":"https:\/\/www.caritasne2.org.br\/site\/wp-json\/wp\/v2\/posts"}],"about":[{"href":"https:\/\/www.caritasne2.org.br\/site\/wp-json\/wp\/v2\/types\/post"}],"author":[{"embeddable":true,"href":"https:\/\/www.caritasne2.org.br\/site\/wp-json\/wp\/v2\/users\/4"}],"replies":[{"embeddable":true,"href":"https:\/\/www.caritasne2.org.br\/site\/wp-json\/wp\/v2\/comments?post=10868"}],"version-history":[{"count":2,"href":"https:\/\/www.caritasne2.org.br\/site\/wp-json\/wp\/v2\/posts\/10868\/revisions"}],"predecessor-version":[{"id":10874,"href":"https:\/\/www.caritasne2.org.br\/site\/wp-json\/wp\/v2\/posts\/10868\/revisions\/10874"}],"wp:featuredmedia":[{"embeddable":true,"href":"https:\/\/www.caritasne2.org.br\/site\/wp-json\/wp\/v2\/media\/10872"}],"wp:attachment":[{"href":"https:\/\/www.caritasne2.org.br\/site\/wp-json\/wp\/v2\/media?parent=10868"}],"wp:term":[{"taxonomy":"category","embeddable":true,"href":"https:\/\/www.caritasne2.org.br\/site\/wp-json\/wp\/v2\/categories?post=10868"},{"taxonomy":"post_tag","embeddable":true,"href":"https:\/\/www.caritasne2.org.br\/site\/wp-json\/wp\/v2\/tags?post=10868"}],"curies":[{"name":"wp","href":"https:\/\/api.w.org\/{rel}","templated":true}]}}