{"id":1085,"date":"2013-06-19T14:24:08","date_gmt":"2013-06-19T17:24:08","guid":{"rendered":"http:\/\/ne2.caritas.org.br.s174889.gridserver.com\/?p=1085"},"modified":"2017-07-11T15:24:31","modified_gmt":"2017-07-11T18:24:31","slug":"caritas-participa-de-5a-conferencia-das-cidades-de-palmeira-dos-indios","status":"publish","type":"post","link":"https:\/\/www.caritasne2.org.br\/site\/caritas-participa-de-5a-conferencia-das-cidades-de-palmeira-dos-indios\/","title":{"rendered":"C\u00e1ritas participa de 5\u00aa Confer\u00eancia das Cidades de Palmeira dos \u00cdndios"},"content":{"rendered":"<p style=\"text-align: justify;\">A 5\u00aa Confer\u00eancia das Cidades de Palmeira dos \u00cdndios reuniu no Instituto Federal de Alagoas diversos setores da sociedade no dia 04 de junho. Na pauta foram discutidas solu\u00e7\u00f5es para as \u00e1reas de transporte e mobilidade urbana, saneamento, habita\u00e7\u00e3o e planejamento urbano.<\/p>\n<p style=\"text-align: justify;\">O tema do encontro \u00e9 <strong>\u201cQuem muda a cidade somos n\u00f3s: reforma urbana j\u00e1\u201d<\/strong>, que foi discutido por secret\u00e1rios municipais, vereadores, a popula\u00e7\u00e3o e\u00a0\u00a0organiza\u00e7\u00f5es n\u00e3o governamentais, entre elas a C\u00e1ritas Diocesana de Palmeira dos \u00cdndios.\u00a0<\/p>\n<p style=\"text-align: justify;\">Todo debate da Confer\u00eancia foi norteado por quatro eixos principais: Sistema Nacional de Desenvolvimento Urbano (SNDU); Fundo Nacional de Desenvolvimento Urbano (FNDU); Instrumentos e Pol\u00edticas de Integra\u00e7\u00e3o Intersetorial e Territorial; Pol\u00edticas de Incentivos \u00e0 Implanta\u00e7\u00e3o de Instrumentos de Promo\u00e7\u00e3o da Fun\u00e7\u00e3o Social da Propriedade.<\/p>\n<p style=\"text-align: justify;\">O Minist\u00e9rio das Cidades tem realizado desde 2003 uma s\u00e9rie de discuss\u00f5es sobre o problema do desenvolvimento desordenado das cidades. Com o objetivo de atuar no enfrentamento \u00e0 a\u00e7\u00e3o n\u00e3o planejada da \u00e1rea urbana, o Minist\u00e9rio conta com a participa\u00e7\u00e3o da popula\u00e7\u00e3o na indica\u00e7\u00e3o de proposi\u00e7\u00f5es e no controle social das implementa\u00e7\u00f5es que visem \u00e0 constru\u00e7\u00e3o de uma cidade que ofere\u00e7a melhores condi\u00e7\u00f5es de conviv\u00eancia e urbanidade.<\/p>\n<p style=\"text-align: justify;\">\u00a0<strong><span style=\"text-decoration: underline;\">Encaminhamentos:<\/span><\/strong> Da confer\u00eancia municipal sa\u00edram os nomes dos delegados que encaminhar\u00e3o as propostas para a etapa estadual que acontecer\u00e1 no m\u00eas de agosto. Na ocasi\u00e3o, tamb\u00e9m foram pontuadas algumas prioridades que dever\u00e3o ser trabalhadas pela gest\u00e3o municipal, como, por exemplo, a cria\u00e7\u00e3o do Conselho de Desenvolvimento Urbano.<\/p>\n<p style=\"text-align: justify;\">O articulador do Programa Inf\u00e2ncia, Adolesc\u00eancia e Juventude (PIAJ), Jefferson Souza, destacou a import\u00e2ncia da participa\u00e7\u00e3o da C\u00e1ritas na 5\u00aa Confer\u00eancia. \u201c\u00c9 muito importante contribuir nas discuss\u00f5es, sobretudo no sentido de possibilitar para as crian\u00e7as e adolescentes condi\u00e7\u00f5es dignas para o desenvolvimento social, intelectual e humano\u201d, disse.<\/p>\n<p style=\"text-align: justify;\">As a\u00e7\u00f5es do PIAJ s\u00e3o desenvolvidas pela C\u00e1ritas Diocesana de Palmeira dos \u00cdndios, atrav\u00e9s de uma parceira com a C\u00e1ritas Brasileira Regional NE2.<\/p>\n<p style=\"text-align: justify;\"><em>Por\u00a0Jefferson Souza &#8211; pedagogo e articulador do PIAJ em Palmeira dos \u00cdndios\/AL.<\/em><\/p>\n<ul class=\"ssb_list_wrapper\"><li class=\"fb2\" style=\"width:135px\"><iframe src=\"\/\/www.facebook.com\/plugins\/like.php?href=https%3A%2F%2Fwww.caritasne2.org.br%2Fsite%2Fcaritas-participa-de-5a-conferencia-das-cidades-de-palmeira-dos-indios%2F&amp;layout=button_count&amp;action=like&amp;show_faces=false&amp;share=true&amp;width=135&amp;height=21&amp;appId=307091639398582\" scrolling=\"no\" frameborder=\"0\" style=\"border:none; overflow:hidden;  width:150px; height:21px;\" allowTransparency=\"true\"><\/iframe><\/li><li class=\"twtr\" style=\"width:90px\"><a href=\"https:\/\/twitter.com\/share\" class=\"twitter-share-button\" data-url=\"https:\/\/www.caritasne2.org.br\/site\/caritas-participa-de-5a-conferencia-das-cidades-de-palmeira-dos-indios\/\">&nbsp;<\/a><script>!function(d,s,id){var js,fjs=d.getElementsByTagName(s)[0],p=\/^http:\/.test(d.location)?'http':'https';if(!d.getElementById(id)){js=d.createElement(s);js.id=id;js.src=p+':\/\/platform.twitter.com\/widgets.js';fjs.parentNode.insertBefore(js,fjs);}}(document, 'script', 'twitter-wjs');<\/script><\/li><li class=\"gplus\" style=\"width:68px\"><div class=\"g-plusone\" data-size=\"medium\" data-href=\"https:\/\/www.caritasne2.org.br\/site\/caritas-participa-de-5a-conferencia-das-cidades-de-palmeira-dos-indios\/\"><\/div><\/li><li class=\"ssb_linkedin\" style=\"width:64px\"><script src=\"\/\/platform.linkedin.com\/in.js\" type=\"text\/javascript\">lang: en_US<\/script><script type=\"IN\/Share\" data-url=\"https:\/\/www.caritasne2.org.br\/site\/caritas-participa-de-5a-conferencia-das-cidades-de-palmeira-dos-indios\/\" data-counter=\"right\"><\/script><\/li><\/ul>","protected":false},"excerpt":{"rendered":"<p>A 5\u00aa Confer\u00eancia das Cidades de Palmeira dos \u00cdndios reuniu no Instituto Federal de Alagoas diversos setores da sociedade no dia 04 de junho. Na pauta foram discutidas solu\u00e7\u00f5es para as \u00e1reas de transporte e mobilidade urbana, saneamento, habita\u00e7\u00e3o e planejamento urbano. O tema do encontro \u00e9 \u201cQuem muda a cidade somos n\u00f3s: reforma urbana j\u00e1\u201d, que foi discutido por secret\u00e1rios municipais, vereadores, a popula\u00e7\u00e3o [&hellip;]<\/p>\n<ul class=\"ssb_list_wrapper\"><li class=\"fb2\" style=\"width:135px\"><iframe src=\"\/\/www.facebook.com\/plugins\/like.php?href=https%3A%2F%2Fwww.caritasne2.org.br%2Fsite%2Fcaritas-participa-de-5a-conferencia-das-cidades-de-palmeira-dos-indios%2F&amp;layout=button_count&amp;action=like&amp;show_faces=false&amp;share=true&amp;width=135&amp;height=21&amp;appId=307091639398582\" scrolling=\"no\" frameborder=\"0\" style=\"border:none; overflow:hidden;  width:150px; height:21px;\" allowTransparency=\"true\"><\/iframe><\/li><li class=\"twtr\" style=\"width:90px\"><a href=\"https:\/\/twitter.com\/share\" class=\"twitter-share-button\" data-url=\"https:\/\/www.caritasne2.org.br\/site\/caritas-participa-de-5a-conferencia-das-cidades-de-palmeira-dos-indios\/\">&nbsp;<\/a><script>!function(d,s,id){var js,fjs=d.getElementsByTagName(s)[0],p=\/^http:\/.test(d.location)?'http':'https';if(!d.getElementById(id)){js=d.createElement(s);js.id=id;js.src=p+':\/\/platform.twitter.com\/widgets.js';fjs.parentNode.insertBefore(js,fjs);}}(document, 'script', 'twitter-wjs');<\/script><\/li><li class=\"gplus\" style=\"width:68px\"><div class=\"g-plusone\" data-size=\"medium\" data-href=\"https:\/\/www.caritasne2.org.br\/site\/caritas-participa-de-5a-conferencia-das-cidades-de-palmeira-dos-indios\/\"><\/div><\/li><li class=\"ssb_linkedin\" style=\"width:64px\"><script src=\"\/\/platform.linkedin.com\/in.js\" type=\"text\/javascript\">lang: en_US<\/script><script type=\"IN\/Share\" data-url=\"https:\/\/www.caritasne2.org.br\/site\/caritas-participa-de-5a-conferencia-das-cidades-de-palmeira-dos-indios\/\" data-counter=\"right\"><\/script><\/li><\/ul>","protected":false},"author":4,"featured_media":1086,"comment_status":"open","ping_status":"open","sticky":false,"template":"","format":"standard","meta":[],"categories":[20],"tags":[233,195,67,215,216],"_links":{"self":[{"href":"https:\/\/www.caritasne2.org.br\/site\/wp-json\/wp\/v2\/posts\/1085"}],"collection":[{"href":"https:\/\/www.caritasne2.org.br\/site\/wp-json\/wp\/v2\/posts"}],"about":[{"href":"https:\/\/www.caritasne2.org.br\/site\/wp-json\/wp\/v2\/types\/post"}],"author":[{"embeddable":true,"href":"https:\/\/www.caritasne2.org.br\/site\/wp-json\/wp\/v2\/users\/4"}],"replies":[{"embeddable":true,"href":"https:\/\/www.caritasne2.org.br\/site\/wp-json\/wp\/v2\/comments?post=1085"}],"version-history":[{"count":0,"href":"https:\/\/www.caritasne2.org.br\/site\/wp-json\/wp\/v2\/posts\/1085\/revisions"}],"wp:featuredmedia":[{"embeddable":true,"href":"https:\/\/www.caritasne2.org.br\/site\/wp-json\/wp\/v2\/media\/1086"}],"wp:attachment":[{"href":"https:\/\/www.caritasne2.org.br\/site\/wp-json\/wp\/v2\/media?parent=1085"}],"wp:term":[{"taxonomy":"category","embeddable":true,"href":"https:\/\/www.caritasne2.org.br\/site\/wp-json\/wp\/v2\/categories?post=1085"},{"taxonomy":"post_tag","embeddable":true,"href":"https:\/\/www.caritasne2.org.br\/site\/wp-json\/wp\/v2\/tags?post=1085"}],"curies":[{"name":"wp","href":"https:\/\/api.w.org\/{rel}","templated":true}]}}