{"id":10797,"date":"2023-04-10T16:26:45","date_gmt":"2023-04-10T19:26:45","guid":{"rendered":"https:\/\/www.caritasne2.org.br\/site\/?p=10797"},"modified":"2023-04-10T16:26:45","modified_gmt":"2023-04-10T19:26:45","slug":"selecionadosas-do-edital-de-selecao-para-consultor-tecnico-em-plano-de-negocios","status":"publish","type":"post","link":"https:\/\/www.caritasne2.org.br\/site\/selecionadosas-do-edital-de-selecao-para-consultor-tecnico-em-plano-de-negocios\/","title":{"rendered":"Selecionados(as) do edital de sele\u00e7\u00e3o para Consultor t\u00e9cnico em plano de neg\u00f3cios"},"content":{"rendered":"<p>A C\u00e1ritas Brasileira Regional Nordeste 2, organismo da Confer\u00eancia Nacional dos Bispos do Brasil (CNBB), com atua\u00e7\u00e3o nos Estados de Alagoas, Para\u00edba, Pernambuco e Rio Grande do Norte, torna p\u00fablico resultado para o processo de entrevistas para o edital N\u00ba 002\/2023 para contrata\u00e7\u00e3o de 1 (um) consultor t\u00e9cnico em plano de neg\u00f3cios.<\/p>\n<ul>\n<li>Claudia Maria de Lima<\/li>\n<li>Laura Daniela Muhana Porporato<\/li>\n<li>Odilon Sergio de Souza Lima<\/li>\n<\/ul>\n<p>A etapa de entrevista acontece no dia 11 de abril de 2023.<\/p>\n<p>Comiss\u00e3o de Sele\u00e7\u00e3o<\/p>\n<p>&nbsp;<\/p>\n<ul class=\"ssb_list_wrapper\"><li class=\"fb2\" style=\"width:135px\"><iframe src=\"\/\/www.facebook.com\/plugins\/like.php?href=https%3A%2F%2Fwww.caritasne2.org.br%2Fsite%2Fselecionadosas-do-edital-de-selecao-para-consultor-tecnico-em-plano-de-negocios%2F&amp;layout=button_count&amp;action=like&amp;show_faces=false&amp;share=true&amp;width=135&amp;height=21&amp;appId=307091639398582\" scrolling=\"no\" frameborder=\"0\" style=\"border:none; overflow:hidden;  width:150px; height:21px;\" allowTransparency=\"true\"><\/iframe><\/li><li class=\"twtr\" style=\"width:90px\"><a href=\"https:\/\/twitter.com\/share\" class=\"twitter-share-button\" data-url=\"https:\/\/www.caritasne2.org.br\/site\/selecionadosas-do-edital-de-selecao-para-consultor-tecnico-em-plano-de-negocios\/\">&nbsp;<\/a><script>!function(d,s,id){var js,fjs=d.getElementsByTagName(s)[0],p=\/^http:\/.test(d.location)?'http':'https';if(!d.getElementById(id)){js=d.createElement(s);js.id=id;js.src=p+':\/\/platform.twitter.com\/widgets.js';fjs.parentNode.insertBefore(js,fjs);}}(document, 'script', 'twitter-wjs');<\/script><\/li><li class=\"gplus\" style=\"width:68px\"><div class=\"g-plusone\" data-size=\"medium\" data-href=\"https:\/\/www.caritasne2.org.br\/site\/selecionadosas-do-edital-de-selecao-para-consultor-tecnico-em-plano-de-negocios\/\"><\/div><\/li><li class=\"ssb_linkedin\" style=\"width:64px\"><script src=\"\/\/platform.linkedin.com\/in.js\" type=\"text\/javascript\">lang: en_US<\/script><script type=\"IN\/Share\" data-url=\"https:\/\/www.caritasne2.org.br\/site\/selecionadosas-do-edital-de-selecao-para-consultor-tecnico-em-plano-de-negocios\/\" data-counter=\"right\"><\/script><\/li><\/ul>","protected":false},"excerpt":{"rendered":"<p>A C\u00e1ritas Brasileira Regional Nordeste 2, organismo da Confer\u00eancia Nacional dos Bispos do Brasil (CNBB), com atua\u00e7\u00e3o nos Estados de Alagoas, Para\u00edba, Pernambuco e Rio Grande do Norte, torna p\u00fablico resultado para o processo de entrevistas para o edital N\u00ba 002\/2023 para contrata\u00e7\u00e3o de 1 (um) consultor t\u00e9cnico em plano de neg\u00f3cios. Claudia Maria de Lima Laura Daniela Muhana Porporato Odilon Sergio de Souza Lima [&hellip;]<\/p>\n<ul class=\"ssb_list_wrapper\"><li class=\"fb2\" style=\"width:135px\"><iframe src=\"\/\/www.facebook.com\/plugins\/like.php?href=https%3A%2F%2Fwww.caritasne2.org.br%2Fsite%2Fselecionadosas-do-edital-de-selecao-para-consultor-tecnico-em-plano-de-negocios%2F&amp;layout=button_count&amp;action=like&amp;show_faces=false&amp;share=true&amp;width=135&amp;height=21&amp;appId=307091639398582\" scrolling=\"no\" frameborder=\"0\" style=\"border:none; overflow:hidden;  width:150px; height:21px;\" allowTransparency=\"true\"><\/iframe><\/li><li class=\"twtr\" style=\"width:90px\"><a href=\"https:\/\/twitter.com\/share\" class=\"twitter-share-button\" data-url=\"https:\/\/www.caritasne2.org.br\/site\/selecionadosas-do-edital-de-selecao-para-consultor-tecnico-em-plano-de-negocios\/\">&nbsp;<\/a><script>!function(d,s,id){var js,fjs=d.getElementsByTagName(s)[0],p=\/^http:\/.test(d.location)?'http':'https';if(!d.getElementById(id)){js=d.createElement(s);js.id=id;js.src=p+':\/\/platform.twitter.com\/widgets.js';fjs.parentNode.insertBefore(js,fjs);}}(document, 'script', 'twitter-wjs');<\/script><\/li><li class=\"gplus\" style=\"width:68px\"><div class=\"g-plusone\" data-size=\"medium\" data-href=\"https:\/\/www.caritasne2.org.br\/site\/selecionadosas-do-edital-de-selecao-para-consultor-tecnico-em-plano-de-negocios\/\"><\/div><\/li><li class=\"ssb_linkedin\" style=\"width:64px\"><script src=\"\/\/platform.linkedin.com\/in.js\" type=\"text\/javascript\">lang: en_US<\/script><script type=\"IN\/Share\" data-url=\"https:\/\/www.caritasne2.org.br\/site\/selecionadosas-do-edital-de-selecao-para-consultor-tecnico-em-plano-de-negocios\/\" data-counter=\"right\"><\/script><\/li><\/ul>","protected":false},"author":4,"featured_media":10798,"comment_status":"open","ping_status":"open","sticky":false,"template":"","format":"standard","meta":[],"categories":[21,20],"tags":[],"_links":{"self":[{"href":"https:\/\/www.caritasne2.org.br\/site\/wp-json\/wp\/v2\/posts\/10797"}],"collection":[{"href":"https:\/\/www.caritasne2.org.br\/site\/wp-json\/wp\/v2\/posts"}],"about":[{"href":"https:\/\/www.caritasne2.org.br\/site\/wp-json\/wp\/v2\/types\/post"}],"author":[{"embeddable":true,"href":"https:\/\/www.caritasne2.org.br\/site\/wp-json\/wp\/v2\/users\/4"}],"replies":[{"embeddable":true,"href":"https:\/\/www.caritasne2.org.br\/site\/wp-json\/wp\/v2\/comments?post=10797"}],"version-history":[{"count":2,"href":"https:\/\/www.caritasne2.org.br\/site\/wp-json\/wp\/v2\/posts\/10797\/revisions"}],"predecessor-version":[{"id":10800,"href":"https:\/\/www.caritasne2.org.br\/site\/wp-json\/wp\/v2\/posts\/10797\/revisions\/10800"}],"wp:featuredmedia":[{"embeddable":true,"href":"https:\/\/www.caritasne2.org.br\/site\/wp-json\/wp\/v2\/media\/10798"}],"wp:attachment":[{"href":"https:\/\/www.caritasne2.org.br\/site\/wp-json\/wp\/v2\/media?parent=10797"}],"wp:term":[{"taxonomy":"category","embeddable":true,"href":"https:\/\/www.caritasne2.org.br\/site\/wp-json\/wp\/v2\/categories?post=10797"},{"taxonomy":"post_tag","embeddable":true,"href":"https:\/\/www.caritasne2.org.br\/site\/wp-json\/wp\/v2\/tags?post=10797"}],"curies":[{"name":"wp","href":"https:\/\/api.w.org\/{rel}","templated":true}]}}