{"id":10769,"date":"2023-03-29T16:02:17","date_gmt":"2023-03-29T19:02:17","guid":{"rendered":"https:\/\/www.caritasne2.org.br\/site\/?p=10769"},"modified":"2023-03-29T16:02:17","modified_gmt":"2023-03-29T19:02:17","slug":"mais-de-6-mil-familias-sao-contempladas-com-distribuicao-de-vale-gas-nos-estados-de-alagoas-e-paraiba","status":"publish","type":"post","link":"https:\/\/www.caritasne2.org.br\/site\/mais-de-6-mil-familias-sao-contempladas-com-distribuicao-de-vale-gas-nos-estados-de-alagoas-e-paraiba\/","title":{"rendered":"Mais de 6 mil fam\u00edlias s\u00e3o contempladas com distribui\u00e7\u00e3o de vale g\u00e1s nos estados de Alagoas e Para\u00edba"},"content":{"rendered":"<p>Uma a\u00e7\u00e3o social intitulada G\u00e1s Para Todos, parceria da C\u00e1ritas Brasileira NE2 ( CBNE2) e a ONG A\u00e7\u00e3o da Cidadania est\u00e1 possibilitando a distribui\u00e7\u00e3o de vale g\u00e1s para diversas fam\u00edlias. A C\u00e1ritas Diocesana de Guarabira (PB), A\u00e7\u00e3o Social de Jo\u00e3o Pessoa (PB), C\u00e1ritas Diocesana de Campina Grande (PB), A\u00e7\u00e3o Social Diocesana de Patos (ASDPPB), A\u00e7\u00e3o Social Diocesana de Cajazeiras (PB), C\u00e1ritas Arquidiocesana de Macei\u00f3 (AL) e C\u00e1ritas Diocesana de Palmeira dos \u00cdndios (AL), entidades-membro da CBNE2 est\u00e3o realizando entrega de mais de 6.000 vale g\u00e1s para fam\u00edlias em situa\u00e7\u00e3o de vulnerabilidade social em 41 munic\u00edpios nos estados de Alagoas e Para\u00edba.<\/p>\n<p>A iniciativa integra as a\u00e7\u00f5es da \u00e1rea de atua\u00e7\u00e3o Meio Ambiente Gest\u00e3o de Riscos e Emerg\u00eancias (MAGRE) da C\u00e1ritas Brasileira NE2 e est\u00e1 contemplando 3.574 para fam\u00edlias no estado de Alagoas e 2.790 na Para\u00edba, o que significa a possibilidade de comida na mesa dessas fam\u00edlias.<\/p>\n<p>As entregas refor\u00e7am o compromisso no combate \u00e0 fome, inseguran\u00e7a alimentar e nutricional para a popula\u00e7\u00e3o mais necessitada. Na Diocese de Guarabira, a C\u00e1ritas Diocesana de Guarabira realizou a entrega em 10 munic\u00edpios o que correspondeu a 551 fam\u00edlias atendidas.<\/p>\n<p>O projeto G\u00e1s para Todos \u00e9 uma parceria da institui\u00e7\u00e3o com a A\u00e7\u00e3o da Cidadania e contempla fam\u00edlias com renda menor que um sal\u00e1rio m\u00ednimo ou que est\u00e3o inscritas no Cadastro \u00danico, bem como, pessoas sem renda e que n\u00e3o recebem ou receberam outro benef\u00edcio de g\u00e1s.<\/p>\n<p>&nbsp;<\/p>\n<p><img decoding=\"async\" loading=\"lazy\" class=\"alignnone  wp-image-10771\" src=\"https:\/\/www.caritasne2.org.br\/site\/wp-content\/uploads\/2023\/03\/WhatsApp-Image-2022-08-29-at-18.39.21-4-300x225.jpeg\" alt=\"\" width=\"473\" height=\"355\" srcset=\"https:\/\/www.caritasne2.org.br\/site\/wp-content\/uploads\/2023\/03\/WhatsApp-Image-2022-08-29-at-18.39.21-4-300x225.jpeg 300w, https:\/\/www.caritasne2.org.br\/site\/wp-content\/uploads\/2023\/03\/WhatsApp-Image-2022-08-29-at-18.39.21-4-1024x768.jpeg 1024w, https:\/\/www.caritasne2.org.br\/site\/wp-content\/uploads\/2023\/03\/WhatsApp-Image-2022-08-29-at-18.39.21-4-768x576.jpeg 768w, https:\/\/www.caritasne2.org.br\/site\/wp-content\/uploads\/2023\/03\/WhatsApp-Image-2022-08-29-at-18.39.21-4-1536x1152.jpeg 1536w, https:\/\/www.caritasne2.org.br\/site\/wp-content\/uploads\/2023\/03\/WhatsApp-Image-2022-08-29-at-18.39.21-4.jpeg 1600w\" sizes=\"(max-width: 473px) 100vw, 473px\" \/> <img decoding=\"async\" loading=\"lazy\" class=\"alignnone  wp-image-10772\" src=\"https:\/\/www.caritasne2.org.br\/site\/wp-content\/uploads\/2023\/03\/WhatsApp-Image-2022-08-29-at-13.52.41-300x169.jpeg\" alt=\"\" width=\"476\" height=\"268\" srcset=\"https:\/\/www.caritasne2.org.br\/site\/wp-content\/uploads\/2023\/03\/WhatsApp-Image-2022-08-29-at-13.52.41-300x169.jpeg 300w, https:\/\/www.caritasne2.org.br\/site\/wp-content\/uploads\/2023\/03\/WhatsApp-Image-2022-08-29-at-13.52.41-1024x576.jpeg 1024w, https:\/\/www.caritasne2.org.br\/site\/wp-content\/uploads\/2023\/03\/WhatsApp-Image-2022-08-29-at-13.52.41-768x432.jpeg 768w, https:\/\/www.caritasne2.org.br\/site\/wp-content\/uploads\/2023\/03\/WhatsApp-Image-2022-08-29-at-13.52.41-1536x864.jpeg 1536w, https:\/\/www.caritasne2.org.br\/site\/wp-content\/uploads\/2023\/03\/WhatsApp-Image-2022-08-29-at-13.52.41-588x330.jpeg 588w, https:\/\/www.caritasne2.org.br\/site\/wp-content\/uploads\/2023\/03\/WhatsApp-Image-2022-08-29-at-13.52.41.jpeg 1600w\" sizes=\"(max-width: 476px) 100vw, 476px\" \/> <img decoding=\"async\" loading=\"lazy\" class=\"alignnone  wp-image-10773\" src=\"https:\/\/www.caritasne2.org.br\/site\/wp-content\/uploads\/2023\/03\/WhatsApp-Image-2022-08-29-at-13.52.40-300x169.jpeg\" alt=\"\" width=\"475\" height=\"268\" srcset=\"https:\/\/www.caritasne2.org.br\/site\/wp-content\/uploads\/2023\/03\/WhatsApp-Image-2022-08-29-at-13.52.40-300x169.jpeg 300w, https:\/\/www.caritasne2.org.br\/site\/wp-content\/uploads\/2023\/03\/WhatsApp-Image-2022-08-29-at-13.52.40-1024x576.jpeg 1024w, https:\/\/www.caritasne2.org.br\/site\/wp-content\/uploads\/2023\/03\/WhatsApp-Image-2022-08-29-at-13.52.40-768x432.jpeg 768w, https:\/\/www.caritasne2.org.br\/site\/wp-content\/uploads\/2023\/03\/WhatsApp-Image-2022-08-29-at-13.52.40-1536x864.jpeg 1536w, https:\/\/www.caritasne2.org.br\/site\/wp-content\/uploads\/2023\/03\/WhatsApp-Image-2022-08-29-at-13.52.40-588x330.jpeg 588w, https:\/\/www.caritasne2.org.br\/site\/wp-content\/uploads\/2023\/03\/WhatsApp-Image-2022-08-29-at-13.52.40.jpeg 1600w\" sizes=\"(max-width: 475px) 100vw, 475px\" \/> <img decoding=\"async\" loading=\"lazy\" class=\"alignnone  wp-image-10774\" src=\"https:\/\/www.caritasne2.org.br\/site\/wp-content\/uploads\/2023\/03\/WhatsApp-Image-2023-03-23-at-16.22.48-300x225.jpeg\" alt=\"\" width=\"539\" height=\"405\" srcset=\"https:\/\/www.caritasne2.org.br\/site\/wp-content\/uploads\/2023\/03\/WhatsApp-Image-2023-03-23-at-16.22.48-300x225.jpeg 300w, https:\/\/www.caritasne2.org.br\/site\/wp-content\/uploads\/2023\/03\/WhatsApp-Image-2023-03-23-at-16.22.48-768x576.jpeg 768w, https:\/\/www.caritasne2.org.br\/site\/wp-content\/uploads\/2023\/03\/WhatsApp-Image-2023-03-23-at-16.22.48.jpeg 1024w\" sizes=\"(max-width: 539px) 100vw, 539px\" \/><\/p>\n<p><img decoding=\"async\" loading=\"lazy\" class=\"alignnone  wp-image-10775\" src=\"https:\/\/www.caritasne2.org.br\/site\/wp-content\/uploads\/2023\/03\/WhatsApp-Image-2023-03-23-at-16.22.47-2-225x300.jpeg\" alt=\"\" width=\"537\" height=\"716\" srcset=\"https:\/\/www.caritasne2.org.br\/site\/wp-content\/uploads\/2023\/03\/WhatsApp-Image-2023-03-23-at-16.22.47-2-225x300.jpeg 225w, https:\/\/www.caritasne2.org.br\/site\/wp-content\/uploads\/2023\/03\/WhatsApp-Image-2023-03-23-at-16.22.47-2.jpeg 768w\" sizes=\"(max-width: 537px) 100vw, 537px\" \/><\/p>\n<p><img decoding=\"async\" loading=\"lazy\" class=\"alignnone  wp-image-10776\" src=\"https:\/\/www.caritasne2.org.br\/site\/wp-content\/uploads\/2023\/03\/WhatsApp-Image-2023-03-23-at-16.22.47-226x300.jpeg\" alt=\"\" width=\"528\" height=\"701\" srcset=\"https:\/\/www.caritasne2.org.br\/site\/wp-content\/uploads\/2023\/03\/WhatsApp-Image-2023-03-23-at-16.22.47-226x300.jpeg 226w, https:\/\/www.caritasne2.org.br\/site\/wp-content\/uploads\/2023\/03\/WhatsApp-Image-2023-03-23-at-16.22.47-770x1024.jpeg 770w, https:\/\/www.caritasne2.org.br\/site\/wp-content\/uploads\/2023\/03\/WhatsApp-Image-2023-03-23-at-16.22.47.jpeg 872w\" sizes=\"(max-width: 528px) 100vw, 528px\" \/><\/p>\n<ul class=\"ssb_list_wrapper\"><li class=\"fb2\" style=\"width:135px\"><iframe src=\"\/\/www.facebook.com\/plugins\/like.php?href=https%3A%2F%2Fwww.caritasne2.org.br%2Fsite%2Fmais-de-6-mil-familias-sao-contempladas-com-distribuicao-de-vale-gas-nos-estados-de-alagoas-e-paraiba%2F&amp;layout=button_count&amp;action=like&amp;show_faces=false&amp;share=true&amp;width=135&amp;height=21&amp;appId=307091639398582\" scrolling=\"no\" frameborder=\"0\" style=\"border:none; overflow:hidden;  width:150px; height:21px;\" allowTransparency=\"true\"><\/iframe><\/li><li class=\"twtr\" style=\"width:90px\"><a href=\"https:\/\/twitter.com\/share\" class=\"twitter-share-button\" data-url=\"https:\/\/www.caritasne2.org.br\/site\/mais-de-6-mil-familias-sao-contempladas-com-distribuicao-de-vale-gas-nos-estados-de-alagoas-e-paraiba\/\">&nbsp;<\/a><script>!function(d,s,id){var js,fjs=d.getElementsByTagName(s)[0],p=\/^http:\/.test(d.location)?'http':'https';if(!d.getElementById(id)){js=d.createElement(s);js.id=id;js.src=p+':\/\/platform.twitter.com\/widgets.js';fjs.parentNode.insertBefore(js,fjs);}}(document, 'script', 'twitter-wjs');<\/script><\/li><li class=\"gplus\" style=\"width:68px\"><div class=\"g-plusone\" data-size=\"medium\" data-href=\"https:\/\/www.caritasne2.org.br\/site\/mais-de-6-mil-familias-sao-contempladas-com-distribuicao-de-vale-gas-nos-estados-de-alagoas-e-paraiba\/\"><\/div><\/li><li class=\"ssb_linkedin\" style=\"width:64px\"><script src=\"\/\/platform.linkedin.com\/in.js\" type=\"text\/javascript\">lang: en_US<\/script><script type=\"IN\/Share\" data-url=\"https:\/\/www.caritasne2.org.br\/site\/mais-de-6-mil-familias-sao-contempladas-com-distribuicao-de-vale-gas-nos-estados-de-alagoas-e-paraiba\/\" data-counter=\"right\"><\/script><\/li><\/ul>","protected":false},"excerpt":{"rendered":"<p>Uma a\u00e7\u00e3o social intitulada G\u00e1s Para Todos, parceria da C\u00e1ritas Brasileira NE2 ( CBNE2) e a ONG A\u00e7\u00e3o da Cidadania est\u00e1 possibilitando a distribui\u00e7\u00e3o de vale g\u00e1s para diversas fam\u00edlias. A C\u00e1ritas Diocesana de Guarabira (PB), A\u00e7\u00e3o Social de Jo\u00e3o Pessoa (PB), C\u00e1ritas Diocesana de Campina Grande (PB), A\u00e7\u00e3o Social Diocesana de Patos (ASDPPB), A\u00e7\u00e3o Social Diocesana de Cajazeiras (PB), C\u00e1ritas Arquidiocesana de Macei\u00f3 (AL) [&hellip;]<\/p>\n<ul class=\"ssb_list_wrapper\"><li class=\"fb2\" style=\"width:135px\"><iframe src=\"\/\/www.facebook.com\/plugins\/like.php?href=https%3A%2F%2Fwww.caritasne2.org.br%2Fsite%2Fmais-de-6-mil-familias-sao-contempladas-com-distribuicao-de-vale-gas-nos-estados-de-alagoas-e-paraiba%2F&amp;layout=button_count&amp;action=like&amp;show_faces=false&amp;share=true&amp;width=135&amp;height=21&amp;appId=307091639398582\" scrolling=\"no\" frameborder=\"0\" style=\"border:none; overflow:hidden;  width:150px; height:21px;\" allowTransparency=\"true\"><\/iframe><\/li><li class=\"twtr\" style=\"width:90px\"><a href=\"https:\/\/twitter.com\/share\" class=\"twitter-share-button\" data-url=\"https:\/\/www.caritasne2.org.br\/site\/mais-de-6-mil-familias-sao-contempladas-com-distribuicao-de-vale-gas-nos-estados-de-alagoas-e-paraiba\/\">&nbsp;<\/a><script>!function(d,s,id){var js,fjs=d.getElementsByTagName(s)[0],p=\/^http:\/.test(d.location)?'http':'https';if(!d.getElementById(id)){js=d.createElement(s);js.id=id;js.src=p+':\/\/platform.twitter.com\/widgets.js';fjs.parentNode.insertBefore(js,fjs);}}(document, 'script', 'twitter-wjs');<\/script><\/li><li class=\"gplus\" style=\"width:68px\"><div class=\"g-plusone\" data-size=\"medium\" data-href=\"https:\/\/www.caritasne2.org.br\/site\/mais-de-6-mil-familias-sao-contempladas-com-distribuicao-de-vale-gas-nos-estados-de-alagoas-e-paraiba\/\"><\/div><\/li><li class=\"ssb_linkedin\" style=\"width:64px\"><script src=\"\/\/platform.linkedin.com\/in.js\" type=\"text\/javascript\">lang: en_US<\/script><script type=\"IN\/Share\" data-url=\"https:\/\/www.caritasne2.org.br\/site\/mais-de-6-mil-familias-sao-contempladas-com-distribuicao-de-vale-gas-nos-estados-de-alagoas-e-paraiba\/\" data-counter=\"right\"><\/script><\/li><\/ul>","protected":false},"author":4,"featured_media":10770,"comment_status":"open","ping_status":"open","sticky":false,"template":"","format":"standard","meta":[],"categories":[21,20],"tags":[],"_links":{"self":[{"href":"https:\/\/www.caritasne2.org.br\/site\/wp-json\/wp\/v2\/posts\/10769"}],"collection":[{"href":"https:\/\/www.caritasne2.org.br\/site\/wp-json\/wp\/v2\/posts"}],"about":[{"href":"https:\/\/www.caritasne2.org.br\/site\/wp-json\/wp\/v2\/types\/post"}],"author":[{"embeddable":true,"href":"https:\/\/www.caritasne2.org.br\/site\/wp-json\/wp\/v2\/users\/4"}],"replies":[{"embeddable":true,"href":"https:\/\/www.caritasne2.org.br\/site\/wp-json\/wp\/v2\/comments?post=10769"}],"version-history":[{"count":1,"href":"https:\/\/www.caritasne2.org.br\/site\/wp-json\/wp\/v2\/posts\/10769\/revisions"}],"predecessor-version":[{"id":10778,"href":"https:\/\/www.caritasne2.org.br\/site\/wp-json\/wp\/v2\/posts\/10769\/revisions\/10778"}],"wp:featuredmedia":[{"embeddable":true,"href":"https:\/\/www.caritasne2.org.br\/site\/wp-json\/wp\/v2\/media\/10770"}],"wp:attachment":[{"href":"https:\/\/www.caritasne2.org.br\/site\/wp-json\/wp\/v2\/media?parent=10769"}],"wp:term":[{"taxonomy":"category","embeddable":true,"href":"https:\/\/www.caritasne2.org.br\/site\/wp-json\/wp\/v2\/categories?post=10769"},{"taxonomy":"post_tag","embeddable":true,"href":"https:\/\/www.caritasne2.org.br\/site\/wp-json\/wp\/v2\/tags?post=10769"}],"curies":[{"name":"wp","href":"https:\/\/api.w.org\/{rel}","templated":true}]}}